{"id":2025,"date":"2019-09-10T20:15:23","date_gmt":"2019-09-10T23:15:23","guid":{"rendered":"https:\/\/justicapotiguar.com.br\/?p=2025"},"modified":"2019-09-10T18:10:50","modified_gmt":"2019-09-10T21:10:50","slug":"juiz-federal-fabio-bezerra-lanca-livro-sobre-principio-da-responsabilidade","status":"publish","type":"post","link":"https:\/\/justicapotiguar.com.br\/index.php\/2019\/09\/10\/juiz-federal-fabio-bezerra-lanca-livro-sobre-principio-da-responsabilidade\/","title":{"rendered":"Juiz Federal F\u00e1bio Bezerra lan\u00e7a livro sobre Princ\u00edpio da Responsabilidade"},"content":{"rendered":"\n<p>Confirmado para o pr\u00f3ximo dia 19 (quinta-feira), \u00e0s 18h, o lan\u00e7amento do livro do Juiz Federal F\u00e1bio Luiz de Oliveira Bezerra. &#8220;Princ\u00edpio da Responsabilidade&#8221; \u00e9 a obra do magistrado, que traz a sua tese de doutorado defendida na Universidade de Coimbra.<\/p>\n\n\n\n<p>No livro, o Juiz Federal F\u00e1bio Bezerra analisa as conex\u00f5es entre responsabilidade pol\u00edtica, criminal, impreachment e improbidade administrativa.<\/p><div class=\"mroqg69f50d096268f\" ><!--<a href=\"https:\/\/bit.ly\/3QdrqTZ\" target=\"_blank\">\n<img src=\"https:\/\/justicapotiguar.com.br\/wp-content\/uploads\/2023\/09\/mobile-geral.gif\"\/><a\/>--><\/div><style type=\"text\/css\">\r\n.mroqg69f50d096268f {\r\ntext-align: center;\r\n}\r\n@media screen and (min-width: 1201px) {\r\n.mroqg69f50d096268f {\r\ndisplay: none;\r\n}\r\n}\r\n@media screen and (min-width: 993px) and (max-width: 1200px) {\r\n.mroqg69f50d096268f {\r\ndisplay: none;\r\n}\r\n}\r\n@media screen and (min-width: 769px) and (max-width: 992px) {\r\n.mroqg69f50d096268f {\r\ndisplay: none;\r\n}\r\n}\r\n@media screen and (min-width: 768px) and (max-width: 768px) {\r\n.mroqg69f50d096268f {\r\ndisplay: block;\r\n}\r\n}\r\n@media screen and (max-width: 767px) {\r\n.mroqg69f50d096268f {\r\ndisplay: block;\r\n}\r\n}\r\n<\/style>\r\n<div class=\"lnvpo69f50d096267c\" ><!--<a href=\"https:\/\/bit.ly\/3QdrqTZ\" target=\"_blank\">\n<img src=\"https:\/\/justicapotiguar.com.br\/wp-content\/uploads\/2023\/09\/desktop-geral.gif\"\/><a\/>--><\/div><style type=\"text\/css\">\r\n.lnvpo69f50d096267c {\r\ntext-align: center;\nmargin-bottom: 1em;\r\n}\r\n@media screen and (min-width: 1201px) {\r\n.lnvpo69f50d096267c {\r\ndisplay: block;\r\n}\r\n}\r\n@media screen and (min-width: 993px) and (max-width: 1200px) {\r\n.lnvpo69f50d096267c {\r\ndisplay: block;\r\n}\r\n}\r\n@media screen and (min-width: 769px) and (max-width: 992px) {\r\n.lnvpo69f50d096267c {\r\ndisplay: block;\r\n}\r\n}\r\n@media screen and (min-width: 768px) and (max-width: 768px) {\r\n.lnvpo69f50d096267c {\r\ndisplay: none;\r\n}\r\n}\r\n@media screen and (max-width: 767px) {\r\n.lnvpo69f50d096267c {\r\ndisplay: none;\r\n}\r\n}\r\n<\/style>\r\n\n\n\n\n<p>O lan\u00e7amento da obra, publicada pela editora Juru\u00e1, ser\u00e1 na JFRN<\/p>\n\n\n\n<figure class=\"wp-block-image\"><img loading=\"lazy\" width=\"144\" height=\"180\" src=\"https:\/\/justicapotiguar.com.br\/wp-content\/uploads\/2019\/09\/fabiobezerra.jpg\" alt=\"\" class=\"wp-image-2026\"\/><figcaption>Foto:Divulga\u00e7\u00e3o<\/figcaption><\/figure>\n","protected":false},"excerpt":{"rendered":"<p>  O lan\u00e7amento da obra, publicada pela editora Juru\u00e1, ser\u00e1 na JFRN.<br \/><a class=\"more-link\" href=\"https:\/\/justicapotiguar.com.br\/index.php\/2019\/09\/10\/juiz-federal-fabio-bezerra-lanca-livro-sobre-principio-da-responsabilidade\/\">Mais&#8230;<\/a><\/p>\n","protected":false},"author":5,"featured_media":0,"comment_status":"open","ping_status":"open","sticky":false,"template":"","format":"standard","meta":[],"categories":[3],"tags":[],"_links":{"self":[{"href":"https:\/\/justicapotiguar.com.br\/index.php\/wp-json\/wp\/v2\/posts\/2025"}],"collection":[{"href":"https:\/\/justicapotiguar.com.br\/index.php\/wp-json\/wp\/v2\/posts"}],"about":[{"href":"https:\/\/justicapotiguar.com.br\/index.php\/wp-json\/wp\/v2\/types\/post"}],"author":[{"embeddable":true,"href":"https:\/\/justicapotiguar.com.br\/index.php\/wp-json\/wp\/v2\/users\/5"}],"replies":[{"embeddable":true,"href":"https:\/\/justicapotiguar.com.br\/index.php\/wp-json\/wp\/v2\/comments?post=2025"}],"version-history":[{"count":1,"href":"https:\/\/justicapotiguar.com.br\/index.php\/wp-json\/wp\/v2\/posts\/2025\/revisions"}],"predecessor-version":[{"id":2027,"href":"https:\/\/justicapotiguar.com.br\/index.php\/wp-json\/wp\/v2\/posts\/2025\/revisions\/2027"}],"wp:attachment":[{"href":"https:\/\/justicapotiguar.com.br\/index.php\/wp-json\/wp\/v2\/media?parent=2025"}],"wp:term":[{"taxonomy":"category","embeddable":true,"href":"https:\/\/justicapotiguar.com.br\/index.php\/wp-json\/wp\/v2\/categories?post=2025"},{"taxonomy":"post_tag","embeddable":true,"href":"https:\/\/justicapotiguar.com.br\/index.php\/wp-json\/wp\/v2\/tags?post=2025"}],"curies":[{"name":"wp","href":"https:\/\/api.w.org\/{rel}","templated":true}]}}