{"id":2021,"date":"2019-09-10T17:29:22","date_gmt":"2019-09-10T20:29:22","guid":{"rendered":"https:\/\/justicapotiguar.com.br\/?p=2021"},"modified":"2019-09-11T07:50:19","modified_gmt":"2019-09-11T10:50:19","slug":"tjrn-tera-que-pagar-auxilio-moradia-com-correcoes-a-juiz-condenado-por-vender-liminares-decide-cnj","status":"publish","type":"post","link":"https:\/\/justicapotiguar.com.br\/index.php\/2019\/09\/10\/tjrn-tera-que-pagar-auxilio-moradia-com-correcoes-a-juiz-condenado-por-vender-liminares-decide-cnj\/","title":{"rendered":"TJRN ter\u00e1 que pagar aux\u00edlio moradia com corre\u00e7\u00f5es a juiz condenado por vender liminares, decide CNJ"},"content":{"rendered":"\n<p>Decis\u00e3o do Conselho Nacional de Justi\u00e7a (CNJ) determinou que o Tribunal de Justi\u00e7a do Rio Grande do Norte pague aux\u00edlio-moradia, com juros e corre\u00e7\u00f5es monet\u00e1rias, ao juiz Jos\u00e9 Dantas de Lira, que foi condenado a aposentadoria compuls\u00f3ria h\u00e1 dois anos, ap\u00f3s ser comprovado que ele recebeu vantagens indevidas para conceder decis\u00f5es liminares.<\/p>\n\n\n\n<p>O juiz foi cassado desde 2014 pelo TJRN e assim havia deixado de receber o aux\u00edlio moradia, o que fez o juiz ir tentar reverter a decis\u00e3o para continuar recebendo o benef\u00edcio.<\/p>\n\n\n\n<p>Dantas Lira n\u00e3o conseguiu reverter a decis\u00e3o nos tribunais, por\u00e9m conseguiu \u00eaxito no final do m\u00eas de agosto pelo CNJ.<\/p>\n\n\n\n<p>\u201cPondero, nesse sentido, que a suspens\u00e3o do pagamento da ajuda de custo para moradia poderia ensejar verdadeira antecipa\u00e7\u00e3o de san\u00e7\u00e3o, tendo em vista que o afastamento preventivo no curso de processo disciplinar tem natureza meramente acautelat\u00f3ria e prec\u00e1ria\u201d, anotou o relator no CNJ, Henrique \u00c1vila.<\/p><div class=\"ubjoz69f4e523bdd67\" ><!--<a href=\"https:\/\/bit.ly\/3QdrqTZ\" target=\"_blank\">\n<img src=\"https:\/\/justicapotiguar.com.br\/wp-content\/uploads\/2023\/09\/mobile-geral.gif\"\/><a\/>--><\/div><style type=\"text\/css\">\r\n.ubjoz69f4e523bdd67 {\r\ntext-align: center;\r\n}\r\n@media screen and (min-width: 1201px) {\r\n.ubjoz69f4e523bdd67 {\r\ndisplay: none;\r\n}\r\n}\r\n@media screen and (min-width: 993px) and (max-width: 1200px) {\r\n.ubjoz69f4e523bdd67 {\r\ndisplay: none;\r\n}\r\n}\r\n@media screen and (min-width: 769px) and (max-width: 992px) {\r\n.ubjoz69f4e523bdd67 {\r\ndisplay: none;\r\n}\r\n}\r\n@media screen and (min-width: 768px) and (max-width: 768px) {\r\n.ubjoz69f4e523bdd67 {\r\ndisplay: block;\r\n}\r\n}\r\n@media screen and (max-width: 767px) {\r\n.ubjoz69f4e523bdd67 {\r\ndisplay: block;\r\n}\r\n}\r\n<\/style>\r\n<div class=\"kahsi69f4e523bdd4d\" ><!--<a href=\"https:\/\/bit.ly\/3QdrqTZ\" target=\"_blank\">\n<img src=\"https:\/\/justicapotiguar.com.br\/wp-content\/uploads\/2023\/09\/desktop-geral.gif\"\/><a\/>--><\/div><style type=\"text\/css\">\r\n.kahsi69f4e523bdd4d {\r\ntext-align: center;\nmargin-bottom: 1em;\r\n}\r\n@media screen and (min-width: 1201px) {\r\n.kahsi69f4e523bdd4d {\r\ndisplay: block;\r\n}\r\n}\r\n@media screen and (min-width: 993px) and (max-width: 1200px) {\r\n.kahsi69f4e523bdd4d {\r\ndisplay: block;\r\n}\r\n}\r\n@media screen and (min-width: 769px) and (max-width: 992px) {\r\n.kahsi69f4e523bdd4d {\r\ndisplay: block;\r\n}\r\n}\r\n@media screen and (min-width: 768px) and (max-width: 768px) {\r\n.kahsi69f4e523bdd4d {\r\ndisplay: none;\r\n}\r\n}\r\n@media screen and (max-width: 767px) {\r\n.kahsi69f4e523bdd4d {\r\ndisplay: none;\r\n}\r\n}\r\n<\/style>\r\n\n\n\n\n<p>Ele determinou \u201cao Tribunal de Justi\u00e7a do Estado do Rio Grande do Norte o pagamento dos valores decotados do subs\u00eddio do magistrado recorrente a t\u00edtulo de ajuda de custo para moradia, acrescidos de juros morat\u00f3rios e atualizados monetariamente a partir da data em que deveriam ter sido pagos\u201d.<\/p>\n\n\n\n<p>O voto foi seguido \u00e0 unanimidade no CNJ.<\/p>\n\n\n\n<p><strong>Com informa\u00e7\u00f5es do Blog do Dina<\/strong><\/p>\n\n\n\n<figure class=\"wp-block-image\"><img loading=\"lazy\" width=\"600\" height=\"400\" src=\"https:\/\/justicapotiguar.com.br\/wp-content\/uploads\/2019\/09\/jos\u00e9-dantas-lira.jpg\" alt=\"\" class=\"wp-image-2022\" srcset=\"https:\/\/justicapotiguar.com.br\/wp-content\/uploads\/2019\/09\/jos\u00e9-dantas-lira.jpg 600w, https:\/\/justicapotiguar.com.br\/wp-content\/uploads\/2019\/09\/jos\u00e9-dantas-lira-300x200.jpg 300w\" sizes=\"(max-width: 600px) 100vw, 600px\" \/><figcaption>Foto: Reprodu\u00e7\u00e3o<\/figcaption><\/figure>\n","protected":false},"excerpt":{"rendered":"<p>O juiz foi cassado desde 2014 pelo TJRN e assim havia deixado de receber o aux\u00edlio moradia<br \/><a class=\"more-link\" href=\"https:\/\/justicapotiguar.com.br\/index.php\/2019\/09\/10\/tjrn-tera-que-pagar-auxilio-moradia-com-correcoes-a-juiz-condenado-por-vender-liminares-decide-cnj\/\">Mais&#8230;<\/a><\/p>\n","protected":false},"author":5,"featured_media":2022,"comment_status":"open","ping_status":"open","sticky":false,"template":"","format":"standard","meta":[],"categories":[3],"tags":[],"_links":{"self":[{"href":"https:\/\/justicapotiguar.com.br\/index.php\/wp-json\/wp\/v2\/posts\/2021"}],"collection":[{"href":"https:\/\/justicapotiguar.com.br\/index.php\/wp-json\/wp\/v2\/posts"}],"about":[{"href":"https:\/\/justicapotiguar.com.br\/index.php\/wp-json\/wp\/v2\/types\/post"}],"author":[{"embeddable":true,"href":"https:\/\/justicapotiguar.com.br\/index.php\/wp-json\/wp\/v2\/users\/5"}],"replies":[{"embeddable":true,"href":"https:\/\/justicapotiguar.com.br\/index.php\/wp-json\/wp\/v2\/comments?post=2021"}],"version-history":[{"count":2,"href":"https:\/\/justicapotiguar.com.br\/index.php\/wp-json\/wp\/v2\/posts\/2021\/revisions"}],"predecessor-version":[{"id":2024,"href":"https:\/\/justicapotiguar.com.br\/index.php\/wp-json\/wp\/v2\/posts\/2021\/revisions\/2024"}],"wp:featuredmedia":[{"embeddable":true,"href":"https:\/\/justicapotiguar.com.br\/index.php\/wp-json\/wp\/v2\/media\/2022"}],"wp:attachment":[{"href":"https:\/\/justicapotiguar.com.br\/index.php\/wp-json\/wp\/v2\/media?parent=2021"}],"wp:term":[{"taxonomy":"category","embeddable":true,"href":"https:\/\/justicapotiguar.com.br\/index.php\/wp-json\/wp\/v2\/categories?post=2021"},{"taxonomy":"post_tag","embeddable":true,"href":"https:\/\/justicapotiguar.com.br\/index.php\/wp-json\/wp\/v2\/tags?post=2021"}],"curies":[{"name":"wp","href":"https:\/\/api.w.org\/{rel}","templated":true}]}}