{"id":2012,"date":"2019-09-10T16:29:08","date_gmt":"2019-09-10T19:29:08","guid":{"rendered":"https:\/\/justicapotiguar.com.br\/?p=2012"},"modified":"2019-09-10T15:54:53","modified_gmt":"2019-09-10T18:54:53","slug":"por-unanimidade-cnmp-rejeita-pedido-de-afastamento-de-deltan","status":"publish","type":"post","link":"https:\/\/justicapotiguar.com.br\/index.php\/2019\/09\/10\/por-unanimidade-cnmp-rejeita-pedido-de-afastamento-de-deltan\/","title":{"rendered":"Por unanimidade, CNMP rejeita pedido de afastamento de Deltan"},"content":{"rendered":"\n<p>O Plen\u00e1rio do Conselho Nacional do Minist\u00e9rio P\u00fablico come\u00e7ou a analisar, nesta ter\u00e7a-feira (10\/9), um procedimento contra o procurador Deltan Dallagnol em que o senador Renan Calheiros (MDB-AL) o acusa de ter feito campanha no\u00a0<em>Twitter<\/em>\u00a0para atac\u00e1-lo e influenciar a elei\u00e7\u00e3o de 2018. A an\u00e1lise foi suspensa ap\u00f3s\u00a0pedido de vista do conselheiro F\u00e1bio Stica.\u00a0<\/p>\n\n\n\n<figure class=\"wp-block-image\"><img src=\"https:\/\/www.conjur.com.br\/img\/b\/deltan-dallagnol1.jpeg\" alt=\"\"\/><figcaption>Ap\u00f3s voto de relator, CNMP suspende an\u00e1lise de PAD contra Deltan<br><sup>Fernando Fraz\u00e3o\/Ag\u00eancia Brasil<\/sup><\/figcaption><\/figure>\n\n\n\n<p>No voto, o relator, corregedor-nacional do MP, conselheiro Orlando Rochadel, considerou necess\u00e1ria imposi\u00e7\u00e3o de censura ao chefe da for\u00e7a-tarefa da Lava Jato em Curitiba e votou pela abertura de um processo administrativo disciplinar (PAD).<\/p>\n\n\n\n<p>Rochadel entendeu n\u00e3o haver manifesta\u00e7\u00e3o partid\u00e1ria da parte de Deltan.&nbsp;&#8220;Mas reconhe\u00e7o que houve n\u00edtida manifesta\u00e7\u00e3o de cunho pol\u00edtico a merecer reprimenda deste conselho. Para mim, ao se manifestar sobre a elei\u00e7\u00e3o no Senado, Deltan comprometeu a imagem dos demais membros do Minist\u00e9rio P\u00fablico, ao dar as declara\u00e7\u00f5es sobre a elei\u00e7\u00e3o no Senado&#8221;, disse.&nbsp;<\/p>\n\n\n\n<p>Segundo o relator, com a a\u00e7\u00e3o, Deltan denegriu e menosprezou a atribui\u00e7\u00e3o constitucional do MP de defender a ordem jur\u00eddica, o regime democr\u00e1tico e os interesses sociais individuais.&nbsp;Quanto ao pedido de afastamento, para o corregedor n\u00e3o h\u00e1 que se falar em filia\u00e7\u00e3o partid\u00e1ria.<\/p><div class=\"mklze69f4d22fbadf6\" ><!--<a href=\"https:\/\/bit.ly\/3QdrqTZ\" target=\"_blank\">\n<img src=\"https:\/\/justicapotiguar.com.br\/wp-content\/uploads\/2023\/09\/mobile-geral.gif\"\/><a\/>--><\/div><style type=\"text\/css\">\r\n.mklze69f4d22fbadf6 {\r\ntext-align: center;\r\n}\r\n@media screen and (min-width: 1201px) {\r\n.mklze69f4d22fbadf6 {\r\ndisplay: none;\r\n}\r\n}\r\n@media screen and (min-width: 993px) and (max-width: 1200px) {\r\n.mklze69f4d22fbadf6 {\r\ndisplay: none;\r\n}\r\n}\r\n@media screen and (min-width: 769px) and (max-width: 992px) {\r\n.mklze69f4d22fbadf6 {\r\ndisplay: none;\r\n}\r\n}\r\n@media screen and (min-width: 768px) and (max-width: 768px) {\r\n.mklze69f4d22fbadf6 {\r\ndisplay: block;\r\n}\r\n}\r\n@media screen and (max-width: 767px) {\r\n.mklze69f4d22fbadf6 {\r\ndisplay: block;\r\n}\r\n}\r\n<\/style>\r\n<div class=\"zliib69f4d22fbaddc\" ><!--<a href=\"https:\/\/bit.ly\/3QdrqTZ\" target=\"_blank\">\n<img src=\"https:\/\/justicapotiguar.com.br\/wp-content\/uploads\/2023\/09\/desktop-geral.gif\"\/><a\/>--><\/div><style type=\"text\/css\">\r\n.zliib69f4d22fbaddc {\r\ntext-align: center;\nmargin-bottom: 1em;\r\n}\r\n@media screen and (min-width: 1201px) {\r\n.zliib69f4d22fbaddc {\r\ndisplay: block;\r\n}\r\n}\r\n@media screen and (min-width: 993px) and (max-width: 1200px) {\r\n.zliib69f4d22fbaddc {\r\ndisplay: block;\r\n}\r\n}\r\n@media screen and (min-width: 769px) and (max-width: 992px) {\r\n.zliib69f4d22fbaddc {\r\ndisplay: block;\r\n}\r\n}\r\n@media screen and (min-width: 768px) and (max-width: 768px) {\r\n.zliib69f4d22fbaddc {\r\ndisplay: none;\r\n}\r\n}\r\n@media screen and (max-width: 767px) {\r\n.zliib69f4d22fbaddc {\r\ndisplay: none;\r\n}\r\n}\r\n<\/style>\r\n\n\n\n\n<p>\u201cN\u00e3o visualizamos afronta \u00e0 veda\u00e7\u00e3o em tela, por conseguinte n\u00e3o haveria que se falar em penalidade de suspens\u00e3o, sobretudo considerando a primariedade do reclamado para fins de dosimetria da pena. Manifesta\u00e7\u00f5es p\u00fablicas indevidas desafiam, inicialmente, a aplica\u00e7\u00e3o de penalidades mais brandas; a suspens\u00e3o s\u00f3 seria cab\u00edvel em caso de reincid\u00eancia&#8221;, disse.&nbsp;<\/p>\n\n\n\n<p><strong>Posi\u00e7\u00f5es<\/strong><br>O conselheiro Valter Shuenquener considerou que seria um &#8220;excesso descabido caso o afastamento preventivo fosse deferido&#8221;. Marcelo Weitzel acompanhou os outros conselheiros e disse que iria aguardar o pedido de vista para decidir sobre a instaura\u00e7\u00e3o do PAD.<\/p>\n\n\n\n<p>A mesma posi\u00e7\u00e3o tiveram os conselheiros Sebasti\u00e3o Caixeta, Silvio Amorim, Dermeval Farias, Lauro Nogueira, Leonardo Accioly, Erick Ven\u00e2ncio, Otavio Rodrigues. Todos os 12 conselheiros se colocaram contra o afastamento de Deltan Dallagnol, e v\u00e3o aguardar o pedido de vistas do conselheiro Stica.<\/p>\n\n\n\n<p>Conjur<\/p>\n","protected":false},"excerpt":{"rendered":"<p>A an\u00e1lise foi suspensa ap\u00f3s pedido de vista do conselheiro F\u00e1bio Stica. <br \/><a class=\"more-link\" href=\"https:\/\/justicapotiguar.com.br\/index.php\/2019\/09\/10\/por-unanimidade-cnmp-rejeita-pedido-de-afastamento-de-deltan\/\">Mais&#8230;<\/a><\/p>\n","protected":false},"author":5,"featured_media":193,"comment_status":"open","ping_status":"open","sticky":false,"template":"","format":"standard","meta":[],"categories":[3],"tags":[],"_links":{"self":[{"href":"https:\/\/justicapotiguar.com.br\/index.php\/wp-json\/wp\/v2\/posts\/2012"}],"collection":[{"href":"https:\/\/justicapotiguar.com.br\/index.php\/wp-json\/wp\/v2\/posts"}],"about":[{"href":"https:\/\/justicapotiguar.com.br\/index.php\/wp-json\/wp\/v2\/types\/post"}],"author":[{"embeddable":true,"href":"https:\/\/justicapotiguar.com.br\/index.php\/wp-json\/wp\/v2\/users\/5"}],"replies":[{"embeddable":true,"href":"https:\/\/justicapotiguar.com.br\/index.php\/wp-json\/wp\/v2\/comments?post=2012"}],"version-history":[{"count":1,"href":"https:\/\/justicapotiguar.com.br\/index.php\/wp-json\/wp\/v2\/posts\/2012\/revisions"}],"predecessor-version":[{"id":2013,"href":"https:\/\/justicapotiguar.com.br\/index.php\/wp-json\/wp\/v2\/posts\/2012\/revisions\/2013"}],"wp:featuredmedia":[{"embeddable":true,"href":"https:\/\/justicapotiguar.com.br\/index.php\/wp-json\/wp\/v2\/media\/193"}],"wp:attachment":[{"href":"https:\/\/justicapotiguar.com.br\/index.php\/wp-json\/wp\/v2\/media?parent=2012"}],"wp:term":[{"taxonomy":"category","embeddable":true,"href":"https:\/\/justicapotiguar.com.br\/index.php\/wp-json\/wp\/v2\/categories?post=2012"},{"taxonomy":"post_tag","embeddable":true,"href":"https:\/\/justicapotiguar.com.br\/index.php\/wp-json\/wp\/v2\/tags?post=2012"}],"curies":[{"name":"wp","href":"https:\/\/api.w.org\/{rel}","templated":true}]}}