{"id":2010,"date":"2019-09-10T18:50:21","date_gmt":"2019-09-10T21:50:21","guid":{"rendered":"https:\/\/justicapotiguar.com.br\/?p=2010"},"modified":"2019-09-10T18:51:18","modified_gmt":"2019-09-10T21:51:18","slug":"apos-indicacao-de-aras-para-pgr-procuradores-protestam-e-estudam-boicotar-cargos","status":"publish","type":"post","link":"https:\/\/justicapotiguar.com.br\/index.php\/2019\/09\/10\/apos-indicacao-de-aras-para-pgr-procuradores-protestam-e-estudam-boicotar-cargos\/","title":{"rendered":"Ap\u00f3s indica\u00e7\u00e3o de Aras para PGR, procuradores protestam e estudam boicotar cargos"},"content":{"rendered":"\n<p>Ap\u00f3s Bolsonaro indicar Augusto Aras para a PGR, nome que n\u00e3o constava em lista tr\u00edplice votada por membros do MP, procuradores realizaram protesto nesta segunda-feira, 9, por todo o pa\u00eds. Eles alegam que n\u00e3o aceitar\u00e3o um procurador-Geral que seja identificado com o Executivo.<\/p>\n\n\n\n<p>Se o nome for aprovado no Senado, os integrantes do MPF discutem fazer um boicote aos cargos na nova gest\u00e3o.<\/p>\n\n\n\n<figure class=\"wp-block-image\"><img src=\"https:\/\/m.migalhas.com.br\/imagem\/D75698E728AF7682EB272FA3044BA2FBE1BC_protesto.jpg\" alt=\"t\"\/><\/figure>\n\n\n\n<p>Os protestos seriam em nome da autonomia do MP e foram propostos pela ANPR \u2013 Associa\u00e7\u00e3o Nacional de Procuradores da Rep\u00fablica. Al\u00e9m de Bras\u00edlia e SP, a entidade diz que atos seriam realizados em 15 Estados.<\/p>\n\n\n\n<p><strong>Tradi\u00e7\u00e3o<\/strong><\/p><div class=\"gcxyw69f4f7c003cfd\" ><!--<a href=\"https:\/\/bit.ly\/3QdrqTZ\" target=\"_blank\">\n<img src=\"https:\/\/justicapotiguar.com.br\/wp-content\/uploads\/2023\/09\/mobile-geral.gif\"\/><a\/>--><\/div><style type=\"text\/css\">\r\n.gcxyw69f4f7c003cfd {\r\ntext-align: center;\r\n}\r\n@media screen and (min-width: 1201px) {\r\n.gcxyw69f4f7c003cfd {\r\ndisplay: none;\r\n}\r\n}\r\n@media screen and (min-width: 993px) and (max-width: 1200px) {\r\n.gcxyw69f4f7c003cfd {\r\ndisplay: none;\r\n}\r\n}\r\n@media screen and (min-width: 769px) and (max-width: 992px) {\r\n.gcxyw69f4f7c003cfd {\r\ndisplay: none;\r\n}\r\n}\r\n@media screen and (min-width: 768px) and (max-width: 768px) {\r\n.gcxyw69f4f7c003cfd {\r\ndisplay: block;\r\n}\r\n}\r\n@media screen and (max-width: 767px) {\r\n.gcxyw69f4f7c003cfd {\r\ndisplay: block;\r\n}\r\n}\r\n<\/style>\r\n<div class=\"dpidz69f4f7c003ce1\" ><!--<a href=\"https:\/\/bit.ly\/3QdrqTZ\" target=\"_blank\">\n<img src=\"https:\/\/justicapotiguar.com.br\/wp-content\/uploads\/2023\/09\/desktop-geral.gif\"\/><a\/>--><\/div><style type=\"text\/css\">\r\n.dpidz69f4f7c003ce1 {\r\ntext-align: center;\nmargin-bottom: 1em;\r\n}\r\n@media screen and (min-width: 1201px) {\r\n.dpidz69f4f7c003ce1 {\r\ndisplay: block;\r\n}\r\n}\r\n@media screen and (min-width: 993px) and (max-width: 1200px) {\r\n.dpidz69f4f7c003ce1 {\r\ndisplay: block;\r\n}\r\n}\r\n@media screen and (min-width: 769px) and (max-width: 992px) {\r\n.dpidz69f4f7c003ce1 {\r\ndisplay: block;\r\n}\r\n}\r\n@media screen and (min-width: 768px) and (max-width: 768px) {\r\n.dpidz69f4f7c003ce1 {\r\ndisplay: none;\r\n}\r\n}\r\n@media screen and (max-width: 767px) {\r\n.dpidz69f4f7c003ce1 {\r\ndisplay: none;\r\n}\r\n}\r\n<\/style>\r\n\n\n\n\n<p>Desde 2003, a escolha do novo PGR vinha seguindo tradi\u00e7\u00e3o de que o escolhido fosse um dos tr\u00eas mais votados em elei\u00e7\u00e3o realizada pela ANPR. A lista era enviada ao presidente, que indicaria um dos nomes.<\/p>\n\n\n\n<p>Pela\u00a0<a href=\"http:\/\/www.planalto.gov.br\/ccivil_03\/constituicao\/constituicao.htm\">CF<\/a>, por sua vez, o presidente n\u00e3o \u00e9 obrigado a seguir qualquer lista. A indica\u00e7\u00e3o, por sua vez, deve ser aprovada pelo Senado.<\/p>\n\n\n\n<p>Migalhas<\/p>\n","protected":false},"excerpt":{"rendered":"<p>Se o nome for aprovado no Senado, os integrantes do MPF discutem fazer um boicote aos cargos na nova gest\u00e3o<br \/><a class=\"more-link\" href=\"https:\/\/justicapotiguar.com.br\/index.php\/2019\/09\/10\/apos-indicacao-de-aras-para-pgr-procuradores-protestam-e-estudam-boicotar-cargos\/\">Mais&#8230;<\/a><\/p>\n","protected":false},"author":5,"featured_media":425,"comment_status":"open","ping_status":"open","sticky":false,"template":"","format":"standard","meta":[],"categories":[3],"tags":[],"_links":{"self":[{"href":"https:\/\/justicapotiguar.com.br\/index.php\/wp-json\/wp\/v2\/posts\/2010"}],"collection":[{"href":"https:\/\/justicapotiguar.com.br\/index.php\/wp-json\/wp\/v2\/posts"}],"about":[{"href":"https:\/\/justicapotiguar.com.br\/index.php\/wp-json\/wp\/v2\/types\/post"}],"author":[{"embeddable":true,"href":"https:\/\/justicapotiguar.com.br\/index.php\/wp-json\/wp\/v2\/users\/5"}],"replies":[{"embeddable":true,"href":"https:\/\/justicapotiguar.com.br\/index.php\/wp-json\/wp\/v2\/comments?post=2010"}],"version-history":[{"count":1,"href":"https:\/\/justicapotiguar.com.br\/index.php\/wp-json\/wp\/v2\/posts\/2010\/revisions"}],"predecessor-version":[{"id":2011,"href":"https:\/\/justicapotiguar.com.br\/index.php\/wp-json\/wp\/v2\/posts\/2010\/revisions\/2011"}],"wp:featuredmedia":[{"embeddable":true,"href":"https:\/\/justicapotiguar.com.br\/index.php\/wp-json\/wp\/v2\/media\/425"}],"wp:attachment":[{"href":"https:\/\/justicapotiguar.com.br\/index.php\/wp-json\/wp\/v2\/media?parent=2010"}],"wp:term":[{"taxonomy":"category","embeddable":true,"href":"https:\/\/justicapotiguar.com.br\/index.php\/wp-json\/wp\/v2\/categories?post=2010"},{"taxonomy":"post_tag","embeddable":true,"href":"https:\/\/justicapotiguar.com.br\/index.php\/wp-json\/wp\/v2\/tags?post=2010"}],"curies":[{"name":"wp","href":"https:\/\/api.w.org\/{rel}","templated":true}]}}