{"id":20083,"date":"2021-07-13T08:46:09","date_gmt":"2021-07-13T11:46:09","guid":{"rendered":"https:\/\/justicapotiguar.com.br\/?p=20083"},"modified":"2021-07-13T08:46:23","modified_gmt":"2021-07-13T11:46:23","slug":"sinte-rn-vai-recorrer-na-justica-contra-decisao-que-mandou-retornar-aulas-presenciais-no-dia-19","status":"publish","type":"post","link":"https:\/\/justicapotiguar.com.br\/index.php\/2021\/07\/13\/sinte-rn-vai-recorrer-na-justica-contra-decisao-que-mandou-retornar-aulas-presenciais-no-dia-19\/","title":{"rendered":"SINTE-RN vai recorrer na Justi\u00e7a contra decis\u00e3o que mandou retornar aulas presenciais no dia 19"},"content":{"rendered":"\n<figure class=\"wp-block-image size-large\"><img loading=\"lazy\" width=\"300\" height=\"225\" src=\"https:\/\/justicapotiguar.com.br\/wp-content\/uploads\/2020\/06\/professor5.jpeg\" alt=\"\" class=\"wp-image-10754\"\/><figcaption>Reprodu\u00e7\u00e3o<\/figcaption><\/figure>\n\n\n\n<p>A Justi\u00e7a do RN determinou o retorno das aulas presenciais na Rede P\u00fablica de Ensino Estadual para 19 de julho. A decis\u00e3o \u00e9 da 2\u00aa vara da Fazenda P\u00fablica de Natal, foi publicada no \u00faltimo domingo (11) e surpreendeu o SINTE\/RN, que defende o retorno das aulas presenciais com seguran\u00e7a para a comunidade escolar e ap\u00f3s a imuniza\u00e7\u00e3o completa dos profissionais da educa\u00e7\u00e3o contra a Covid-19. Por isso, a entidade vai recorrer \u00e0 Justi\u00e7a para garantir a manuten\u00e7\u00e3o das aulas remotas at\u00e9 a imunidade completa.<\/p>\n\n\n\n<p>Nos pr\u00f3ximos dias e considerando a resposta do Governo acerca da decis\u00e3o judicial sobre o retorno das atividades presenciais nas escolas, o Sindicato convocar\u00e1 uma Assembleia da categoria para discutir mais uma vez a quest\u00e3o e tra\u00e7ar estrat\u00e9gias de mobiliza\u00e7\u00e3o. N\u00e3o est\u00e1 descartada a convoca\u00e7\u00e3o de uma greve em defesa da vida.<\/p>\n\n\n\n<p>Anteriormente, o SINTE j\u00e1 reafirmou ao Governo que a Rede Estadual de Ensino s\u00f3 vai retomar suas atividades presenciais ap\u00f3s a 2\u00aa dose da vacina contra a Covid-19. Esse posicionamento foi aprovado pela categoria em diversas assembleias realizadas de dezembro para c\u00e1, considera os riscos de contamina\u00e7\u00e3o existentes no retorno presencial sem que o ciclo de imuniza\u00e7\u00e3o esteja conclu\u00eddo e, inclusive, foi reapresentado pelo Sindicato ao Secret\u00e1rio Estadual de Educa\u00e7\u00e3o (SEEC), professor Get\u00falio Marques, em audi\u00eancia no dia 06\/07.<\/p><div class=\"gvcaa69ec845d55ecd\" ><!--<a href=\"https:\/\/bit.ly\/3QdrqTZ\" target=\"_blank\">\n<img src=\"https:\/\/justicapotiguar.com.br\/wp-content\/uploads\/2023\/09\/mobile-geral.gif\"\/><a\/>--><\/div><style type=\"text\/css\">\r\n.gvcaa69ec845d55ecd {\r\ntext-align: center;\r\n}\r\n@media screen and (min-width: 1201px) {\r\n.gvcaa69ec845d55ecd {\r\ndisplay: none;\r\n}\r\n}\r\n@media screen and (min-width: 993px) and (max-width: 1200px) {\r\n.gvcaa69ec845d55ecd {\r\ndisplay: none;\r\n}\r\n}\r\n@media screen and (min-width: 769px) and (max-width: 992px) {\r\n.gvcaa69ec845d55ecd {\r\ndisplay: none;\r\n}\r\n}\r\n@media screen and (min-width: 768px) and (max-width: 768px) {\r\n.gvcaa69ec845d55ecd {\r\ndisplay: block;\r\n}\r\n}\r\n@media screen and (max-width: 767px) {\r\n.gvcaa69ec845d55ecd {\r\ndisplay: block;\r\n}\r\n}\r\n<\/style>\r\n<div class=\"sbnhp69ec845d55eba\" ><!--<a href=\"https:\/\/bit.ly\/3QdrqTZ\" target=\"_blank\">\n<img src=\"https:\/\/justicapotiguar.com.br\/wp-content\/uploads\/2023\/09\/desktop-geral.gif\"\/><a\/>--><\/div><style type=\"text\/css\">\r\n.sbnhp69ec845d55eba {\r\ntext-align: center;\nmargin-bottom: 1em;\r\n}\r\n@media screen and (min-width: 1201px) {\r\n.sbnhp69ec845d55eba {\r\ndisplay: block;\r\n}\r\n}\r\n@media screen and (min-width: 993px) and (max-width: 1200px) {\r\n.sbnhp69ec845d55eba {\r\ndisplay: block;\r\n}\r\n}\r\n@media screen and (min-width: 769px) and (max-width: 992px) {\r\n.sbnhp69ec845d55eba {\r\ndisplay: block;\r\n}\r\n}\r\n@media screen and (min-width: 768px) and (max-width: 768px) {\r\n.sbnhp69ec845d55eba {\r\ndisplay: none;\r\n}\r\n}\r\n@media screen and (max-width: 767px) {\r\n.sbnhp69ec845d55eba {\r\ndisplay: none;\r\n}\r\n}\r\n<\/style>\r\n\n\n\n\n<p>Naquela ocasi\u00e3o, o gestor da SEEC falou sobre a press\u00e3o que o Executivo estadual vinha sofrendo do Minist\u00e9rio P\u00fablico (MP\/RN) \u2013 entidade que insiste na retomada imediata do ensino presencial. Tamb\u00e9m na reuni\u00e3o, o SINTE foi informado da agenda das atividades presenciais nas escolas, com o acolhimento de professores, estudantes e respons\u00e1veis previsto para 19 de julho e o in\u00edcio do ano letivo de 2021 para o dia 26.<\/p>\n\n\n\n<p>Diante da situa\u00e7\u00e3o atual, o SINTE se reunir\u00e1 com sua Assessoria Jur\u00eddica para levantar medidas cab\u00edveis. De antem\u00e3o, o Sindicato torce para que n\u00e3o se repita a situa\u00e7\u00e3o da Rede Municipal de Natal, que prev\u00ea deflagra\u00e7\u00e3o de greve a partir do dia 14 de julho.<\/p>\n","protected":false},"excerpt":{"rendered":"<p>A Justi\u00e7a do RN determinou o retorno das aulas presenciais na Rede P\u00fablica de Ensino Estadual para 19 de julho. A decis\u00e3o \u00e9 da 2\u00aa vara da Fazenda P\u00fablica de Natal, foi publicada no \u00faltimo domingo (11) e surpreendeu o SINTE\/RN, que defende o retorno das aulas presenciais com seguran\u00e7a para a comunidade escolar e<br \/><a class=\"more-link\" href=\"https:\/\/justicapotiguar.com.br\/index.php\/2021\/07\/13\/sinte-rn-vai-recorrer-na-justica-contra-decisao-que-mandou-retornar-aulas-presenciais-no-dia-19\/\">Mais&#8230;<\/a><\/p>\n","protected":false},"author":5,"featured_media":10404,"comment_status":"open","ping_status":"open","sticky":false,"template":"","format":"standard","meta":[],"categories":[3],"tags":[],"_links":{"self":[{"href":"https:\/\/justicapotiguar.com.br\/index.php\/wp-json\/wp\/v2\/posts\/20083"}],"collection":[{"href":"https:\/\/justicapotiguar.com.br\/index.php\/wp-json\/wp\/v2\/posts"}],"about":[{"href":"https:\/\/justicapotiguar.com.br\/index.php\/wp-json\/wp\/v2\/types\/post"}],"author":[{"embeddable":true,"href":"https:\/\/justicapotiguar.com.br\/index.php\/wp-json\/wp\/v2\/users\/5"}],"replies":[{"embeddable":true,"href":"https:\/\/justicapotiguar.com.br\/index.php\/wp-json\/wp\/v2\/comments?post=20083"}],"version-history":[{"count":3,"href":"https:\/\/justicapotiguar.com.br\/index.php\/wp-json\/wp\/v2\/posts\/20083\/revisions"}],"predecessor-version":[{"id":20086,"href":"https:\/\/justicapotiguar.com.br\/index.php\/wp-json\/wp\/v2\/posts\/20083\/revisions\/20086"}],"wp:featuredmedia":[{"embeddable":true,"href":"https:\/\/justicapotiguar.com.br\/index.php\/wp-json\/wp\/v2\/media\/10404"}],"wp:attachment":[{"href":"https:\/\/justicapotiguar.com.br\/index.php\/wp-json\/wp\/v2\/media?parent=20083"}],"wp:term":[{"taxonomy":"category","embeddable":true,"href":"https:\/\/justicapotiguar.com.br\/index.php\/wp-json\/wp\/v2\/categories?post=20083"},{"taxonomy":"post_tag","embeddable":true,"href":"https:\/\/justicapotiguar.com.br\/index.php\/wp-json\/wp\/v2\/tags?post=20083"}],"curies":[{"name":"wp","href":"https:\/\/api.w.org\/{rel}","templated":true}]}}