{"id":2005,"date":"2019-09-10T15:05:37","date_gmt":"2019-09-10T18:05:37","guid":{"rendered":"https:\/\/justicapotiguar.com.br\/?p=2005"},"modified":"2019-09-10T11:26:33","modified_gmt":"2019-09-10T14:26:33","slug":"pesquisas-vao-avaliar-imagem-e-satisfacao-dos-potiguares-com-o-mprn","status":"publish","type":"post","link":"https:\/\/justicapotiguar.com.br\/index.php\/2019\/09\/10\/pesquisas-vao-avaliar-imagem-e-satisfacao-dos-potiguares-com-o-mprn\/","title":{"rendered":"Pesquisas v\u00e3o avaliar imagem e satisfa\u00e7\u00e3o dos potiguares com o MPRN"},"content":{"rendered":"\n<figure class=\"wp-block-image\"><img loading=\"lazy\" width=\"800\" height=\"579\" src=\"https:\/\/justicapotiguar.com.br\/wp-content\/uploads\/2019\/08\/MP-RN-6.jpg\" alt=\"\" class=\"wp-image-434\" srcset=\"https:\/\/justicapotiguar.com.br\/wp-content\/uploads\/2019\/08\/MP-RN-6.jpg 800w, https:\/\/justicapotiguar.com.br\/wp-content\/uploads\/2019\/08\/MP-RN-6-300x217.jpg 300w, https:\/\/justicapotiguar.com.br\/wp-content\/uploads\/2019\/08\/MP-RN-6-768x556.jpg 768w\" sizes=\"(max-width: 800px) 100vw, 800px\" \/><\/figure>\n\n\n\n<p> O Minist\u00e9rio P\u00fablico do Estado do Rio Grande do Norte (MPRN) come\u00e7ou a aplicar pesquisas de imagem e de satisfa\u00e7\u00e3o junto \u00e0 popula\u00e7\u00e3o potiguar nesta segunda-feira (9). As duas pesquisas feitas em todo o territ\u00f3rio estadual.&nbsp;A pesquisa de imagem do MPRN \u00e9 um instrumento estrat\u00e9gico para mensurar o desempenho das iniciativas de comunica\u00e7\u00e3o e de estreitamento da rela\u00e7\u00e3o com a sociedade.<\/p>\n\n\n\n<p> \u201c\u00c9 por meio dessa pesquisa que vamos ouvir a opini\u00e3o do cidad\u00e3o potiguar e identificar as problem\u00e1ticas de maior impacto. Assim, poderemos definir e tra\u00e7ar estrat\u00e9gicas de enfrentamento aos problemas identificados\u201d, explicou o procurador-geral de Justi\u00e7a, Eudo Rodrigues Leite.&nbsp;Essa pesquisa de imagem ser\u00e1 aplicada em todas as cidades sedes de Promotorias de Justi\u00e7a. Ela pode ser preenchida por meio de question\u00e1rio f\u00edsico e disponibilidade de formul\u00e1rio eletr\u00f4nico (link) e QRCode. <\/p><div class=\"jnlcx69f26b64bd21a\" ><!--<a href=\"https:\/\/bit.ly\/3QdrqTZ\" target=\"_blank\">\n<img src=\"https:\/\/justicapotiguar.com.br\/wp-content\/uploads\/2023\/09\/mobile-geral.gif\"\/><a\/>--><\/div><style type=\"text\/css\">\r\n.jnlcx69f26b64bd21a {\r\ntext-align: center;\r\n}\r\n@media screen and (min-width: 1201px) {\r\n.jnlcx69f26b64bd21a {\r\ndisplay: none;\r\n}\r\n}\r\n@media screen and (min-width: 993px) and (max-width: 1200px) {\r\n.jnlcx69f26b64bd21a {\r\ndisplay: none;\r\n}\r\n}\r\n@media screen and (min-width: 769px) and (max-width: 992px) {\r\n.jnlcx69f26b64bd21a {\r\ndisplay: none;\r\n}\r\n}\r\n@media screen and (min-width: 768px) and (max-width: 768px) {\r\n.jnlcx69f26b64bd21a {\r\ndisplay: block;\r\n}\r\n}\r\n@media screen and (max-width: 767px) {\r\n.jnlcx69f26b64bd21a {\r\ndisplay: block;\r\n}\r\n}\r\n<\/style>\r\n<div class=\"nbgrf69f26b64bd1fd\" ><!--<a href=\"https:\/\/bit.ly\/3QdrqTZ\" target=\"_blank\">\n<img src=\"https:\/\/justicapotiguar.com.br\/wp-content\/uploads\/2023\/09\/desktop-geral.gif\"\/><a\/>--><\/div><style type=\"text\/css\">\r\n.nbgrf69f26b64bd1fd {\r\ntext-align: center;\nmargin-bottom: 1em;\r\n}\r\n@media screen and (min-width: 1201px) {\r\n.nbgrf69f26b64bd1fd {\r\ndisplay: block;\r\n}\r\n}\r\n@media screen and (min-width: 993px) and (max-width: 1200px) {\r\n.nbgrf69f26b64bd1fd {\r\ndisplay: block;\r\n}\r\n}\r\n@media screen and (min-width: 769px) and (max-width: 992px) {\r\n.nbgrf69f26b64bd1fd {\r\ndisplay: block;\r\n}\r\n}\r\n@media screen and (min-width: 768px) and (max-width: 768px) {\r\n.nbgrf69f26b64bd1fd {\r\ndisplay: none;\r\n}\r\n}\r\n@media screen and (max-width: 767px) {\r\n.nbgrf69f26b64bd1fd {\r\ndisplay: none;\r\n}\r\n}\r\n<\/style>\r\n\n\n\n\n<p>A pesquisa ser\u00e1 aplicada no per\u00edodo de 9 de setembro a 23 de outubro.&nbsp;J\u00e1 a pesquisa de satisfa\u00e7\u00e3o tem o objetivo de identificar a qualidade do atendimento prestado em todas as suas unidades. Essa pesquisa vinha sendo aplicada a cada 2 anos, mas passou a ser cont\u00ednua com implanta\u00e7\u00e3o de urnas de coleta em todas as sedes de atendimento da institui\u00e7\u00e3o. \u201cAtrav\u00e9s da pesquisa de satisfa\u00e7\u00e3o, anualmente podemos definir medidas para cumprimento do papel de servir ainda melhor \u00e0 sociedade potiguar\u201d, finalizou a procurador-geral de Justi\u00e7a adjunta, Elaine Cardoso. <\/p>\n","protected":false},"excerpt":{"rendered":"<p> pesquisa de imagem do MPRN \u00e9 um instrumento estrat\u00e9gico para mensurar o desempenho das iniciativas de comunica\u00e7\u00e3o e de estreitamento da rela\u00e7\u00e3o com a sociedade<br \/><a class=\"more-link\" href=\"https:\/\/justicapotiguar.com.br\/index.php\/2019\/09\/10\/pesquisas-vao-avaliar-imagem-e-satisfacao-dos-potiguares-com-o-mprn\/\">Mais&#8230;<\/a><\/p>\n","protected":false},"author":5,"featured_media":434,"comment_status":"open","ping_status":"open","sticky":false,"template":"","format":"standard","meta":[],"categories":[3],"tags":[],"_links":{"self":[{"href":"https:\/\/justicapotiguar.com.br\/index.php\/wp-json\/wp\/v2\/posts\/2005"}],"collection":[{"href":"https:\/\/justicapotiguar.com.br\/index.php\/wp-json\/wp\/v2\/posts"}],"about":[{"href":"https:\/\/justicapotiguar.com.br\/index.php\/wp-json\/wp\/v2\/types\/post"}],"author":[{"embeddable":true,"href":"https:\/\/justicapotiguar.com.br\/index.php\/wp-json\/wp\/v2\/users\/5"}],"replies":[{"embeddable":true,"href":"https:\/\/justicapotiguar.com.br\/index.php\/wp-json\/wp\/v2\/comments?post=2005"}],"version-history":[{"count":3,"href":"https:\/\/justicapotiguar.com.br\/index.php\/wp-json\/wp\/v2\/posts\/2005\/revisions"}],"predecessor-version":[{"id":2008,"href":"https:\/\/justicapotiguar.com.br\/index.php\/wp-json\/wp\/v2\/posts\/2005\/revisions\/2008"}],"wp:featuredmedia":[{"embeddable":true,"href":"https:\/\/justicapotiguar.com.br\/index.php\/wp-json\/wp\/v2\/media\/434"}],"wp:attachment":[{"href":"https:\/\/justicapotiguar.com.br\/index.php\/wp-json\/wp\/v2\/media?parent=2005"}],"wp:term":[{"taxonomy":"category","embeddable":true,"href":"https:\/\/justicapotiguar.com.br\/index.php\/wp-json\/wp\/v2\/categories?post=2005"},{"taxonomy":"post_tag","embeddable":true,"href":"https:\/\/justicapotiguar.com.br\/index.php\/wp-json\/wp\/v2\/tags?post=2005"}],"curies":[{"name":"wp","href":"https:\/\/api.w.org\/{rel}","templated":true}]}}