{"id":19998,"date":"2021-07-08T08:27:49","date_gmt":"2021-07-08T11:27:49","guid":{"rendered":"https:\/\/justicapotiguar.com.br\/?p=19998"},"modified":"2021-07-08T08:27:49","modified_gmt":"2021-07-08T11:27:49","slug":"ex-presidente-da-oab-rn-advogado-ribamar-de-aguiar-morre-aos-81-anos","status":"publish","type":"post","link":"https:\/\/justicapotiguar.com.br\/index.php\/2021\/07\/08\/ex-presidente-da-oab-rn-advogado-ribamar-de-aguiar-morre-aos-81-anos\/","title":{"rendered":"Ex-presidente da OAB-RN, advogado Ribamar de Aguiar morre aos 81 anos"},"content":{"rendered":"\n<p>Advogado reconhecido no meio jur\u00eddico potiguar e ex-presidente da OAB-RN no final da d\u00e9cada de 80, o advogado Jos\u00e9 Ribamar de Aguiar faleceu nesta quinta-feira, 8, aos 81 anos. O advogado tamb\u00e9m atuou como consultor geral do Estado e promotor de justi\u00e7a.<\/p><div class=\"gawwq69edcf9c556a9\" ><!--<a href=\"https:\/\/bit.ly\/3QdrqTZ\" target=\"_blank\">\n<img src=\"https:\/\/justicapotiguar.com.br\/wp-content\/uploads\/2023\/09\/mobile-geral.gif\"\/><a\/>--><\/div><style type=\"text\/css\">\r\n.gawwq69edcf9c556a9 {\r\ntext-align: center;\r\n}\r\n@media screen and (min-width: 1201px) {\r\n.gawwq69edcf9c556a9 {\r\ndisplay: none;\r\n}\r\n}\r\n@media screen and (min-width: 993px) and (max-width: 1200px) {\r\n.gawwq69edcf9c556a9 {\r\ndisplay: none;\r\n}\r\n}\r\n@media screen and (min-width: 769px) and (max-width: 992px) {\r\n.gawwq69edcf9c556a9 {\r\ndisplay: none;\r\n}\r\n}\r\n@media screen and (min-width: 768px) and (max-width: 768px) {\r\n.gawwq69edcf9c556a9 {\r\ndisplay: block;\r\n}\r\n}\r\n@media screen and (max-width: 767px) {\r\n.gawwq69edcf9c556a9 {\r\ndisplay: block;\r\n}\r\n}\r\n<\/style>\r\n<div class=\"gmbok69edcf9c5568f\" ><!--<a href=\"https:\/\/bit.ly\/3QdrqTZ\" target=\"_blank\">\n<img src=\"https:\/\/justicapotiguar.com.br\/wp-content\/uploads\/2023\/09\/desktop-geral.gif\"\/><a\/>--><\/div><style type=\"text\/css\">\r\n.gmbok69edcf9c5568f {\r\ntext-align: center;\nmargin-bottom: 1em;\r\n}\r\n@media screen and (min-width: 1201px) {\r\n.gmbok69edcf9c5568f {\r\ndisplay: block;\r\n}\r\n}\r\n@media screen and (min-width: 993px) and (max-width: 1200px) {\r\n.gmbok69edcf9c5568f {\r\ndisplay: block;\r\n}\r\n}\r\n@media screen and (min-width: 769px) and (max-width: 992px) {\r\n.gmbok69edcf9c5568f {\r\ndisplay: block;\r\n}\r\n}\r\n@media screen and (min-width: 768px) and (max-width: 768px) {\r\n.gmbok69edcf9c5568f {\r\ndisplay: none;\r\n}\r\n}\r\n@media screen and (max-width: 767px) {\r\n.gmbok69edcf9c5568f {\r\ndisplay: none;\r\n}\r\n}\r\n<\/style>\r\n\n\n\n\n<figure class=\"wp-block-image size-large\"><img loading=\"lazy\" width=\"433\" height=\"600\" src=\"https:\/\/justicapotiguar.com.br\/wp-content\/uploads\/2021\/07\/jose-ribamar.jpg\" alt=\"\" class=\"wp-image-19999\" srcset=\"https:\/\/justicapotiguar.com.br\/wp-content\/uploads\/2021\/07\/jose-ribamar.jpg 433w, https:\/\/justicapotiguar.com.br\/wp-content\/uploads\/2021\/07\/jose-ribamar-217x300.jpg 217w\" sizes=\"(max-width: 433px) 100vw, 433px\" \/><figcaption>Reprodu\u00e7\u00e3o<\/figcaption><\/figure>\n\n\n\n<p>Ribamar Aguiar formou-se em Direito pela UFRN na turma de 1966. Assumiu a presid\u00eancia da Ordem no dia 22 de dezembro de 1987, prometendo continuar a administra\u00e7\u00e3o de Adilson Gurgel. Durante sua gest\u00e3o, Jos\u00e9 de Ribamar lutou pela valoriza\u00e7\u00e3o dos delegados de pol\u00edcia e pela seguran\u00e7a p\u00fablica do nosso Estado.<\/p>\n","protected":false},"excerpt":{"rendered":"<p>Advogado reconhecido no meio jur\u00eddico potiguar e ex-presidente da OAB-RN no final da d\u00e9cada de 80, o advogado Jos\u00e9 Ribamar de Aguiar faleceu nesta quinta-feira, 8, aos 81 anos. O advogado tamb\u00e9m atuou como consultor geral do Estado e promotor de justi\u00e7a. Ribamar Aguiar formou-se em Direito pela UFRN na turma de 1966. Assumiu a<br \/><a class=\"more-link\" href=\"https:\/\/justicapotiguar.com.br\/index.php\/2021\/07\/08\/ex-presidente-da-oab-rn-advogado-ribamar-de-aguiar-morre-aos-81-anos\/\">Mais&#8230;<\/a><\/p>\n","protected":false},"author":5,"featured_media":19999,"comment_status":"open","ping_status":"open","sticky":false,"template":"","format":"standard","meta":[],"categories":[3],"tags":[],"_links":{"self":[{"href":"https:\/\/justicapotiguar.com.br\/index.php\/wp-json\/wp\/v2\/posts\/19998"}],"collection":[{"href":"https:\/\/justicapotiguar.com.br\/index.php\/wp-json\/wp\/v2\/posts"}],"about":[{"href":"https:\/\/justicapotiguar.com.br\/index.php\/wp-json\/wp\/v2\/types\/post"}],"author":[{"embeddable":true,"href":"https:\/\/justicapotiguar.com.br\/index.php\/wp-json\/wp\/v2\/users\/5"}],"replies":[{"embeddable":true,"href":"https:\/\/justicapotiguar.com.br\/index.php\/wp-json\/wp\/v2\/comments?post=19998"}],"version-history":[{"count":1,"href":"https:\/\/justicapotiguar.com.br\/index.php\/wp-json\/wp\/v2\/posts\/19998\/revisions"}],"predecessor-version":[{"id":20000,"href":"https:\/\/justicapotiguar.com.br\/index.php\/wp-json\/wp\/v2\/posts\/19998\/revisions\/20000"}],"wp:featuredmedia":[{"embeddable":true,"href":"https:\/\/justicapotiguar.com.br\/index.php\/wp-json\/wp\/v2\/media\/19999"}],"wp:attachment":[{"href":"https:\/\/justicapotiguar.com.br\/index.php\/wp-json\/wp\/v2\/media?parent=19998"}],"wp:term":[{"taxonomy":"category","embeddable":true,"href":"https:\/\/justicapotiguar.com.br\/index.php\/wp-json\/wp\/v2\/categories?post=19998"},{"taxonomy":"post_tag","embeddable":true,"href":"https:\/\/justicapotiguar.com.br\/index.php\/wp-json\/wp\/v2\/tags?post=19998"}],"curies":[{"name":"wp","href":"https:\/\/api.w.org\/{rel}","templated":true}]}}