{"id":1999,"date":"2019-09-10T14:00:18","date_gmt":"2019-09-10T17:00:18","guid":{"rendered":"https:\/\/justicapotiguar.com.br\/?p=1999"},"modified":"2019-09-10T08:20:33","modified_gmt":"2019-09-10T11:20:33","slug":"mpt-rn-seminario-promove-debate-sobre-trabalho-decente-no-setor-pesqueiro","status":"publish","type":"post","link":"https:\/\/justicapotiguar.com.br\/index.php\/2019\/09\/10\/mpt-rn-seminario-promove-debate-sobre-trabalho-decente-no-setor-pesqueiro\/","title":{"rendered":"MPT-RN: Semin\u00e1rio promove debate sobre trabalho decente no setor pesqueiro"},"content":{"rendered":"\n<figure class=\"wp-block-image\"><img loading=\"lazy\" width=\"620\" height=\"412\" src=\"https:\/\/justicapotiguar.com.br\/wp-content\/uploads\/2019\/09\/noticias_1484334797.jpg\" alt=\"\" class=\"wp-image-2000\" srcset=\"https:\/\/justicapotiguar.com.br\/wp-content\/uploads\/2019\/09\/noticias_1484334797.jpg 620w, https:\/\/justicapotiguar.com.br\/wp-content\/uploads\/2019\/09\/noticias_1484334797-300x199.jpg 300w\" sizes=\"(max-width: 620px) 100vw, 620px\" \/><figcaption>Foto: Divulga\u00e7\u00e3o<\/figcaption><\/figure>\n\n\n\n<p>A Escola Superior do Minist\u00e9rio P\u00fablico da Uni\u00e3o (ESMPU) promove, na pr\u00f3xima quarta-feira (11), em Natal (RN), o Semin\u00e1rio &#8220;Trabalho decente na pesca&#8221;. O encontro pretende apresentar as peculiaridades do trabalho na pesca, sobretudo a pesca embarcada. O evento acontece na sede da Procuradoria Regional do Trabalho da 21\u00aa Regi\u00e3o, em Lagoa Nova.<\/p>\n\n\n\n<p>Durante o semin\u00e1rio, os participantes poder\u00e3o refletir sobre a atua\u00e7\u00e3o do Estado e das entidades representativas (armadores de pesca e pescadores) quanto \u00e0s pol\u00edticas p\u00fablicas e normas de prote\u00e7\u00e3o ao trabalho no setor, levando \u00e0 implanta\u00e7\u00e3o de uma agenda do trabalho decente para o setor pesqueiro.<\/p><div class=\"tnxsp69f2805aa53a3\" ><!--<a href=\"https:\/\/bit.ly\/3QdrqTZ\" target=\"_blank\">\n<img src=\"https:\/\/justicapotiguar.com.br\/wp-content\/uploads\/2023\/09\/mobile-geral.gif\"\/><a\/>--><\/div><style type=\"text\/css\">\r\n.tnxsp69f2805aa53a3 {\r\ntext-align: center;\r\n}\r\n@media screen and (min-width: 1201px) {\r\n.tnxsp69f2805aa53a3 {\r\ndisplay: none;\r\n}\r\n}\r\n@media screen and (min-width: 993px) and (max-width: 1200px) {\r\n.tnxsp69f2805aa53a3 {\r\ndisplay: none;\r\n}\r\n}\r\n@media screen and (min-width: 769px) and (max-width: 992px) {\r\n.tnxsp69f2805aa53a3 {\r\ndisplay: none;\r\n}\r\n}\r\n@media screen and (min-width: 768px) and (max-width: 768px) {\r\n.tnxsp69f2805aa53a3 {\r\ndisplay: block;\r\n}\r\n}\r\n@media screen and (max-width: 767px) {\r\n.tnxsp69f2805aa53a3 {\r\ndisplay: block;\r\n}\r\n}\r\n<\/style>\r\n<div class=\"armya69f2805aa5385\" ><!--<a href=\"https:\/\/bit.ly\/3QdrqTZ\" target=\"_blank\">\n<img src=\"https:\/\/justicapotiguar.com.br\/wp-content\/uploads\/2023\/09\/desktop-geral.gif\"\/><a\/>--><\/div><style type=\"text\/css\">\r\n.armya69f2805aa5385 {\r\ntext-align: center;\nmargin-bottom: 1em;\r\n}\r\n@media screen and (min-width: 1201px) {\r\n.armya69f2805aa5385 {\r\ndisplay: block;\r\n}\r\n}\r\n@media screen and (min-width: 993px) and (max-width: 1200px) {\r\n.armya69f2805aa5385 {\r\ndisplay: block;\r\n}\r\n}\r\n@media screen and (min-width: 769px) and (max-width: 992px) {\r\n.armya69f2805aa5385 {\r\ndisplay: block;\r\n}\r\n}\r\n@media screen and (min-width: 768px) and (max-width: 768px) {\r\n.armya69f2805aa5385 {\r\ndisplay: none;\r\n}\r\n}\r\n@media screen and (max-width: 767px) {\r\n.armya69f2805aa5385 {\r\ndisplay: none;\r\n}\r\n}\r\n<\/style>\r\n\n\n\n\n<p><strong>Programa\u00e7\u00e3o&nbsp;\u2013<\/strong>&nbsp;O semin\u00e1rio ter\u00e1 in\u00edcio \u00e0s 8h30, com a aula expositiva sobre o projeto \u201cPesca Legal\u201d, ministrada pelo procurador Regional do Trabalho e mestre em Ci\u00eancias Sociais, Nicodemos Fabr\u00edcio Maia. Na sequ\u00eancia, as condi\u00e7\u00f5es de trabalho nas atividades pesqueiras, a preven\u00e7\u00e3o de acidentes na pesca mar\u00edtima, o seguro defeso e a renova\u00e7\u00e3o das esp\u00e9cies piscosas ser\u00e3o debatidos, respectivamente, pelo doutor em Ci\u00eancias Marinhas Tropicais Jo\u00e3o Vicente Mendes Santana, pelo auditor fiscal do Trabalho Brunno Manfrin Dallossi e pelo procurador do Trabalho Augusto Grieco Sant\u2019Anna Meirinho. Confira a programa\u00e7\u00e3o completa:&nbsp;<a href=\"http:\/\/escola.mpu.mp.br\/selecao\/exibirAnexo\/idAnexo\/18748\" target=\"_blank\" rel=\"noreferrer noopener\">http:\/\/escola.mpu.mp.br\/selecao\/exibirAnexo\/idAnexo\/18748<\/a>.<\/p>\n\n\n\n<p>A atividade \u00e9 gratuita e aberta ao p\u00fablico, desde que os interessados tenham se inscrito at\u00e9 o dia 6 de setembro.<\/p>\n","protected":false},"excerpt":{"rendered":"<p>O encontro pretende apresentar as peculiaridades do trabalho na pesca, sobretudo a pesca embarcada<br \/><a class=\"more-link\" href=\"https:\/\/justicapotiguar.com.br\/index.php\/2019\/09\/10\/mpt-rn-seminario-promove-debate-sobre-trabalho-decente-no-setor-pesqueiro\/\">Mais&#8230;<\/a><\/p>\n","protected":false},"author":5,"featured_media":2000,"comment_status":"open","ping_status":"open","sticky":false,"template":"","format":"standard","meta":[],"categories":[3],"tags":[],"_links":{"self":[{"href":"https:\/\/justicapotiguar.com.br\/index.php\/wp-json\/wp\/v2\/posts\/1999"}],"collection":[{"href":"https:\/\/justicapotiguar.com.br\/index.php\/wp-json\/wp\/v2\/posts"}],"about":[{"href":"https:\/\/justicapotiguar.com.br\/index.php\/wp-json\/wp\/v2\/types\/post"}],"author":[{"embeddable":true,"href":"https:\/\/justicapotiguar.com.br\/index.php\/wp-json\/wp\/v2\/users\/5"}],"replies":[{"embeddable":true,"href":"https:\/\/justicapotiguar.com.br\/index.php\/wp-json\/wp\/v2\/comments?post=1999"}],"version-history":[{"count":1,"href":"https:\/\/justicapotiguar.com.br\/index.php\/wp-json\/wp\/v2\/posts\/1999\/revisions"}],"predecessor-version":[{"id":2001,"href":"https:\/\/justicapotiguar.com.br\/index.php\/wp-json\/wp\/v2\/posts\/1999\/revisions\/2001"}],"wp:featuredmedia":[{"embeddable":true,"href":"https:\/\/justicapotiguar.com.br\/index.php\/wp-json\/wp\/v2\/media\/2000"}],"wp:attachment":[{"href":"https:\/\/justicapotiguar.com.br\/index.php\/wp-json\/wp\/v2\/media?parent=1999"}],"wp:term":[{"taxonomy":"category","embeddable":true,"href":"https:\/\/justicapotiguar.com.br\/index.php\/wp-json\/wp\/v2\/categories?post=1999"},{"taxonomy":"post_tag","embeddable":true,"href":"https:\/\/justicapotiguar.com.br\/index.php\/wp-json\/wp\/v2\/tags?post=1999"}],"curies":[{"name":"wp","href":"https:\/\/api.w.org\/{rel}","templated":true}]}}