{"id":19974,"date":"2021-07-07T12:37:46","date_gmt":"2021-07-07T15:37:46","guid":{"rendered":"https:\/\/justicapotiguar.com.br\/?p=19974"},"modified":"2021-07-07T10:58:21","modified_gmt":"2021-07-07T13:58:21","slug":"stf-permite-exoneracao-de-servidor-concursado-sem-processo-disciplinar-e-abre-brecha-para-demissoes-injustificadas-no-servico-publico","status":"publish","type":"post","link":"https:\/\/justicapotiguar.com.br\/index.php\/2021\/07\/07\/stf-permite-exoneracao-de-servidor-concursado-sem-processo-disciplinar-e-abre-brecha-para-demissoes-injustificadas-no-servico-publico\/","title":{"rendered":"STF permite exonera\u00e7\u00e3o de servidor concursado sem processo disciplinar e abre brecha para demiss\u00f5es injustificadas no servi\u00e7o p\u00fablico"},"content":{"rendered":"\n<p>No dia 18\/06\/2021, pela primeira vez na hist\u00f3ria p\u00f3s constitui\u00e7\u00e3o de 1988, o Supremo Tribunal Federal (STF) julgou em sede de repercuss\u00e3o geral a permiss\u00e3o para prefeitos exonerarem servidores que n\u00e3o cometeram falta grave ou tenham tido o direito de se defender em processo administrativo disciplinar<\/p>\n\n\n\n<p>A possibilidade de exonerar servidores para al\u00e9m do previsto no Art. 41 da Constitui\u00e7\u00e3o foi aberta para os prefeitos de mais de 3.000 munic\u00edpios brasileiros que n\u00e3o possuem regime pr\u00f3prio de previd\u00eancia, e que seus servidores concursados e estatut\u00e1rios tenham se aposentado pelo Instituto Nacional de Previd\u00eancia Social (INSS).<\/p>\n\n\n\n<p>Nos \u00faltimos 10 anos, as prefeituras come\u00e7aram a exonerar os servidores ap\u00f3s receberem do INSS a confirma\u00e7\u00e3o da aposentadoria destes servidores. Fizeram isso \u00e0 margem do direito constitucional do concurso p\u00fablico que exige o processo disciplinar e a ampla defesa e restringe a exonera\u00e7\u00e3o para casos de falta grave ou p\u00e9ssimo desempenho funcional.<\/p>\n\n\n\n<p>Foi uma nova exce\u00e7\u00e3o, que n\u00e3o tem previs\u00e3o na Constitui\u00e7\u00e3o.<\/p>\n\n\n\n<p>O tratamento \u00e9 diferente do que \u00e9 dado aos servidores que possuem regime pr\u00f3prio. De fato, o caminho normal que o servidor aposentado segue \u00e9 o da inativa\u00e7\u00e3o no pr\u00f3prio cargo. Ao se aposentar, o servidor p\u00fablico concursado torna o seu status funcional com o \u00f3rg\u00e3o empregador como \u201cinativo\u201d, e passa a ser vinculado ao CNPJ do regime de previd\u00eancia.<\/p>\n\n\n\n<p>O que gera a \u201cvac\u00e2ncia no cargo\u201d \u00e9 a inativa\u00e7\u00e3o e n\u00e3o a exonera\u00e7\u00e3o, mas n\u00e3o encerra a rela\u00e7\u00e3o jur\u00eddica do servidor com o \u00f3rg\u00e3o p\u00fablico.<\/p>\n\n\n\n<p>\u00c9 exatamente o que ocorre com os militares que passam da ativa para a reserva, o que preserva alguns direitos e deveres.<\/p>\n\n\n\n<p>No caso dos servidores que possuem RPPS, a inativa\u00e7\u00e3o mant\u00e9m direitos secund\u00e1rios que eventualmente estejam garantidos na legisla\u00e7\u00e3o municipal, estadual ou federal, como o v\u00ednculo aos fundos de sa\u00fade por exemplo.<\/p>\n\n\n\n<p>No caso do tema 1.150, o que se esperava \u00e9 que, no m\u00ednimo, o STF mantivesse o mesmo direito aos aposentados pelo INSS, de serem inativados no cargo, respeitando o princ\u00edpio constitucional da isonomia.<\/p>\n\n\n\n<p>O STF alterou radicalmente sua posi\u00e7\u00e3o h\u00e1 cerca de um ano, pois antes era determinada a reintegra\u00e7\u00e3o por 10 dos 11 ministros conforme estudo de nossa autoria (https:\/\/koetzadvocacia.com.br\/decisoes-favoraveis-reintegracao-de-servidor-publico-estatutario\/)<\/p>\n\n\n\n<p>Por\u00e9m, esta situa\u00e7\u00e3o mudou com a press\u00e3o dos munic\u00edpios em rela\u00e7\u00e3o ao impacto econ\u00f4mico da mat\u00e9ria.<\/p>\n\n\n\n<p><strong>Solu\u00e7\u00e3o que mant\u00e9m direitos constitucionais e n\u00e3o gera impacto econ\u00f4mico aos munic\u00edpios<\/strong><\/p>\n\n\n\n<p>O recurso apresentado pelo escrit\u00f3rio Koetz Advocacia apresenta uma solu\u00e7\u00e3o jur\u00eddica que atende ao menor impacto econ\u00f4mico demandado pelos prefeitos, mas ao mesmo tempo mant\u00e9m coer\u00eancia constitucional e n\u00e3o abre brecha para exonera\u00e7\u00f5es n\u00e3o previstas na constitui\u00e7\u00e3o.<\/p><div class=\"rlmdq69f5e14f0532e\" ><!--<a href=\"https:\/\/bit.ly\/3QdrqTZ\" target=\"_blank\">\n<img src=\"https:\/\/justicapotiguar.com.br\/wp-content\/uploads\/2023\/09\/mobile-geral.gif\"\/><a\/>--><\/div><style type=\"text\/css\">\r\n.rlmdq69f5e14f0532e {\r\ntext-align: center;\r\n}\r\n@media screen and (min-width: 1201px) {\r\n.rlmdq69f5e14f0532e {\r\ndisplay: none;\r\n}\r\n}\r\n@media screen and (min-width: 993px) and (max-width: 1200px) {\r\n.rlmdq69f5e14f0532e {\r\ndisplay: none;\r\n}\r\n}\r\n@media screen and (min-width: 769px) and (max-width: 992px) {\r\n.rlmdq69f5e14f0532e {\r\ndisplay: none;\r\n}\r\n}\r\n@media screen and (min-width: 768px) and (max-width: 768px) {\r\n.rlmdq69f5e14f0532e {\r\ndisplay: block;\r\n}\r\n}\r\n@media screen and (max-width: 767px) {\r\n.rlmdq69f5e14f0532e {\r\ndisplay: block;\r\n}\r\n}\r\n<\/style>\r\n<div class=\"xvrnl69f5e14f05318\" ><!--<a href=\"https:\/\/bit.ly\/3QdrqTZ\" target=\"_blank\">\n<img src=\"https:\/\/justicapotiguar.com.br\/wp-content\/uploads\/2023\/09\/desktop-geral.gif\"\/><a\/>--><\/div><style type=\"text\/css\">\r\n.xvrnl69f5e14f05318 {\r\ntext-align: center;\nmargin-bottom: 1em;\r\n}\r\n@media screen and (min-width: 1201px) {\r\n.xvrnl69f5e14f05318 {\r\ndisplay: block;\r\n}\r\n}\r\n@media screen and (min-width: 993px) and (max-width: 1200px) {\r\n.xvrnl69f5e14f05318 {\r\ndisplay: block;\r\n}\r\n}\r\n@media screen and (min-width: 769px) and (max-width: 992px) {\r\n.xvrnl69f5e14f05318 {\r\ndisplay: block;\r\n}\r\n}\r\n@media screen and (min-width: 768px) and (max-width: 768px) {\r\n.xvrnl69f5e14f05318 {\r\ndisplay: none;\r\n}\r\n}\r\n@media screen and (max-width: 767px) {\r\n.xvrnl69f5e14f05318 {\r\ndisplay: none;\r\n}\r\n}\r\n<\/style>\r\n\n\n\n\n<p>A proposta de resolu\u00e7\u00e3o para a mat\u00e9ria vai no sentido de determinar que a aposentadoria pelo INSS implique na mesma consequ\u00eancia que para servidores que possuem o RPPS, ou seja, na inativa\u00e7\u00e3o do servidor.<\/p>\n\n\n\n<p>A op\u00e7\u00e3o pela inativa\u00e7\u00e3o \u00e9 uma decis\u00e3o que tem zero impacto econ\u00f4mico, mas que respeita o art. 41 da CF, o princ\u00edpio da igualdade e a legisla\u00e7\u00e3o municipal, sem ferir direitos secund\u00e1rios dos servidores.<\/p>\n\n\n\n<p>As situa\u00e7\u00f5es do art. 41 da Constitui\u00e7\u00e3o que permitem exonera\u00e7\u00e3o at\u00e9 o julgamento do tema 1150 eram taxativas, ou seja, n\u00e3o permitiam exce\u00e7\u00f5es.<\/p>\n\n\n\n<p>Ao abrir uma exce\u00e7\u00e3o, o STF tornou o art. 41 exemplificativo e permitiu aos governantes exonerarem por motivos al\u00e9m dos citados no referido art. 41 da CF.<\/p>\n\n\n\n<figure class=\"wp-block-image size-large\"><img loading=\"lazy\" width=\"680\" height=\"453\" src=\"https:\/\/justicapotiguar.com.br\/wp-content\/uploads\/2020\/09\/stf-2.gif\" alt=\"\" class=\"wp-image-12735\"\/><figcaption>Reprodu\u00e7\u00e3o<\/figcaption><\/figure>\n\n\n\n<p>Com essa porta aberta, ser\u00e1 dif\u00edcil evitar que exonera\u00e7\u00f5es pelos motivos mais diversos se disseminem pelo pa\u00eds.<\/p>\n\n\n\n<p>O escrit\u00f3rio vai embargar o acord\u00e3o e devolver ao STF a possibilidade de retificar a decis\u00e3o, mas no momento acreditamos ser algo extremamente dif\u00edcil, pois os servidores p\u00fablicos municipais s\u00e3o carentes de representatividade para lutar junto ao Supremo.<\/p>\n\n\n\n<p>Entretanto, estamos buscando apoio de entidades de servidores federais para obter o direito \u00e0 efetividade da nossa tese, j\u00e1 que abrir a brecha para os prefeitos, governadores e o presidente demitirem servidores sem justificativa \u00e9 algo indesejado por todas as categorias.<\/p>\n\n\n\n<p><strong>Mais inseguran\u00e7a jur\u00eddica<\/strong><\/p>\n\n\n\n<p>Estima-se que mais de 20 mil processos no Brasil tratam da mat\u00e9ria, com muitos j\u00e1 julgados a favor da reintegra\u00e7\u00e3o dos servidores.<\/p>\n\n\n\n<p>Entretanto, h\u00e1 mais de 100 mil servidores p\u00fablicos municipais afetados pela decis\u00e3o que poder\u00e3o recorrer ao Judici\u00e1rio.<\/p>\n\n\n\n<p>A decis\u00e3o tomada no processo n\u00e3o especifica o que acontecer\u00e1 com estes servidores, o que ir\u00e1 gerar inseguran\u00e7a jur\u00eddica.<\/p>\n\n\n\n<p>Al\u00e9m do mais, a grande maioria dos munic\u00edpios no Brasil optaram por manter o servidor na ativa, por entender que n\u00e3o existe previs\u00e3o para exonera\u00e7\u00e3o.<\/p>\n\n\n\n<p>Correio Braziliense<\/p>\n","protected":false},"excerpt":{"rendered":"<p>No dia 18\/06\/2021, pela primeira vez na hist\u00f3ria p\u00f3s constitui\u00e7\u00e3o de 1988, o Supremo Tribunal Federal (STF) julgou em sede de repercuss\u00e3o geral a permiss\u00e3o para prefeitos exonerarem servidores que n\u00e3o cometeram falta grave ou tenham tido o direito de se defender em processo administrativo disciplinar A possibilidade de exonerar servidores para al\u00e9m do previsto<br \/><a class=\"more-link\" href=\"https:\/\/justicapotiguar.com.br\/index.php\/2021\/07\/07\/stf-permite-exoneracao-de-servidor-concursado-sem-processo-disciplinar-e-abre-brecha-para-demissoes-injustificadas-no-servico-publico\/\">Mais&#8230;<\/a><\/p>\n","protected":false},"author":5,"featured_media":12735,"comment_status":"open","ping_status":"open","sticky":false,"template":"","format":"standard","meta":[],"categories":[3],"tags":[],"_links":{"self":[{"href":"https:\/\/justicapotiguar.com.br\/index.php\/wp-json\/wp\/v2\/posts\/19974"}],"collection":[{"href":"https:\/\/justicapotiguar.com.br\/index.php\/wp-json\/wp\/v2\/posts"}],"about":[{"href":"https:\/\/justicapotiguar.com.br\/index.php\/wp-json\/wp\/v2\/types\/post"}],"author":[{"embeddable":true,"href":"https:\/\/justicapotiguar.com.br\/index.php\/wp-json\/wp\/v2\/users\/5"}],"replies":[{"embeddable":true,"href":"https:\/\/justicapotiguar.com.br\/index.php\/wp-json\/wp\/v2\/comments?post=19974"}],"version-history":[{"count":2,"href":"https:\/\/justicapotiguar.com.br\/index.php\/wp-json\/wp\/v2\/posts\/19974\/revisions"}],"predecessor-version":[{"id":19976,"href":"https:\/\/justicapotiguar.com.br\/index.php\/wp-json\/wp\/v2\/posts\/19974\/revisions\/19976"}],"wp:featuredmedia":[{"embeddable":true,"href":"https:\/\/justicapotiguar.com.br\/index.php\/wp-json\/wp\/v2\/media\/12735"}],"wp:attachment":[{"href":"https:\/\/justicapotiguar.com.br\/index.php\/wp-json\/wp\/v2\/media?parent=19974"}],"wp:term":[{"taxonomy":"category","embeddable":true,"href":"https:\/\/justicapotiguar.com.br\/index.php\/wp-json\/wp\/v2\/categories?post=19974"},{"taxonomy":"post_tag","embeddable":true,"href":"https:\/\/justicapotiguar.com.br\/index.php\/wp-json\/wp\/v2\/tags?post=19974"}],"curies":[{"name":"wp","href":"https:\/\/api.w.org\/{rel}","templated":true}]}}