{"id":1997,"date":"2019-09-10T11:12:25","date_gmt":"2019-09-10T14:12:25","guid":{"rendered":"https:\/\/justicapotiguar.com.br\/?p=1997"},"modified":"2019-09-10T08:14:09","modified_gmt":"2019-09-10T11:14:09","slug":"improbidade-ex-prefeito-e-condenado-por-contratacoes-sem-concurso-no-rn","status":"publish","type":"post","link":"https:\/\/justicapotiguar.com.br\/index.php\/2019\/09\/10\/improbidade-ex-prefeito-e-condenado-por-contratacoes-sem-concurso-no-rn\/","title":{"rendered":"IMPROBIDADE: Ex-prefeito \u00e9 condenado por contrata\u00e7\u00f5es sem concurso no RN"},"content":{"rendered":"\n<figure class=\"wp-block-image\"><img loading=\"lazy\" width=\"750\" height=\"500\" src=\"https:\/\/justicapotiguar.com.br\/wp-content\/uploads\/2019\/08\/TJRN-6.jpg\" alt=\"\" class=\"wp-image-615\" srcset=\"https:\/\/justicapotiguar.com.br\/wp-content\/uploads\/2019\/08\/TJRN-6.jpg 750w, https:\/\/justicapotiguar.com.br\/wp-content\/uploads\/2019\/08\/TJRN-6-300x200.jpg 300w\" sizes=\"(max-width: 750px) 100vw, 750px\" \/><figcaption>Foto: Reprodu\u00e7\u00e3o<\/figcaption><\/figure>\n\n\n\n<p>Os desembargadores da 3\u00aa C\u00e2mara C\u00edvel do Tribunal de Justi\u00e7a negaram, por unanimidade, recurso de Apela\u00e7\u00e3o contra senten\u00e7a de improbidade administrativa imposta ao ex-prefeito de Lagoa de Pedras, Pedro Rocha Pontes. A condena\u00e7\u00e3o em 1\u00ba Grau do antigo gestor havia ocorrido em mar\u00e7o de 2018, em raz\u00e3o da contrata\u00e7\u00e3o de funcion\u00e1rios para os quadros do munic\u00edpio sem o devido concurso p\u00fablico.<\/p>\n\n\n\n<p>Com a negativa ao recurso, foram mantidos os efeitos da senten\u00e7a de primeira inst\u00e2ncia, que imp\u00f4s ao demandado a condena\u00e7\u00e3o por improbidade administrativa, gerando a perda de seus direitos pol\u00edticos pelo prazo de cinco anos, a proibi\u00e7\u00e3o de contrata\u00e7\u00e3o com o poder p\u00fablico ou receber benef\u00edcios fiscais pelo prazo de tr\u00eas anos e multa no valor de R$ 10 mil.<\/p>\n\n\n\n<p>Conforme alegado pelo Minist\u00e9rio P\u00fablico Estadual, foram constatadas 26 contrata\u00e7\u00f5es irregulares, desobedecendo \u201co comando do art. 37, II, da Constitui\u00e7\u00e3o Federal, ferindo, destarte, princ\u00edpios inerentes \u00e0 Administra\u00e7\u00e3o P\u00fablica\u201d<\/p>\n\n\n\n<p>No recurso de Apela\u00e7\u00e3o proposto pela parte foi alegado ter ocorrido cerceamento de defesa e, tamb\u00e9m a inexist\u00eancia de atos ilegais, \u201cuma vez que a contrata\u00e7\u00e3o tempor\u00e1ria de servidores se achava autorizada por lei\u201d, sem resultar em preju\u00edzo \u00e0 administra\u00e7\u00e3o.<\/p><div class=\"rkpbz69f2a63f59e11\" ><!--<a href=\"https:\/\/bit.ly\/3QdrqTZ\" target=\"_blank\">\n<img src=\"https:\/\/justicapotiguar.com.br\/wp-content\/uploads\/2023\/09\/mobile-geral.gif\"\/><a\/>--><\/div><style type=\"text\/css\">\r\n.rkpbz69f2a63f59e11 {\r\ntext-align: center;\r\n}\r\n@media screen and (min-width: 1201px) {\r\n.rkpbz69f2a63f59e11 {\r\ndisplay: none;\r\n}\r\n}\r\n@media screen and (min-width: 993px) and (max-width: 1200px) {\r\n.rkpbz69f2a63f59e11 {\r\ndisplay: none;\r\n}\r\n}\r\n@media screen and (min-width: 769px) and (max-width: 992px) {\r\n.rkpbz69f2a63f59e11 {\r\ndisplay: none;\r\n}\r\n}\r\n@media screen and (min-width: 768px) and (max-width: 768px) {\r\n.rkpbz69f2a63f59e11 {\r\ndisplay: block;\r\n}\r\n}\r\n@media screen and (max-width: 767px) {\r\n.rkpbz69f2a63f59e11 {\r\ndisplay: block;\r\n}\r\n}\r\n<\/style>\r\n<div class=\"obudk69f2a63f59df5\" ><!--<a href=\"https:\/\/bit.ly\/3QdrqTZ\" target=\"_blank\">\n<img src=\"https:\/\/justicapotiguar.com.br\/wp-content\/uploads\/2023\/09\/desktop-geral.gif\"\/><a\/>--><\/div><style type=\"text\/css\">\r\n.obudk69f2a63f59df5 {\r\ntext-align: center;\nmargin-bottom: 1em;\r\n}\r\n@media screen and (min-width: 1201px) {\r\n.obudk69f2a63f59df5 {\r\ndisplay: block;\r\n}\r\n}\r\n@media screen and (min-width: 993px) and (max-width: 1200px) {\r\n.obudk69f2a63f59df5 {\r\ndisplay: block;\r\n}\r\n}\r\n@media screen and (min-width: 769px) and (max-width: 992px) {\r\n.obudk69f2a63f59df5 {\r\ndisplay: block;\r\n}\r\n}\r\n@media screen and (min-width: 768px) and (max-width: 768px) {\r\n.obudk69f2a63f59df5 {\r\ndisplay: none;\r\n}\r\n}\r\n@media screen and (max-width: 767px) {\r\n.obudk69f2a63f59df5 {\r\ndisplay: none;\r\n}\r\n}\r\n<\/style>\r\n\n\n\n\n<p>Entretanto, na pr\u00f3pria senten\u00e7a de primeiro grau foi examinado que o suposto cerceamento de defesa pela falta de intima\u00e7\u00e3o para apresentar manifesta\u00e7\u00e3o pr\u00e9via n\u00e3o se sustenta, porque, ainda que a cita\u00e7\u00e3o n\u00e3o tenha seguido o tr\u00e2mite da lei de Improbidade Administrativa, \u201co r\u00e9u ofereceu contesta\u00e7\u00e3o que, pelo princ\u00edpio da instrumentalidade das formas, foi recebido como se manifesta\u00e7\u00e3o pr\u00e9via fosse\u201d.<\/p>\n\n\n\n<p>E, nesse sentido, a 3\u00aa C\u00e2mara C\u00edvel do TJRN confirmou tal entendimento, avaliando que a argumenta\u00e7\u00e3o do recorrente \u201cse mostra pautada em meras conjecturas, nada tendo sido registrado acerca da imprescindibilidade daquelas provas e do seu eventual preju\u00edzo\u201d.<\/p>\n\n\n\n<p>J\u00e1 em rela\u00e7\u00e3o \u00e0 ilegalidade das contrata\u00e7\u00f5es, os desembargadores da 3\u00aa C\u00e2mara recordaram a \u201cclara desobedi\u00eancia do demandado, ent\u00e3o prefeito de Lagoa de Pedras, em rela\u00e7\u00e3o a recomenda\u00e7\u00e3o feita pelo Minist\u00e9rio P\u00fablico\u201d, que indicou, desde o ano 2001, orienta\u00e7\u00f5es para regulariza\u00e7\u00e3o do quadro de servidores da C\u00e2mara Municipal, concedendo prazo de 90 dias para tanto.<\/p>\n\n\n\n<p>Al\u00e9m disso, os desembargadores reconheceram a improbidade \u201cpela declara\u00e7\u00e3o do prefeito de que sabia da situa\u00e7\u00e3o de irregularidade da contrata\u00e7\u00e3o dos servidores sem o devido concurso p\u00fablico\u201d, gerando uma situa\u00e7\u00e3o de \u201cdesobedi\u00eancia ao Regime \u00danico dos Servidores de Lagoa de Pedras\u201d, conforme consta no ac\u00f3rd\u00e3o.<\/p>\n","protected":false},"excerpt":{"rendered":"<p>Com a negativa ao recurso, foram mantidos os efeitos da senten\u00e7a de primeira inst\u00e2ncia<br \/><a class=\"more-link\" href=\"https:\/\/justicapotiguar.com.br\/index.php\/2019\/09\/10\/improbidade-ex-prefeito-e-condenado-por-contratacoes-sem-concurso-no-rn\/\">Mais&#8230;<\/a><\/p>\n","protected":false},"author":5,"featured_media":615,"comment_status":"open","ping_status":"open","sticky":false,"template":"","format":"standard","meta":[],"categories":[3],"tags":[],"_links":{"self":[{"href":"https:\/\/justicapotiguar.com.br\/index.php\/wp-json\/wp\/v2\/posts\/1997"}],"collection":[{"href":"https:\/\/justicapotiguar.com.br\/index.php\/wp-json\/wp\/v2\/posts"}],"about":[{"href":"https:\/\/justicapotiguar.com.br\/index.php\/wp-json\/wp\/v2\/types\/post"}],"author":[{"embeddable":true,"href":"https:\/\/justicapotiguar.com.br\/index.php\/wp-json\/wp\/v2\/users\/5"}],"replies":[{"embeddable":true,"href":"https:\/\/justicapotiguar.com.br\/index.php\/wp-json\/wp\/v2\/comments?post=1997"}],"version-history":[{"count":1,"href":"https:\/\/justicapotiguar.com.br\/index.php\/wp-json\/wp\/v2\/posts\/1997\/revisions"}],"predecessor-version":[{"id":1998,"href":"https:\/\/justicapotiguar.com.br\/index.php\/wp-json\/wp\/v2\/posts\/1997\/revisions\/1998"}],"wp:featuredmedia":[{"embeddable":true,"href":"https:\/\/justicapotiguar.com.br\/index.php\/wp-json\/wp\/v2\/media\/615"}],"wp:attachment":[{"href":"https:\/\/justicapotiguar.com.br\/index.php\/wp-json\/wp\/v2\/media?parent=1997"}],"wp:term":[{"taxonomy":"category","embeddable":true,"href":"https:\/\/justicapotiguar.com.br\/index.php\/wp-json\/wp\/v2\/categories?post=1997"},{"taxonomy":"post_tag","embeddable":true,"href":"https:\/\/justicapotiguar.com.br\/index.php\/wp-json\/wp\/v2\/tags?post=1997"}],"curies":[{"name":"wp","href":"https:\/\/api.w.org\/{rel}","templated":true}]}}