{"id":19965,"date":"2021-07-06T18:32:48","date_gmt":"2021-07-06T21:32:48","guid":{"rendered":"https:\/\/justicapotiguar.com.br\/?p=19965"},"modified":"2021-07-06T18:32:48","modified_gmt":"2021-07-06T21:32:48","slug":"adriana-magalhaes-e-empossada-juiza-titular-na-corte-eleitoral-potiguar","status":"publish","type":"post","link":"https:\/\/justicapotiguar.com.br\/index.php\/2021\/07\/06\/adriana-magalhaes-e-empossada-juiza-titular-na-corte-eleitoral-potiguar\/","title":{"rendered":"Adriana Magalh\u00e3es \u00e9 empossada ju\u00edza titular na Corte Eleitoral potiguar"},"content":{"rendered":"\n<figure class=\"wp-block-image\" id=\"imagem-principal-texto\"><img src=\"https:\/\/www.tre-rn.jus.br\/imagens\/fotos\/posse-da-juiza-adriana-magalhaes\/@@images\/cbe9221b-fd84-4f33-8b2d-1886aebe7e0f.jpeg\" alt=\"Foto do des. Gilson e a ju\u00edza Adriana\"\/><figcaption>Divulga\u00e7\u00e3o TRE-RN <\/figcaption><\/figure>\n\n\n\n<p>O Tribunal Regional Eleitoral do Rio Grande do Norte (TRE-RN) passa a contar com mais uma mulher como titular na sua composi\u00e7\u00e3o. Na tarde desta ter\u00e7a-feira (5), a ju\u00edza Adriana Magalh\u00e3es tomou posse como integrante da Corte Eleitoral potiguar para o bi\u00eanio 2021-2023. Ela \u00e9 a primeira mulher a servir ao Regional por tr\u00eas bi\u00eanios consecutivos, sendo um como suplente e dois como titular. A solenidade de posse foi presidida pelo presidente do TRE-RN, desembargador Gilson Barbosa, por meio de videoconfer\u00eancia, e contou com a presen\u00e7a dos membros da Corte; do presidente do Tribunal de Justi\u00e7a do RN, desembargador Vivaldo Pinheiro; do Corregedor Geral de Justi\u00e7a do RN, desembargador Dilermando Mota; do vice-governador do Estado do RN, Antenor Roberto; do presidente da Assembleia Legislativa do RN, deputado Ezequiel Ferreira de Souza; e da advogada Tatiana Mendes Cunha, representando a Presid\u00eancia da Ordem dos Advogados do Brasil &#8211; RN (OAB\/RN); al\u00e9m de familiares e convidados.<\/p>\n\n\n\n<p>\u201cDesejo sucesso \u00e0 ju\u00edza Adriana Magalh\u00e3es, que retorna a esta Corte Eleitoral. Este colegiado ganha bastante com a atua\u00e7\u00e3o da senhora. Fa\u00e7o votos de tranquilidade e sabedoria no desempenho dessa nobre miss\u00e3o. Sem bem-vinda mais uma vez\u201d, destacou o presidente do TRE-RN, desembargador Gilson Barbosa.<\/p>\n\n\n\n<p>Representando a Corte Eleitoral, o juiz federal Carlos Wagner fez a sauda\u00e7\u00e3o e destacou a experi\u00eancia da ju\u00edza nos quatro anos de servi\u00e7o \u00e0 Justi\u00e7a Eleitoral potiguar. \u201cChega agora com a experi\u00eancia e o preparo colhido nos \u00faltimos quatro anos. Portanto, j\u00e1 talhada para desempenhar ainda com mais brilho o cargo que ora reassume. Conhecida e respeitada advogada no cen\u00e1rio potiguar, alcan\u00e7ou nesta Corte Regional a sua consagra\u00e7\u00e3o como marcante cultora da atividade judicante, transformou-se nesses anos em uma prestigiosa ju\u00edza de ex\u00edmia e talentosa advogada em uma equilibrada e prudente julgadora\u201d, destacou o juiz federal.<\/p><div class=\"sqaia69f2805b5dcd0\" ><!--<a href=\"https:\/\/bit.ly\/3QdrqTZ\" target=\"_blank\">\n<img src=\"https:\/\/justicapotiguar.com.br\/wp-content\/uploads\/2023\/09\/mobile-geral.gif\"\/><a\/>--><\/div><style type=\"text\/css\">\r\n.sqaia69f2805b5dcd0 {\r\ntext-align: center;\r\n}\r\n@media screen and (min-width: 1201px) {\r\n.sqaia69f2805b5dcd0 {\r\ndisplay: none;\r\n}\r\n}\r\n@media screen and (min-width: 993px) and (max-width: 1200px) {\r\n.sqaia69f2805b5dcd0 {\r\ndisplay: none;\r\n}\r\n}\r\n@media screen and (min-width: 769px) and (max-width: 992px) {\r\n.sqaia69f2805b5dcd0 {\r\ndisplay: none;\r\n}\r\n}\r\n@media screen and (min-width: 768px) and (max-width: 768px) {\r\n.sqaia69f2805b5dcd0 {\r\ndisplay: block;\r\n}\r\n}\r\n@media screen and (max-width: 767px) {\r\n.sqaia69f2805b5dcd0 {\r\ndisplay: block;\r\n}\r\n}\r\n<\/style>\r\n<div class=\"vsfwc69f2805b5dcb1\" ><!--<a href=\"https:\/\/bit.ly\/3QdrqTZ\" target=\"_blank\">\n<img src=\"https:\/\/justicapotiguar.com.br\/wp-content\/uploads\/2023\/09\/desktop-geral.gif\"\/><a\/>--><\/div><style type=\"text\/css\">\r\n.vsfwc69f2805b5dcb1 {\r\ntext-align: center;\nmargin-bottom: 1em;\r\n}\r\n@media screen and (min-width: 1201px) {\r\n.vsfwc69f2805b5dcb1 {\r\ndisplay: block;\r\n}\r\n}\r\n@media screen and (min-width: 993px) and (max-width: 1200px) {\r\n.vsfwc69f2805b5dcb1 {\r\ndisplay: block;\r\n}\r\n}\r\n@media screen and (min-width: 769px) and (max-width: 992px) {\r\n.vsfwc69f2805b5dcb1 {\r\ndisplay: block;\r\n}\r\n}\r\n@media screen and (min-width: 768px) and (max-width: 768px) {\r\n.vsfwc69f2805b5dcb1 {\r\ndisplay: none;\r\n}\r\n}\r\n@media screen and (max-width: 767px) {\r\n.vsfwc69f2805b5dcb1 {\r\ndisplay: none;\r\n}\r\n}\r\n<\/style>\r\n\n\n\n\n<p>Em seu discurso de posse, Adriana Magalh\u00e3es destacou o ineditismo de ser a primeira mulher a compor a Corte Eleitoral pela terceira vez consecutiva. \u201cHoje, pela terceira vez e de maneira in\u00e9dita adentro a este plen\u00e1rio com o mesmo entusiasmo e alegria, movida pelos mesmos elevados interesses que inspiraram a minha chegada nesta Corte em 14 de setembro de 2017. Foi uma caminhada longa permeada de desafios, mas coroada com amadurecimento pessoal, al\u00e9m da adquirida compreens\u00e3o da converg\u00eancia entre os mundos do advogado e a miss\u00e3o do magistrado\u201d, ressaltou. A magistrada mencionou ainda a import\u00e2ncia da presen\u00e7a feminina. \u201cPor ocasi\u00e3o de minha posse como ju\u00edza titular, externei a inquieta\u00e7\u00e3o de sermos impelidos a conviver, ainda hoje, com o Poder Judici\u00e1rio que tanto se ressentia da presen\u00e7a feminina. Decorridos dois anos, constatamos que, ainda que timidamente, avan\u00e7amos na conquista de espa\u00e7os\u201d, concluiu a ju\u00edza.<\/p>\n\n\n\n<p>O Procurador Regional Eleitoral do Rio Grande do Norte, Ronaldo Chaves, destacou o retorno da ju\u00edza Adriana Magalh\u00e3es \u00e0 Corte. \u201cVossa Excel\u00eancia retorna a bancada feminina da Corte, juntamente com Dra. \u00c9rika Paiva, com muito m\u00e9rito em raz\u00e3o do trabalho j\u00e1 desenvolvido durante todos esses anos nesta Corte. Ent\u00e3o, volta para continuar um trabalho de independ\u00eancia e que deixou frutos. Em nome do Minist\u00e9rio P\u00fablico Eleitoral, n\u00f3s ficamos muito felizes com o retorno da Dra. Adriana e desejamos a ela muito sucesso nesse segundo bi\u00eanio na Corte\u201d, afirmou Ronaldo Chaves.<\/p>\n\n\n\n<p>A nova integrante da Corte Eleitoral, Dra. Adriana Magalh\u00e3es \u00e9 graduada em Direito e p\u00f3s-graduada em Direito Administrativo e Gest\u00e3o P\u00fablica pela Universidade Potiguar. Al\u00e9m de atuar como advogada na \u00e1rea de Direito P\u00fablico, com \u00eanfase no Direito Administrativo, a magistrada tamb\u00e9m j\u00e1 foi ju\u00edza auxiliar nas Elei\u00e7\u00f5es Gerais de 2018, ju\u00edza substituta da Corte Eleitoral no bi\u00eanio 2017-2019 e ju\u00edza titular no bi\u00eanio 2019-2021; Conselheira Seccional da Ordem dos Advogados do Brasil (2016-2018); e membro das Comiss\u00f5es de Direito Administrativo e de Assuntos Legislativos. \u00c9 presidente do Comit\u00ea de Aten\u00e7\u00e3o \u00e0 Sa\u00fade dos Magistrados e Servidores da Justi\u00e7a Eleitoral e membro da American Bar Association (ABA), com sede em Chicago &#8211; Illinois\/EUA.<\/p>\n","protected":false},"excerpt":{"rendered":"<p>O Tribunal Regional Eleitoral do Rio Grande do Norte (TRE-RN) passa a contar com mais uma mulher como titular na sua composi\u00e7\u00e3o. Na tarde desta ter\u00e7a-feira (5), a ju\u00edza Adriana Magalh\u00e3es tomou posse como integrante da Corte Eleitoral potiguar para o bi\u00eanio 2021-2023. Ela \u00e9 a primeira mulher a servir ao Regional por tr\u00eas bi\u00eanios<br \/><a class=\"more-link\" href=\"https:\/\/justicapotiguar.com.br\/index.php\/2021\/07\/06\/adriana-magalhaes-e-empossada-juiza-titular-na-corte-eleitoral-potiguar\/\">Mais&#8230;<\/a><\/p>\n","protected":false},"author":5,"featured_media":7252,"comment_status":"open","ping_status":"open","sticky":false,"template":"","format":"standard","meta":[],"categories":[3],"tags":[],"_links":{"self":[{"href":"https:\/\/justicapotiguar.com.br\/index.php\/wp-json\/wp\/v2\/posts\/19965"}],"collection":[{"href":"https:\/\/justicapotiguar.com.br\/index.php\/wp-json\/wp\/v2\/posts"}],"about":[{"href":"https:\/\/justicapotiguar.com.br\/index.php\/wp-json\/wp\/v2\/types\/post"}],"author":[{"embeddable":true,"href":"https:\/\/justicapotiguar.com.br\/index.php\/wp-json\/wp\/v2\/users\/5"}],"replies":[{"embeddable":true,"href":"https:\/\/justicapotiguar.com.br\/index.php\/wp-json\/wp\/v2\/comments?post=19965"}],"version-history":[{"count":1,"href":"https:\/\/justicapotiguar.com.br\/index.php\/wp-json\/wp\/v2\/posts\/19965\/revisions"}],"predecessor-version":[{"id":19966,"href":"https:\/\/justicapotiguar.com.br\/index.php\/wp-json\/wp\/v2\/posts\/19965\/revisions\/19966"}],"wp:featuredmedia":[{"embeddable":true,"href":"https:\/\/justicapotiguar.com.br\/index.php\/wp-json\/wp\/v2\/media\/7252"}],"wp:attachment":[{"href":"https:\/\/justicapotiguar.com.br\/index.php\/wp-json\/wp\/v2\/media?parent=19965"}],"wp:term":[{"taxonomy":"category","embeddable":true,"href":"https:\/\/justicapotiguar.com.br\/index.php\/wp-json\/wp\/v2\/categories?post=19965"},{"taxonomy":"post_tag","embeddable":true,"href":"https:\/\/justicapotiguar.com.br\/index.php\/wp-json\/wp\/v2\/tags?post=19965"}],"curies":[{"name":"wp","href":"https:\/\/api.w.org\/{rel}","templated":true}]}}