{"id":19756,"date":"2021-06-28T14:37:55","date_gmt":"2021-06-28T17:37:55","guid":{"rendered":"https:\/\/justicapotiguar.com.br\/?p=19756"},"modified":"2021-06-28T14:37:55","modified_gmt":"2021-06-28T17:37:55","slug":"plano-estrategico-do-trt-rn-para-o-ciclo-2021-2026-foi-aprovado-pelo-tribunal-pleno","status":"publish","type":"post","link":"https:\/\/justicapotiguar.com.br\/index.php\/2021\/06\/28\/plano-estrategico-do-trt-rn-para-o-ciclo-2021-2026-foi-aprovado-pelo-tribunal-pleno\/","title":{"rendered":"Plano Estrat\u00e9gico do TRT-RN para o ciclo 2021-2026 foi aprovado pelo Tribunal Pleno"},"content":{"rendered":"\n<figure class=\"wp-block-image size-large\"><img loading=\"lazy\" width=\"450\" height=\"300\" src=\"https:\/\/justicapotiguar.com.br\/wp-content\/uploads\/2019\/08\/TRT-21-2.jpg\" alt=\"\" class=\"wp-image-319\" srcset=\"https:\/\/justicapotiguar.com.br\/wp-content\/uploads\/2019\/08\/TRT-21-2.jpg 450w, https:\/\/justicapotiguar.com.br\/wp-content\/uploads\/2019\/08\/TRT-21-2-300x200.jpg 300w\" sizes=\"(max-width: 450px) 100vw, 450px\" \/><figcaption>Reprodu\u00e7\u00e3o<\/figcaption><\/figure>\n\n\n\n<p>Os desembargadores do Tribunal Regional do Trabalho da 21\u00aa Regi\u00e3o (TRT-RN) aprovaram, por unanimidade, o Plano Estrat\u00e9gico do TRT-RN para o ciclo 2021-2026. A Resolu\u00e7\u00e3o Administrativa n\u00ba 015\/2021 define a estrat\u00e9gia do Tribunal para o novo ciclo e formaliza, por meio do Plano Estrat\u00e9gico, a miss\u00e3o, vis\u00e3o, valores, objetivos estrat\u00e9gicos, indicadores de desempenho, metas e iniciativas estrat\u00e9gicas da institui\u00e7\u00e3o.<\/p>\n\n\n\n<p>Constru\u00eddo com base no Modelo de Gest\u00e3o Estrat\u00e9gica da Justi\u00e7a do Trabalho, institu\u00eddo pela&nbsp;<a href=\"https:\/\/juslaboris.tst.jus.br\/handle\/20.500.12178\/168294\" target=\"_blank\" rel=\"noreferrer noopener\">Resolu\u00e7\u00e3o CSJT n\u00ba 259\/2020<\/a>,&nbsp;o Plano Estrat\u00e9gico do TRT-RN contou com a &nbsp;participa\u00e7\u00e3o de magistrados, servidores, usu\u00e1rios da Justi\u00e7a e da sociedade a partir de pesquisas de diagn\u00f3stico e de oficinas.<\/p>\n\n\n\n<p>Inicialmente, um projeto estrat\u00e9gico para tratar do tema foi iniciado em junho de 2020, sob a responsabilidade da Divis\u00e3o de Governan\u00e7a Institucional (DGI) do TRT-RN,&nbsp; e contou com&nbsp; uma equipe de projeto multidisciplinar, tendo como integrantes um representante de cada componente da Cadeia de Valor do Tribunal.<\/p>\n\n\n\n<p>Tamb\u00e9m fizeram parte do desenvolvimento do documento aprovado, o Plano Estrat\u00e9gico do Poder Judici\u00e1rio,&nbsp;<a href=\"https:\/\/atos.cnj.jus.br\/atos\/detalhar\/3365\" target=\"_blank\" rel=\"noreferrer noopener\">Resolu\u00e7\u00e3o CNJ n\u00ba 325\/2020<\/a>, e o Plano Estrat\u00e9gico da Justi\u00e7a do Trabalho,&nbsp;<a href=\"https:\/\/juslaboris.tst.jus.br\/handle\/20.500.12178\/182910\" target=\"_blank\" rel=\"noreferrer noopener\">Ato n. 34\/CSJT.GP.SG, de 12 de mar\u00e7o de 2021<\/a>.<\/p>\n\n\n\n<p>\u201cA partir do diagn\u00f3stico, foram desenvolvidos demais elementos como a Vis\u00e3o de Futuro, a Miss\u00e3o Institucional, os Valores que permear\u00e3o todo o Plano Estrat\u00e9gico e os Objetivos, al\u00e9m de Indicadores e Metas que tamb\u00e9m comp\u00f5em o plano. Por fim, foram levantadas iniciativas que tamb\u00e9m direcionar\u00e3o todas as a\u00e7\u00f5es para o cumprimento dos nossos Objetivos Estrat\u00e9gicos\u201d, explicou Dirceu Monte de Hollanda, diretor da DGI.<\/p><div class=\"lfcsi69f7686806063\" ><!--<a href=\"https:\/\/bit.ly\/3QdrqTZ\" target=\"_blank\">\n<img src=\"https:\/\/justicapotiguar.com.br\/wp-content\/uploads\/2023\/09\/mobile-geral.gif\"\/><a\/>--><\/div><style type=\"text\/css\">\r\n.lfcsi69f7686806063 {\r\ntext-align: center;\r\n}\r\n@media screen and (min-width: 1201px) {\r\n.lfcsi69f7686806063 {\r\ndisplay: none;\r\n}\r\n}\r\n@media screen and (min-width: 993px) and (max-width: 1200px) {\r\n.lfcsi69f7686806063 {\r\ndisplay: none;\r\n}\r\n}\r\n@media screen and (min-width: 769px) and (max-width: 992px) {\r\n.lfcsi69f7686806063 {\r\ndisplay: none;\r\n}\r\n}\r\n@media screen and (min-width: 768px) and (max-width: 768px) {\r\n.lfcsi69f7686806063 {\r\ndisplay: block;\r\n}\r\n}\r\n@media screen and (max-width: 767px) {\r\n.lfcsi69f7686806063 {\r\ndisplay: block;\r\n}\r\n}\r\n<\/style>\r\n<div class=\"woqsu69f7686806046\" ><!--<a href=\"https:\/\/bit.ly\/3QdrqTZ\" target=\"_blank\">\n<img src=\"https:\/\/justicapotiguar.com.br\/wp-content\/uploads\/2023\/09\/desktop-geral.gif\"\/><a\/>--><\/div><style type=\"text\/css\">\r\n.woqsu69f7686806046 {\r\ntext-align: center;\nmargin-bottom: 1em;\r\n}\r\n@media screen and (min-width: 1201px) {\r\n.woqsu69f7686806046 {\r\ndisplay: block;\r\n}\r\n}\r\n@media screen and (min-width: 993px) and (max-width: 1200px) {\r\n.woqsu69f7686806046 {\r\ndisplay: block;\r\n}\r\n}\r\n@media screen and (min-width: 769px) and (max-width: 992px) {\r\n.woqsu69f7686806046 {\r\ndisplay: block;\r\n}\r\n}\r\n@media screen and (min-width: 768px) and (max-width: 768px) {\r\n.woqsu69f7686806046 {\r\ndisplay: none;\r\n}\r\n}\r\n@media screen and (max-width: 767px) {\r\n.woqsu69f7686806046 {\r\ndisplay: none;\r\n}\r\n}\r\n<\/style>\r\n\n\n\n\n<p>Agora, com a aprova\u00e7\u00e3o do Plano Estrat\u00e9gico pelo Tribunal Pleno, a Coordenadoria de Planejamento e Gest\u00e3o Estrat\u00e9gica (CGEST) e a DGI far\u00e3o um trabalho de desdobramento da Estrat\u00e9gia, que \u00e9 quando todas as unidades organizacionais ter\u00e3o a oportunidade de conhecer melhor o documento e alinhar suas iniciativas t\u00e1ticas e operacionais ao novo direcionador estrat\u00e9gico do TRT-RN.<\/p>\n\n\n\n<p>\u201cA partir do desdobramento, haver\u00e1 um processo de monitoramento e reavalia\u00e7\u00e3o do Plano, a cada quatro meses, quando ser\u00e1 poss\u00edvel realizar eventuais ajustes\u201d, completou Dirceu de Hollanda.<\/p>\n\n\n\n<p>Confira o Plano Estrat\u00e9gico 2021-2026 do TRT-RN:\u00a0<a rel=\"noreferrer noopener\" href=\"https:\/\/bit.ly\/2U8mbd4\" target=\"_blank\">https:\/\/bit.ly\/2U8mbd4<\/a><\/p>\n\n\n\n<p><\/p>\n","protected":false},"excerpt":{"rendered":"<p>Os desembargadores do Tribunal Regional do Trabalho da 21\u00aa Regi\u00e3o (TRT-RN) aprovaram, por unanimidade, o Plano Estrat\u00e9gico do TRT-RN para o ciclo 2021-2026. A Resolu\u00e7\u00e3o Administrativa n\u00ba 015\/2021 define a estrat\u00e9gia do Tribunal para o novo ciclo e formaliza, por meio do Plano Estrat\u00e9gico, a miss\u00e3o, vis\u00e3o, valores, objetivos estrat\u00e9gicos, indicadores de desempenho, metas e<br \/><a class=\"more-link\" href=\"https:\/\/justicapotiguar.com.br\/index.php\/2021\/06\/28\/plano-estrategico-do-trt-rn-para-o-ciclo-2021-2026-foi-aprovado-pelo-tribunal-pleno\/\">Mais&#8230;<\/a><\/p>\n","protected":false},"author":5,"featured_media":0,"comment_status":"open","ping_status":"open","sticky":false,"template":"","format":"standard","meta":[],"categories":[1],"tags":[],"_links":{"self":[{"href":"https:\/\/justicapotiguar.com.br\/index.php\/wp-json\/wp\/v2\/posts\/19756"}],"collection":[{"href":"https:\/\/justicapotiguar.com.br\/index.php\/wp-json\/wp\/v2\/posts"}],"about":[{"href":"https:\/\/justicapotiguar.com.br\/index.php\/wp-json\/wp\/v2\/types\/post"}],"author":[{"embeddable":true,"href":"https:\/\/justicapotiguar.com.br\/index.php\/wp-json\/wp\/v2\/users\/5"}],"replies":[{"embeddable":true,"href":"https:\/\/justicapotiguar.com.br\/index.php\/wp-json\/wp\/v2\/comments?post=19756"}],"version-history":[{"count":1,"href":"https:\/\/justicapotiguar.com.br\/index.php\/wp-json\/wp\/v2\/posts\/19756\/revisions"}],"predecessor-version":[{"id":19757,"href":"https:\/\/justicapotiguar.com.br\/index.php\/wp-json\/wp\/v2\/posts\/19756\/revisions\/19757"}],"wp:attachment":[{"href":"https:\/\/justicapotiguar.com.br\/index.php\/wp-json\/wp\/v2\/media?parent=19756"}],"wp:term":[{"taxonomy":"category","embeddable":true,"href":"https:\/\/justicapotiguar.com.br\/index.php\/wp-json\/wp\/v2\/categories?post=19756"},{"taxonomy":"post_tag","embeddable":true,"href":"https:\/\/justicapotiguar.com.br\/index.php\/wp-json\/wp\/v2\/tags?post=19756"}],"curies":[{"name":"wp","href":"https:\/\/api.w.org\/{rel}","templated":true}]}}