{"id":19719,"date":"2021-06-25T17:05:17","date_gmt":"2021-06-25T20:05:17","guid":{"rendered":"https:\/\/justicapotiguar.com.br\/?p=19719"},"modified":"2021-06-25T15:57:28","modified_gmt":"2021-06-25T18:57:28","slug":"mpf-obtem-novo-mandado-de-prisao-para-envolvido-em-esquema-internacional-de-narcotrafico","status":"publish","type":"post","link":"https:\/\/justicapotiguar.com.br\/index.php\/2021\/06\/25\/mpf-obtem-novo-mandado-de-prisao-para-envolvido-em-esquema-internacional-de-narcotrafico\/","title":{"rendered":"MPF obt\u00e9m novo mandado de pris\u00e3o para envolvido em esquema internacional de narcotr\u00e1fico"},"content":{"rendered":"\n<p>O Minist\u00e9rio P\u00fablico Federal (MPF) obteve um novo mandado de pris\u00e3o contra Oscar Eduardo Salazar Molina, acusado de envolvimento em um esquema internacional de tr\u00e1fico de drogas, com ramifica\u00e7\u00e3o em Natal (RN). O recurso do MPF foi acatado pelo Tribunal Regional Federal da 5\u00aa Regi\u00e3o (TRF5) e modificou a decis\u00e3o de primeira inst\u00e2ncia que havia revogado a pris\u00e3o preventiva do r\u00e9u.<\/p>\n\n\n\n<p>Oscar Molina foi preso ainda na fase de investiga\u00e7\u00e3o da Opera\u00e7\u00e3o Cristal (deflagrada em dezembro de 2009), mas obteve a liberdade provis\u00f3ria em 2011 (em troca de medidas cautelares), tendo fugido posteriormente do pa\u00eds. Durante oito anos, n\u00e3o s\u00f3 se escondeu da Justi\u00e7a brasileira, como sequer constituiu advogado no processo impetrado contra ele em 2012, obrigando \u00e0 paralisa\u00e7\u00e3o do seu tr\u00e2mite.<\/p>\n\n\n\n<figure class=\"wp-block-image size-large\"><img loading=\"lazy\" width=\"1024\" height=\"576\" src=\"https:\/\/justicapotiguar.com.br\/wp-content\/uploads\/2019\/11\/algemas-tipos-de-prisao-brasil-1024x576.jpg\" alt=\"\" class=\"wp-image-4193\" srcset=\"https:\/\/justicapotiguar.com.br\/wp-content\/uploads\/2019\/11\/algemas-tipos-de-prisao-brasil.jpg 1024w, https:\/\/justicapotiguar.com.br\/wp-content\/uploads\/2019\/11\/algemas-tipos-de-prisao-brasil-300x169.jpg 300w, https:\/\/justicapotiguar.com.br\/wp-content\/uploads\/2019\/11\/algemas-tipos-de-prisao-brasil-768x432.jpg 768w\" sizes=\"(max-width: 1024px) 100vw, 1024px\" \/><figcaption>Ilustrativa<\/figcaption><\/figure>\n\n\n\n<p>Detido na Espanha em abril de 2018, n\u00e3o teve seu pedido de extradi\u00e7\u00e3o para o Brasil acatado pela autoridade espanhola, sob o argumento de \u201cj\u00e1 ter sido condenado, na Espanha, por parte dos crimes que motivaram a solicita\u00e7\u00e3o brasileira de extradi\u00e7\u00e3o e por estar respondendo a processo, tamb\u00e9m na Espanha, pela outra parte dos crimes\u201d. Oscar Molina obteve novamente a liberdade provis\u00f3ria e terminou por tamb\u00e9m fugir da Espanha, tendo sido preso, desta vez na Venezuela, em 24 de janeiro de 2020.<\/p>\n\n\n\n<p>O recurso, assinado pelo procurador da Rep\u00fablica Fernando Rocha, destaca que h\u00e1 ind\u00edcios de que o r\u00e9u continuou a operar junto ao esquema criminoso mesmo ap\u00f3s ter sido preso e tamb\u00e9m depois de ser posto em liberdade provis\u00f3ria. O MPF rejeita, ainda, a tese de que uma poss\u00edvel demora no futuro processo de extradi\u00e7\u00e3o \u2013 argumento acatado pelo juiz de primeira inst\u00e2ncia e baseado na crise diplom\u00e1tica entre Brasil e Venezuela \u2013 possa justificar a revoga\u00e7\u00e3o do pedido de pris\u00e3o.<\/p><div class=\"ydaeg69f755e3a112a\" ><!--<a href=\"https:\/\/bit.ly\/3QdrqTZ\" target=\"_blank\">\n<img src=\"https:\/\/justicapotiguar.com.br\/wp-content\/uploads\/2023\/09\/mobile-geral.gif\"\/><a\/>--><\/div><style type=\"text\/css\">\r\n.ydaeg69f755e3a112a {\r\ntext-align: center;\r\n}\r\n@media screen and (min-width: 1201px) {\r\n.ydaeg69f755e3a112a {\r\ndisplay: none;\r\n}\r\n}\r\n@media screen and (min-width: 993px) and (max-width: 1200px) {\r\n.ydaeg69f755e3a112a {\r\ndisplay: none;\r\n}\r\n}\r\n@media screen and (min-width: 769px) and (max-width: 992px) {\r\n.ydaeg69f755e3a112a {\r\ndisplay: none;\r\n}\r\n}\r\n@media screen and (min-width: 768px) and (max-width: 768px) {\r\n.ydaeg69f755e3a112a {\r\ndisplay: block;\r\n}\r\n}\r\n@media screen and (max-width: 767px) {\r\n.ydaeg69f755e3a112a {\r\ndisplay: block;\r\n}\r\n}\r\n<\/style>\r\n<div class=\"miemu69f755e3a1115\" ><!--<a href=\"https:\/\/bit.ly\/3QdrqTZ\" target=\"_blank\">\n<img src=\"https:\/\/justicapotiguar.com.br\/wp-content\/uploads\/2023\/09\/desktop-geral.gif\"\/><a\/>--><\/div><style type=\"text\/css\">\r\n.miemu69f755e3a1115 {\r\ntext-align: center;\nmargin-bottom: 1em;\r\n}\r\n@media screen and (min-width: 1201px) {\r\n.miemu69f755e3a1115 {\r\ndisplay: block;\r\n}\r\n}\r\n@media screen and (min-width: 993px) and (max-width: 1200px) {\r\n.miemu69f755e3a1115 {\r\ndisplay: block;\r\n}\r\n}\r\n@media screen and (min-width: 769px) and (max-width: 992px) {\r\n.miemu69f755e3a1115 {\r\ndisplay: block;\r\n}\r\n}\r\n@media screen and (min-width: 768px) and (max-width: 768px) {\r\n.miemu69f755e3a1115 {\r\ndisplay: none;\r\n}\r\n}\r\n@media screen and (max-width: 767px) {\r\n.miemu69f755e3a1115 {\r\ndisplay: none;\r\n}\r\n}\r\n<\/style>\r\n\n\n\n\n<p>\u201c(Oscar Molina) se encontra na situa\u00e7\u00e3o atual por sua pr\u00f3pria responsabilidade, pois \u00e9 foragido da Justi\u00e7a brasileira h\u00e1 muitos anos, tendo se evadido daqui e em seguida da Espanha, se dirigido \u00e0 Venezuela provavelmente para dar continuidade ao desenvolvimento de suas atividades criminosas\u201d, observa o representante do MPF, para quem o r\u00e9u s\u00f3 veio a constituir advogado no Brasil, agora, depois de n\u00e3o ter conseguido a liberdade provis\u00f3ria na Venezuela.<\/p>\n\n\n\n<p>Fernando Rocha destaca que, ao fugir do pa\u00eds e n\u00e3o constituir advogado no processo, ele deu causa \u00e0 suspens\u00e3o do andamento processual por oito anos, prejudicando a aplica\u00e7\u00e3o da lei penal. Para o relator do recurso no TRF, o desembargador Federal Rubens de Mendon\u00e7a Neto, \u201c\u00e9 clara a falta de compromisso do recorrido com a jurisdi\u00e7\u00e3o brasileira, tendo em vista a inobserv\u00e2ncia das obriga\u00e7\u00f5es decorrentes da liberdade provis\u00f3ria e oculta\u00e7\u00e3o por quase uma d\u00e9cada\u201d.<\/p>\n\n\n\n<p><strong>Cristal&nbsp;<\/strong>&#8211; Oscar Molina responde \u00e0 acusa\u00e7\u00e3o pelo crime de lavagem de dinheiro, decorrente do narcotr\u00e1fico internacional. Ele teria participado da \u201clavagem\u201d de aproximadamente 900 mil euros atrav\u00e9s de investimentos em im\u00f3veis e empreendimentos situados na capital potiguar, a partir de empresas dirigidas por Salvador Arostegui em Natal e das quais o irm\u00e3o de Oscar, Gustavo Salazar Molina, era s\u00f3cio.<\/p>\n\n\n\n<p>Foram registrados, inclusive, di\u00e1logos entre Oscar Molina e Salvador Arostegui (apontado como l\u00edder do esquema) sobre tentativas para viabilizar o transporte de cont\u00eaineres carregados de drogas da Venezuela para a Espanha. Em decorr\u00eancia da Opera\u00e7\u00e3o Cristal, o Minist\u00e9rio P\u00fablico Federal denunciou inicialmente \u00e0 Justi\u00e7a Federal 27 pessoas acusadas de crimes como lavagem de dinheiro, forma\u00e7\u00e3o de quadrilha, tr\u00e1fico internacional de drogas, associa\u00e7\u00e3o e financiamento ao tr\u00e1fico, crime contra o sistema financeiro nacional e organiza\u00e7\u00e3o criminosa.<\/p>\n","protected":false},"excerpt":{"rendered":"<p>O Minist\u00e9rio P\u00fablico Federal (MPF) obteve um novo mandado de pris\u00e3o contra Oscar Eduardo Salazar Molina, acusado de envolvimento em um esquema internacional de tr\u00e1fico de drogas, com ramifica\u00e7\u00e3o em Natal (RN). O recurso do MPF foi acatado pelo Tribunal Regional Federal da 5\u00aa Regi\u00e3o (TRF5) e modificou a decis\u00e3o de primeira inst\u00e2ncia que havia<br \/><a class=\"more-link\" href=\"https:\/\/justicapotiguar.com.br\/index.php\/2021\/06\/25\/mpf-obtem-novo-mandado-de-prisao-para-envolvido-em-esquema-internacional-de-narcotrafico\/\">Mais&#8230;<\/a><\/p>\n","protected":false},"author":5,"featured_media":0,"comment_status":"open","ping_status":"open","sticky":false,"template":"","format":"standard","meta":[],"categories":[1],"tags":[],"_links":{"self":[{"href":"https:\/\/justicapotiguar.com.br\/index.php\/wp-json\/wp\/v2\/posts\/19719"}],"collection":[{"href":"https:\/\/justicapotiguar.com.br\/index.php\/wp-json\/wp\/v2\/posts"}],"about":[{"href":"https:\/\/justicapotiguar.com.br\/index.php\/wp-json\/wp\/v2\/types\/post"}],"author":[{"embeddable":true,"href":"https:\/\/justicapotiguar.com.br\/index.php\/wp-json\/wp\/v2\/users\/5"}],"replies":[{"embeddable":true,"href":"https:\/\/justicapotiguar.com.br\/index.php\/wp-json\/wp\/v2\/comments?post=19719"}],"version-history":[{"count":1,"href":"https:\/\/justicapotiguar.com.br\/index.php\/wp-json\/wp\/v2\/posts\/19719\/revisions"}],"predecessor-version":[{"id":19720,"href":"https:\/\/justicapotiguar.com.br\/index.php\/wp-json\/wp\/v2\/posts\/19719\/revisions\/19720"}],"wp:attachment":[{"href":"https:\/\/justicapotiguar.com.br\/index.php\/wp-json\/wp\/v2\/media?parent=19719"}],"wp:term":[{"taxonomy":"category","embeddable":true,"href":"https:\/\/justicapotiguar.com.br\/index.php\/wp-json\/wp\/v2\/categories?post=19719"},{"taxonomy":"post_tag","embeddable":true,"href":"https:\/\/justicapotiguar.com.br\/index.php\/wp-json\/wp\/v2\/tags?post=19719"}],"curies":[{"name":"wp","href":"https:\/\/api.w.org\/{rel}","templated":true}]}}