{"id":19697,"date":"2021-06-25T13:44:42","date_gmt":"2021-06-25T16:44:42","guid":{"rendered":"https:\/\/justicapotiguar.com.br\/?p=19697"},"modified":"2021-06-25T13:44:42","modified_gmt":"2021-06-25T16:44:42","slug":"advogado-critica-prisao-de-acusados-de-dar-cobertura-a-lazaro-nao-faz-sentido","status":"publish","type":"post","link":"https:\/\/justicapotiguar.com.br\/index.php\/2021\/06\/25\/advogado-critica-prisao-de-acusados-de-dar-cobertura-a-lazaro-nao-faz-sentido\/","title":{"rendered":"Advogado critica pris\u00e3o de acusados de dar cobertura a L\u00e1zaro: \u201cN\u00e3o faz sentido\u201d"},"content":{"rendered":"\n<p>O advogado de&nbsp;<a rel=\"noreferrer noopener\" href=\"https:\/\/www.metropoles.com\/distrito-federal\/saiba-quem-sao-os-dois-presos-acusados-de-darem-cobertura-a-lazaro?amp\" target=\"_blank\">Elmi Caetano Evangelista, 74 anos, e Alain Reis de Santana<\/a>, 33, presos sob a&nbsp;acusa\u00e7\u00e3o de facilitar a fuga de&nbsp;<a rel=\"noreferrer noopener\" href=\"https:\/\/www.metropoles.com\/tag\/lazaro-barbosa?amp\" target=\"_blank\">L\u00e1zaro Ramos, 32<\/a>, afirmou, nesta sexta-feira (25\/6), que os dois nunca encontraram o man\u00edaco. Ao contr\u00e1rio do alegado pela Secretaria de Seguran\u00e7a P\u00fablica de Goi\u00e1s nessa quinta-feira (24\/6), a dupla negou qualquer envolvimento no caso.<\/p>\n\n\n\n<figure class=\"wp-block-image size-large\"><img loading=\"lazy\" width=\"600\" height=\"400\" src=\"https:\/\/justicapotiguar.com.br\/wp-content\/uploads\/2021\/06\/WhatsApp-Image-2021-06-24-at-23.07.36-600x400-1.jpeg\" alt=\"\" class=\"wp-image-19698\" srcset=\"https:\/\/justicapotiguar.com.br\/wp-content\/uploads\/2021\/06\/WhatsApp-Image-2021-06-24-at-23.07.36-600x400-1.jpeg 600w, https:\/\/justicapotiguar.com.br\/wp-content\/uploads\/2021\/06\/WhatsApp-Image-2021-06-24-at-23.07.36-600x400-1-300x200.jpeg 300w\" sizes=\"(max-width: 600px) 100vw, 600px\" \/><figcaption>Reprodu\u00e7\u00e3o<\/figcaption><\/figure>\n\n\n\n<p>Ambos foram presos ontem \u00e0 noite. O idoso \u00e9 dono da ch\u00e1cara situada na \u00e1rea rural de Girassol (GO), e Alain seria caseiro dele. Elmi foi detido por policiais penais do Distrito Federal, que haviam recebido a informa\u00e7\u00e3o de que o serial killer estaria recebendo ajuda de moradores da regi\u00e3o.<\/p>\n\n\n\n<p>Segundo o defensor Ilvan Barbosa, os depoimentos do dono da ch\u00e1cara e do caseiro demonstram que os acusados s\u00e3o inocentes. \u201cO empregado diz que n\u00e3o teve contato nenhum. O patr\u00e3o mal passa pelo local. Durante a semana, dorme na cidade, vai l\u00e1 s\u00f3 para alimentar animais. N\u00e3o faz sentido essa pris\u00e3o\u201d, argumenta.https:\/\/d-27428303701667256182.ampproject.net\/2106120107000\/frame.html<\/p>\n\n\n\n<p>At\u00e9 o momento, o advogado diz que n\u00e3o foram apresentadas as provas contundentes contra os acusados. \u201cAt\u00e9 agora, o processo s\u00f3 tem o flagrante da suposta arma de fogo, que, na verdade, \u00e9 de press\u00e3o. Isso n\u00e3o pode dar cadeia\u201d, alega.<\/p><div class=\"dtncu69ec786ca0c40\" ><!--<a href=\"https:\/\/bit.ly\/3QdrqTZ\" target=\"_blank\">\n<img src=\"https:\/\/justicapotiguar.com.br\/wp-content\/uploads\/2023\/09\/mobile-geral.gif\"\/><a\/>--><\/div><style type=\"text\/css\">\r\n.dtncu69ec786ca0c40 {\r\ntext-align: center;\r\n}\r\n@media screen and (min-width: 1201px) {\r\n.dtncu69ec786ca0c40 {\r\ndisplay: none;\r\n}\r\n}\r\n@media screen and (min-width: 993px) and (max-width: 1200px) {\r\n.dtncu69ec786ca0c40 {\r\ndisplay: none;\r\n}\r\n}\r\n@media screen and (min-width: 769px) and (max-width: 992px) {\r\n.dtncu69ec786ca0c40 {\r\ndisplay: none;\r\n}\r\n}\r\n@media screen and (min-width: 768px) and (max-width: 768px) {\r\n.dtncu69ec786ca0c40 {\r\ndisplay: block;\r\n}\r\n}\r\n@media screen and (max-width: 767px) {\r\n.dtncu69ec786ca0c40 {\r\ndisplay: block;\r\n}\r\n}\r\n<\/style>\r\n<div class=\"rocic69ec786ca0c20\" ><!--<a href=\"https:\/\/bit.ly\/3QdrqTZ\" target=\"_blank\">\n<img src=\"https:\/\/justicapotiguar.com.br\/wp-content\/uploads\/2023\/09\/desktop-geral.gif\"\/><a\/>--><\/div><style type=\"text\/css\">\r\n.rocic69ec786ca0c20 {\r\ntext-align: center;\nmargin-bottom: 1em;\r\n}\r\n@media screen and (min-width: 1201px) {\r\n.rocic69ec786ca0c20 {\r\ndisplay: block;\r\n}\r\n}\r\n@media screen and (min-width: 993px) and (max-width: 1200px) {\r\n.rocic69ec786ca0c20 {\r\ndisplay: block;\r\n}\r\n}\r\n@media screen and (min-width: 769px) and (max-width: 992px) {\r\n.rocic69ec786ca0c20 {\r\ndisplay: block;\r\n}\r\n}\r\n@media screen and (min-width: 768px) and (max-width: 768px) {\r\n.rocic69ec786ca0c20 {\r\ndisplay: none;\r\n}\r\n}\r\n@media screen and (max-width: 767px) {\r\n.rocic69ec786ca0c20 {\r\ndisplay: none;\r\n}\r\n}\r\n<\/style>\r\n\n\n\n\n<p>A expectativa \u00e9 de que a audi\u00eancia de cust\u00f3dia ocorra ainda na tarde desta sexta-feira para definir se os suspeitos continuam presos. \u201cEstou empenhado para que a soltura ocorra hoje ainda, mas h\u00e1 a possibilidade de ocorrer apenas na segunda. Vamos acompanhar\u201d, explica.<\/p>\n\n\n\n<p>Apesar de querer a liberdade dos clientes, Ilvan diz que teme pela integridade da dupla. \u201cA esposa dele (Elmi) me ligou j\u00e1 dizendo que est\u00e1 recebendo amea\u00e7as. O Elmi \u00e9 um idoso, que passou mal ontem durante o depoimento, falando palavras desconexas. Ele n\u00e3o tem condi\u00e7\u00f5es de passar por isso\u201d, lamenta.<\/p>\n\n\n\n<p>Metropoles<\/p>\n","protected":false},"excerpt":{"rendered":"<p>O advogado de&nbsp;Elmi Caetano Evangelista, 74 anos, e Alain Reis de Santana, 33, presos sob a&nbsp;acusa\u00e7\u00e3o de facilitar a fuga de&nbsp;L\u00e1zaro Ramos, 32, afirmou, nesta sexta-feira (25\/6), que os dois nunca encontraram o man\u00edaco. Ao contr\u00e1rio do alegado pela Secretaria de Seguran\u00e7a P\u00fablica de Goi\u00e1s nessa quinta-feira (24\/6), a dupla negou qualquer envolvimento no caso.<br \/><a class=\"more-link\" href=\"https:\/\/justicapotiguar.com.br\/index.php\/2021\/06\/25\/advogado-critica-prisao-de-acusados-de-dar-cobertura-a-lazaro-nao-faz-sentido\/\">Mais&#8230;<\/a><\/p>\n","protected":false},"author":5,"featured_media":0,"comment_status":"open","ping_status":"open","sticky":false,"template":"","format":"standard","meta":[],"categories":[1],"tags":[],"_links":{"self":[{"href":"https:\/\/justicapotiguar.com.br\/index.php\/wp-json\/wp\/v2\/posts\/19697"}],"collection":[{"href":"https:\/\/justicapotiguar.com.br\/index.php\/wp-json\/wp\/v2\/posts"}],"about":[{"href":"https:\/\/justicapotiguar.com.br\/index.php\/wp-json\/wp\/v2\/types\/post"}],"author":[{"embeddable":true,"href":"https:\/\/justicapotiguar.com.br\/index.php\/wp-json\/wp\/v2\/users\/5"}],"replies":[{"embeddable":true,"href":"https:\/\/justicapotiguar.com.br\/index.php\/wp-json\/wp\/v2\/comments?post=19697"}],"version-history":[{"count":1,"href":"https:\/\/justicapotiguar.com.br\/index.php\/wp-json\/wp\/v2\/posts\/19697\/revisions"}],"predecessor-version":[{"id":19699,"href":"https:\/\/justicapotiguar.com.br\/index.php\/wp-json\/wp\/v2\/posts\/19697\/revisions\/19699"}],"wp:attachment":[{"href":"https:\/\/justicapotiguar.com.br\/index.php\/wp-json\/wp\/v2\/media?parent=19697"}],"wp:term":[{"taxonomy":"category","embeddable":true,"href":"https:\/\/justicapotiguar.com.br\/index.php\/wp-json\/wp\/v2\/categories?post=19697"},{"taxonomy":"post_tag","embeddable":true,"href":"https:\/\/justicapotiguar.com.br\/index.php\/wp-json\/wp\/v2\/tags?post=19697"}],"curies":[{"name":"wp","href":"https:\/\/api.w.org\/{rel}","templated":true}]}}