{"id":19689,"date":"2021-06-25T11:26:57","date_gmt":"2021-06-25T14:26:57","guid":{"rendered":"https:\/\/justicapotiguar.com.br\/?p=19689"},"modified":"2021-06-25T11:26:57","modified_gmt":"2021-06-25T14:26:57","slug":"tjrn-comissao-organizara-selecao-para-contratacao-de-psicologos-assistentes-sociais-e-pedagogos","status":"publish","type":"post","link":"https:\/\/justicapotiguar.com.br\/index.php\/2021\/06\/25\/tjrn-comissao-organizara-selecao-para-contratacao-de-psicologos-assistentes-sociais-e-pedagogos\/","title":{"rendered":"TJRN: comiss\u00e3o organizar\u00e1 sele\u00e7\u00e3o para contrata\u00e7\u00e3o de psic\u00f3logos, assistentes sociais e pedagogos"},"content":{"rendered":"\n<figure class=\"wp-block-image size-large\"><img loading=\"lazy\" width=\"750\" height=\"500\" src=\"https:\/\/justicapotiguar.com.br\/wp-content\/uploads\/2020\/02\/TJRN-6.jpg\" alt=\"\" class=\"wp-image-6120\" srcset=\"https:\/\/justicapotiguar.com.br\/wp-content\/uploads\/2020\/02\/TJRN-6.jpg 750w, https:\/\/justicapotiguar.com.br\/wp-content\/uploads\/2020\/02\/TJRN-6-300x200.jpg 300w\" sizes=\"(max-width: 750px) 100vw, 750px\" \/><\/figure>\n\n\n\n<p>A Presid\u00eancia do Tribunal de Justi\u00e7a instituiu comiss\u00e3o especial respons\u00e1vel pela organiza\u00e7\u00e3o de processo seletivo simplificado para contratar, por tempo determinado, psic\u00f3logos, assistentes sociais e pedagogos. O quantitativo m\u00e1ximo, de acordo com a Portaria 693\/2021 \u2013 TJ, \u00e9 de 52 profissionais dessas \u00e1reas de atua\u00e7\u00e3o. O Objetivo \u00e9 atender a necessidade tempor\u00e1ria de excepcional interesse p\u00fablico. O normativo foi publicado no Di\u00e1rio da Justi\u00e7a Eletr\u00f4nico (DJe), de 22 de junho.<\/p>\n\n\n\n<p>A medida observa a n\u00e3o disponibilidade, no Quadro de Pessoal do Poder Judici\u00e1rio, de profissionais qualificados para a presta\u00e7\u00e3o desses servi\u00e7os, o que leva a Administra\u00e7\u00e3o da Justi\u00e7a estadual a adotar todas as provid\u00eancias necess\u00e1rias ao atendimento dessa demanda, considerando sua indispensabilidade para a adequada presta\u00e7\u00e3o jurisdicional em processos de compet\u00eancia da inf\u00e2ncia e juventude, viol\u00eancia dom\u00e9stica, fam\u00edlia, criminal, em situa\u00e7\u00f5es que envolvam idosos, incapazes, pessoas com defici\u00eancia e crian\u00e7as e adolescentes em situa\u00e7\u00e3o de vulnerabilidade.<\/p><div class=\"xkuas69ec60985da3b\" ><!--<a href=\"https:\/\/bit.ly\/3QdrqTZ\" target=\"_blank\">\n<img src=\"https:\/\/justicapotiguar.com.br\/wp-content\/uploads\/2023\/09\/mobile-geral.gif\"\/><a\/>--><\/div><style type=\"text\/css\">\r\n.xkuas69ec60985da3b {\r\ntext-align: center;\r\n}\r\n@media screen and (min-width: 1201px) {\r\n.xkuas69ec60985da3b {\r\ndisplay: none;\r\n}\r\n}\r\n@media screen and (min-width: 993px) and (max-width: 1200px) {\r\n.xkuas69ec60985da3b {\r\ndisplay: none;\r\n}\r\n}\r\n@media screen and (min-width: 769px) and (max-width: 992px) {\r\n.xkuas69ec60985da3b {\r\ndisplay: none;\r\n}\r\n}\r\n@media screen and (min-width: 768px) and (max-width: 768px) {\r\n.xkuas69ec60985da3b {\r\ndisplay: block;\r\n}\r\n}\r\n@media screen and (max-width: 767px) {\r\n.xkuas69ec60985da3b {\r\ndisplay: block;\r\n}\r\n}\r\n<\/style>\r\n<div class=\"rgcuh69ec60985da1e\" ><!--<a href=\"https:\/\/bit.ly\/3QdrqTZ\" target=\"_blank\">\n<img src=\"https:\/\/justicapotiguar.com.br\/wp-content\/uploads\/2023\/09\/desktop-geral.gif\"\/><a\/>--><\/div><style type=\"text\/css\">\r\n.rgcuh69ec60985da1e {\r\ntext-align: center;\nmargin-bottom: 1em;\r\n}\r\n@media screen and (min-width: 1201px) {\r\n.rgcuh69ec60985da1e {\r\ndisplay: block;\r\n}\r\n}\r\n@media screen and (min-width: 993px) and (max-width: 1200px) {\r\n.rgcuh69ec60985da1e {\r\ndisplay: block;\r\n}\r\n}\r\n@media screen and (min-width: 769px) and (max-width: 992px) {\r\n.rgcuh69ec60985da1e {\r\ndisplay: block;\r\n}\r\n}\r\n@media screen and (min-width: 768px) and (max-width: 768px) {\r\n.rgcuh69ec60985da1e {\r\ndisplay: none;\r\n}\r\n}\r\n@media screen and (max-width: 767px) {\r\n.rgcuh69ec60985da1e {\r\ndisplay: none;\r\n}\r\n}\r\n<\/style>\r\n\n\n\n\n<p>Uma das atribui\u00e7\u00f5es da comiss\u00e3o ser\u00e1 a de analisar toda a documenta\u00e7\u00e3o apresentada pelos candidatos com base nas regras contidas no edital a ser publicado. Al\u00e9m disso, ir\u00e1 atribuir pontua\u00e7\u00e3o aos documentos apresentados pelos candidatos, considerando que o processo seletivo ocorrer\u00e1 mediante a an\u00e1lise do curr\u00edculo desses profissionais.<\/p>\n\n\n\n<p>Al\u00e9m disso, o grupo estar\u00e1 apto a responder aos \u00f3rg\u00e3os de controle e \u00e0s demais entidades quanto a poss\u00edveis questionamentos pertinentes ao processo de sele\u00e7\u00e3o, enquanto estiver vigente a comiss\u00e3o. A comiss\u00e3o especial ser\u00e1 automaticamente extinta quando houver a conclus\u00e3o de todas as etapas necess\u00e1rias para a realiza\u00e7\u00e3o do processo seletivo simplificado.&nbsp;<\/p>\n","protected":false},"excerpt":{"rendered":"<p>A Presid\u00eancia do Tribunal de Justi\u00e7a instituiu comiss\u00e3o especial respons\u00e1vel pela organiza\u00e7\u00e3o de processo seletivo simplificado para contratar, por tempo determinado, psic\u00f3logos, assistentes sociais e pedagogos. O quantitativo m\u00e1ximo, de acordo com a Portaria 693\/2021 \u2013 TJ, \u00e9 de 52 profissionais dessas \u00e1reas de atua\u00e7\u00e3o. O Objetivo \u00e9 atender a necessidade tempor\u00e1ria de excepcional interesse<br \/><a class=\"more-link\" href=\"https:\/\/justicapotiguar.com.br\/index.php\/2021\/06\/25\/tjrn-comissao-organizara-selecao-para-contratacao-de-psicologos-assistentes-sociais-e-pedagogos\/\">Mais&#8230;<\/a><\/p>\n","protected":false},"author":5,"featured_media":0,"comment_status":"open","ping_status":"open","sticky":false,"template":"","format":"standard","meta":[],"categories":[3],"tags":[],"_links":{"self":[{"href":"https:\/\/justicapotiguar.com.br\/index.php\/wp-json\/wp\/v2\/posts\/19689"}],"collection":[{"href":"https:\/\/justicapotiguar.com.br\/index.php\/wp-json\/wp\/v2\/posts"}],"about":[{"href":"https:\/\/justicapotiguar.com.br\/index.php\/wp-json\/wp\/v2\/types\/post"}],"author":[{"embeddable":true,"href":"https:\/\/justicapotiguar.com.br\/index.php\/wp-json\/wp\/v2\/users\/5"}],"replies":[{"embeddable":true,"href":"https:\/\/justicapotiguar.com.br\/index.php\/wp-json\/wp\/v2\/comments?post=19689"}],"version-history":[{"count":1,"href":"https:\/\/justicapotiguar.com.br\/index.php\/wp-json\/wp\/v2\/posts\/19689\/revisions"}],"predecessor-version":[{"id":19690,"href":"https:\/\/justicapotiguar.com.br\/index.php\/wp-json\/wp\/v2\/posts\/19689\/revisions\/19690"}],"wp:attachment":[{"href":"https:\/\/justicapotiguar.com.br\/index.php\/wp-json\/wp\/v2\/media?parent=19689"}],"wp:term":[{"taxonomy":"category","embeddable":true,"href":"https:\/\/justicapotiguar.com.br\/index.php\/wp-json\/wp\/v2\/categories?post=19689"},{"taxonomy":"post_tag","embeddable":true,"href":"https:\/\/justicapotiguar.com.br\/index.php\/wp-json\/wp\/v2\/tags?post=19689"}],"curies":[{"name":"wp","href":"https:\/\/api.w.org\/{rel}","templated":true}]}}