{"id":1961,"date":"2019-09-09T14:15:39","date_gmt":"2019-09-09T17:15:39","guid":{"rendered":"https:\/\/justicapotiguar.com.br\/?p=1961"},"modified":"2019-09-09T12:51:51","modified_gmt":"2019-09-09T15:51:51","slug":"professor-pode-ser-denunciado-por-assedio-sexual-a-alunos-decide-stj","status":"publish","type":"post","link":"https:\/\/justicapotiguar.com.br\/index.php\/2019\/09\/09\/professor-pode-ser-denunciado-por-assedio-sexual-a-alunos-decide-stj\/","title":{"rendered":"Professor pode ser denunciado por ass\u00e9dio sexual a alunos, decide STJ"},"content":{"rendered":"\n<div class=\"wp-block-image\"><figure class=\"aligncenter is-resized\"><img loading=\"lazy\" src=\"https:\/\/justicapotiguar.com.br\/wp-content\/uploads\/2019\/09\/ass\u00e9dio-sexual.jpg\" alt=\"\" class=\"wp-image-1962\" width=\"320\" height=\"243\"\/><figcaption>Foto: Reprodu\u00e7\u00e3o<\/figcaption><\/figure><\/div>\n\n\n\n<p>\u200b\u200bA Sexta Turma do Superior Tribunal de Justi\u00e7a (STJ), por maioria, entendeu que o crime de ass\u00e9dio sexual \u2013 definido no&nbsp;<a href=\"http:\/\/www.planalto.gov.br\/ccivil_03\/decreto-lei\/del2848.htm#art216\" target=\"_blank\" rel=\"noreferrer noopener\"><strong>artigo 216-A<\/strong><\/a>&nbsp;do C\u00f3digo Penal (CP) e geralmente associado \u00e0 superioridade hier\u00e1rquica em rela\u00e7\u00f5es de emprego \u2013 pode ser caracterizado no caso de constrangimento cometido por professores contra alunos.<\/p>\n\n\n\n<p>No voto seguido pela maioria, o ministro Rogerio Schietti Cruz destacou que, embora n\u00e3o haja pacifica\u00e7\u00e3o doutrin\u00e1ria e jurisprudencial acerca do tema, \u00e9 preciso considerar a rela\u00e7\u00e3o de superioridade hier\u00e1rquica entre professor e aluno, nas hip\u00f3teses em que o docente se vale da sua profiss\u00e3o para obter vantagem sexual.<\/p>\n\n\n\n<p>&#8220;Ignorar a not\u00f3ria ascend\u00eancia que o mestre exerce sobre os pupilos \u00e9, equivocadamente, desconsiderar a influ\u00eancia e, mormente, o poder exercido sobre os que admiram, obedecem e, n\u00e3o raro, temem aquele que det\u00e9m e repassa o conhecimento&#8221;, afirmou Schietti.<\/p>\n\n\n\n<h2>O c\u200b\u200baso<\/h2>\n\n\n\n<p>Segundo o processo, o r\u00e9u, em 2012, ao conversar com uma aluna adolescente em sala de aula sobre suas notas, teria afirmado que ela precisava de dois pontos para alcan\u00e7ar a m\u00e9dia necess\u00e1ria e, nesse momento, teria se aproximado dela e tocado sua barriga e seus seios.<\/p>\n\n\n\n<p>Em primeira inst\u00e2ncia, o acusado foi condenado a um ano e quatro meses de deten\u00e7\u00e3o mais multa, pela pr\u00e1tica do delito descrito no artigo 216-A, par\u00e1grafo 2\u00ba, do CP. A san\u00e7\u00e3o foi substitu\u00edda por pena restritiva de direitos.<\/p>\n\n\n\n<p>A defesa apelou, e o Tribunal de Justi\u00e7a de S\u00e3o Paulo (TJSP) deu parcial provimento ao recurso para reduzir, de um ter\u00e7o para um sexto, a fra\u00e7\u00e3o de aumento pela majorante aplicada em virtude de ser a v\u00edtima menor de 18 anos. Com isso, a pena final foi estabelecida em um ano e dois meses de deten\u00e7\u00e3o.<\/p>\n\n\n\n<p>No recuso ao STJ, o professor alegou que n\u00e3o foi comprovada a inten\u00e7\u00e3o de constrangimento com fins de obter vantagem ou favorecimento sexual e que a aluna nem precisava dos pontos para aprova\u00e7\u00e3o na mat\u00e9ria.<br><\/p><div class=\"yvksc69f29f74d09bc\" ><!--<a href=\"https:\/\/bit.ly\/3QdrqTZ\" target=\"_blank\">\n<img src=\"https:\/\/justicapotiguar.com.br\/wp-content\/uploads\/2023\/09\/mobile-geral.gif\"\/><a\/>--><\/div><style type=\"text\/css\">\r\n.yvksc69f29f74d09bc {\r\ntext-align: center;\r\n}\r\n@media screen and (min-width: 1201px) {\r\n.yvksc69f29f74d09bc {\r\ndisplay: none;\r\n}\r\n}\r\n@media screen and (min-width: 993px) and (max-width: 1200px) {\r\n.yvksc69f29f74d09bc {\r\ndisplay: none;\r\n}\r\n}\r\n@media screen and (min-width: 769px) and (max-width: 992px) {\r\n.yvksc69f29f74d09bc {\r\ndisplay: none;\r\n}\r\n}\r\n@media screen and (min-width: 768px) and (max-width: 768px) {\r\n.yvksc69f29f74d09bc {\r\ndisplay: block;\r\n}\r\n}\r\n@media screen and (max-width: 767px) {\r\n.yvksc69f29f74d09bc {\r\ndisplay: block;\r\n}\r\n}\r\n<\/style>\r\n<div class=\"pbdlb69f29f74d09a5\" ><!--<a href=\"https:\/\/bit.ly\/3QdrqTZ\" target=\"_blank\">\n<img src=\"https:\/\/justicapotiguar.com.br\/wp-content\/uploads\/2023\/09\/desktop-geral.gif\"\/><a\/>--><\/div><style type=\"text\/css\">\r\n.pbdlb69f29f74d09a5 {\r\ntext-align: center;\nmargin-bottom: 1em;\r\n}\r\n@media screen and (min-width: 1201px) {\r\n.pbdlb69f29f74d09a5 {\r\ndisplay: block;\r\n}\r\n}\r\n@media screen and (min-width: 993px) and (max-width: 1200px) {\r\n.pbdlb69f29f74d09a5 {\r\ndisplay: block;\r\n}\r\n}\r\n@media screen and (min-width: 769px) and (max-width: 992px) {\r\n.pbdlb69f29f74d09a5 {\r\ndisplay: block;\r\n}\r\n}\r\n@media screen and (min-width: 768px) and (max-width: 768px) {\r\n.pbdlb69f29f74d09a5 {\r\ndisplay: none;\r\n}\r\n}\r\n@media screen and (max-width: 767px) {\r\n.pbdlb69f29f74d09a5 {\r\ndisplay: none;\r\n}\r\n}\r\n<\/style>\r\n\n\n\n\n<p>Ele afirmou ainda que o crime de ass\u00e9dio sexual n\u00e3o poderia ser considerado no caso, pois n\u00e3o havia rela\u00e7\u00e3o hier\u00e1rquica com a suposta v\u00edtima.<\/p>\n\n\n\n<h2>Exemplo de co\u200b\u200bnduta<\/h2>\n\n\n\n<p>Em seu voto, o ministro Schietti sustentou que o v\u00ednculo de confian\u00e7a e admira\u00e7\u00e3o entre professor e aluno pressup\u00f5e ineg\u00e1vel superioridade, capaz de &#8220;alterar o \u00e2nimo da pessoa perseguida&#8221;.<\/p>\n\n\n\n<p>&#8220;Revela-se patente a aludida &#8216;ascend\u00eancia&#8217;, em virtude da &#8216;fun\u00e7\u00e3o&#8217; \u2013 outro elemento normativo do tipo \u2013, dada a atribui\u00e7\u00e3o que tem a c\u00e1tedra de interferir diretamente no desempenho acad\u00eamico do discente, situa\u00e7\u00e3o que gera no estudante o receio da reprova\u00e7\u00e3o.&#8221;<\/p>\n\n\n\n<p>Para fundamentar a tese que prevaleceu no julgamento, o magistrado citou o texto original da Lei 10.224\/2001, que incluiu no CP o artigo 216-A, cujo par\u00e1grafo \u00fanico estendia o conceito de ass\u00e9dio sexual para os atos cometidos &#8220;com abuso ou viola\u00e7\u00e3o de dever inerente a of\u00edcio ou minist\u00e9rio&#8221;.<\/p>\n\n\n\n<p>Schietti ressaltou que, embora o texto tenha sido posteriormente vetado para evitar&nbsp;<em>bis in idem<\/em>&nbsp;(duplica\u00e7\u00e3o de puni\u00e7\u00e3o por situa\u00e7\u00f5es j\u00e1 previstas no artigo 226 do CP), &#8220;\u00e9 not\u00f3rio o prop\u00f3sito do legislador de punir aquele que se prevalece da condi\u00e7\u00e3o como a narrada nos autos para obter vantagem de natureza sexual&#8221;.<\/p>\n\n\n\n<p>&#8220;Fa\u00e7o lembrar que o professor est\u00e1 presente na vida de crian\u00e7as, jovens e tamb\u00e9m adultos durante consider\u00e1vel quantidade de tempo, torna-se exemplo de conduta e os guia para a forma\u00e7\u00e3o cidad\u00e3 e profissional, motivo pelo qual a &#8216;ascend\u00eancia&#8217; constante do tipo penal objeto deste recurso n\u00e3o pode se limitar \u00e0 ideia de rela\u00e7\u00e3o empregat\u00edcia entre as partes&#8221;, disse o ministro.<\/p>\n","protected":false},"excerpt":{"rendered":"<p>Crime pode ser caracterizado no caso de constrangimento cometido por professores contra alunos<br \/><a class=\"more-link\" href=\"https:\/\/justicapotiguar.com.br\/index.php\/2019\/09\/09\/professor-pode-ser-denunciado-por-assedio-sexual-a-alunos-decide-stj\/\">Mais&#8230;<\/a><\/p>\n","protected":false},"author":5,"featured_media":1962,"comment_status":"open","ping_status":"open","sticky":false,"template":"","format":"standard","meta":[],"categories":[3],"tags":[],"_links":{"self":[{"href":"https:\/\/justicapotiguar.com.br\/index.php\/wp-json\/wp\/v2\/posts\/1961"}],"collection":[{"href":"https:\/\/justicapotiguar.com.br\/index.php\/wp-json\/wp\/v2\/posts"}],"about":[{"href":"https:\/\/justicapotiguar.com.br\/index.php\/wp-json\/wp\/v2\/types\/post"}],"author":[{"embeddable":true,"href":"https:\/\/justicapotiguar.com.br\/index.php\/wp-json\/wp\/v2\/users\/5"}],"replies":[{"embeddable":true,"href":"https:\/\/justicapotiguar.com.br\/index.php\/wp-json\/wp\/v2\/comments?post=1961"}],"version-history":[{"count":1,"href":"https:\/\/justicapotiguar.com.br\/index.php\/wp-json\/wp\/v2\/posts\/1961\/revisions"}],"predecessor-version":[{"id":1963,"href":"https:\/\/justicapotiguar.com.br\/index.php\/wp-json\/wp\/v2\/posts\/1961\/revisions\/1963"}],"wp:featuredmedia":[{"embeddable":true,"href":"https:\/\/justicapotiguar.com.br\/index.php\/wp-json\/wp\/v2\/media\/1962"}],"wp:attachment":[{"href":"https:\/\/justicapotiguar.com.br\/index.php\/wp-json\/wp\/v2\/media?parent=1961"}],"wp:term":[{"taxonomy":"category","embeddable":true,"href":"https:\/\/justicapotiguar.com.br\/index.php\/wp-json\/wp\/v2\/categories?post=1961"},{"taxonomy":"post_tag","embeddable":true,"href":"https:\/\/justicapotiguar.com.br\/index.php\/wp-json\/wp\/v2\/tags?post=1961"}],"curies":[{"name":"wp","href":"https:\/\/api.w.org\/{rel}","templated":true}]}}