{"id":19463,"date":"2021-06-16T08:23:07","date_gmt":"2021-06-16T11:23:07","guid":{"rendered":"https:\/\/justicapotiguar.com.br\/?p=19463"},"modified":"2021-06-15T22:24:38","modified_gmt":"2021-06-16T01:24:38","slug":"supremo-tem-trabalhado-muito-para-ser-uma-corte-100-digital-diz-fux","status":"publish","type":"post","link":"https:\/\/justicapotiguar.com.br\/index.php\/2021\/06\/16\/supremo-tem-trabalhado-muito-para-ser-uma-corte-100-digital-diz-fux\/","title":{"rendered":"&#8220;Supremo tem trabalhado muito para ser uma corte 100% digital&#8221;, diz Fux"},"content":{"rendered":"\n<p>O Supremo Tribunal Federal tem empenhado esfor\u00e7os para resolver antigos problemas, como o excesso de decis\u00f5es monocr\u00e1ticas e de pedidos de vistas que n\u00e3o obedecem a prazo. Em paralelo, tamb\u00e9m tem trabalhado muito para se modernizar e se transformar em uma corte 100% digital.<\/p>\n\n\n\n<p><img alt=\"\" src=\"https:\/\/www.conjur.com.br\/img\/b\/luiz-fux-spacca.jpeg\">Essa \u00e9 a principal meta do presidente do Supremo Tribunal Federal,&nbsp;<strong>ministro Luiz Fux<\/strong>, no comando da corte constitucional do pa\u00eds e do Conselho Nacional de Justi\u00e7a desde setembro de 2020. Em seu longo discurso de posse, listou a governan\u00e7a, a efici\u00eancia, a inova\u00e7\u00e3o tecnol\u00f3gica e a transpar\u00eancia como vetores estrat\u00e9gicos da sua gest\u00e3o.<\/p>\n\n\n\n<p>Passados nove meses de seu mandato, em entrevista para a&nbsp;<strong>edi\u00e7\u00e3o 2021 do Anu\u00e1rio da Justi\u00e7a Brasil<\/strong>, com lan\u00e7amento no dia 29 de junho, a partir das 10h30, pelo&nbsp;<a href=\"https:\/\/www.youtube.com\/channel\/UC99HRUaTMgjP8gu3dxOYB6A\">canal da&nbsp;<strong>ConJur<\/strong>&nbsp;no YouTube<\/a>, Fux avalia que julgar muito como o Supremo o faz n\u00e3o significa necessariamente julgar bem.<\/p>\n\n\n\n<p>O ministro tem a inten\u00e7\u00e3o de reposicionar o Supremo para que seja uma corte eminentemente constitucional. &#8220;\u00c9 preciso acabar com a cultura de se enxergar o Supremo Tribunal Federal como a quarta inst\u00e2ncia do Judici\u00e1rio. O nosso tribunal caminha para se tornar uma corte eminentemente constitucional, com a miss\u00e3o de pacificar temas relevantes para a cultura pol\u00edtica do pa\u00eds, a higidez da democracia e das institui\u00e7\u00f5es, al\u00e9m dos conflitos morais e sociais complexos.&#8221;<\/p><div class=\"ziwpw69f6ffc20b6ac\" ><!--<a href=\"https:\/\/bit.ly\/3QdrqTZ\" target=\"_blank\">\n<img src=\"https:\/\/justicapotiguar.com.br\/wp-content\/uploads\/2023\/09\/mobile-geral.gif\"\/><a\/>--><\/div><style type=\"text\/css\">\r\n.ziwpw69f6ffc20b6ac {\r\ntext-align: center;\r\n}\r\n@media screen and (min-width: 1201px) {\r\n.ziwpw69f6ffc20b6ac {\r\ndisplay: none;\r\n}\r\n}\r\n@media screen and (min-width: 993px) and (max-width: 1200px) {\r\n.ziwpw69f6ffc20b6ac {\r\ndisplay: none;\r\n}\r\n}\r\n@media screen and (min-width: 769px) and (max-width: 992px) {\r\n.ziwpw69f6ffc20b6ac {\r\ndisplay: none;\r\n}\r\n}\r\n@media screen and (min-width: 768px) and (max-width: 768px) {\r\n.ziwpw69f6ffc20b6ac {\r\ndisplay: block;\r\n}\r\n}\r\n@media screen and (max-width: 767px) {\r\n.ziwpw69f6ffc20b6ac {\r\ndisplay: block;\r\n}\r\n}\r\n<\/style>\r\n<div class=\"grfpo69f6ffc20b699\" ><!--<a href=\"https:\/\/bit.ly\/3QdrqTZ\" target=\"_blank\">\n<img src=\"https:\/\/justicapotiguar.com.br\/wp-content\/uploads\/2023\/09\/desktop-geral.gif\"\/><a\/>--><\/div><style type=\"text\/css\">\r\n.grfpo69f6ffc20b699 {\r\ntext-align: center;\nmargin-bottom: 1em;\r\n}\r\n@media screen and (min-width: 1201px) {\r\n.grfpo69f6ffc20b699 {\r\ndisplay: block;\r\n}\r\n}\r\n@media screen and (min-width: 993px) and (max-width: 1200px) {\r\n.grfpo69f6ffc20b699 {\r\ndisplay: block;\r\n}\r\n}\r\n@media screen and (min-width: 769px) and (max-width: 992px) {\r\n.grfpo69f6ffc20b699 {\r\ndisplay: block;\r\n}\r\n}\r\n@media screen and (min-width: 768px) and (max-width: 768px) {\r\n.grfpo69f6ffc20b699 {\r\ndisplay: none;\r\n}\r\n}\r\n@media screen and (max-width: 767px) {\r\n.grfpo69f6ffc20b699 {\r\ndisplay: none;\r\n}\r\n}\r\n<\/style>\r\n\n\n\n\n<p>O presidente do STF tamb\u00e9m quer atacar um velho problema nem t\u00e3o simples de resolver: visa a reduzir a monocratiza\u00e7\u00e3o do tribunal, ou seja, o excesso de decis\u00f5es individuais dos ministros. &#8220;Ainda precisamos reduzir mais a monocratiza\u00e7\u00e3o das decis\u00f5es do STF. A Suprema Corte vai visitar esse tema em breve, pois j\u00e1 temos a quest\u00e3o posta em propostas de emendas regimentais&#8221;, conta.<\/p>\n\n\n\n<p>Conseguiu aprovar, com um m\u00eas de mandato, que as a\u00e7\u00f5es penais ajuizadas contra r\u00e9us com prerrogativa de foro por\u00a0<a href=\"https:\/\/www.conjur.com.br\/2020-out-07\/supremo-retoma-competencia-penal-plenario\">fun\u00e7\u00e3o voltem a ser processadas e julgadas pelo Plen\u00e1rio<\/a>. &#8220;A mudan\u00e7a regimental insere-se num conjunto de medidas para institucionalizar o tribunal, reduzindo, sempre que poss\u00edvel, a sua fragmenta\u00e7\u00e3o deliberativa e fomentando respostas advindas do colegiado em sua fei\u00e7\u00e3o completa. N\u00e3o \u00e9 eficiente um Supremo na 1\u00aa Turma, outro na 2\u00aa Turma e um terceiro representado pelo Plen\u00e1rio&#8221;, comenta.<\/p>\n\n\n\n<p>Conjur <\/p>\n","protected":false},"excerpt":{"rendered":"<p>O Supremo Tribunal Federal tem empenhado esfor\u00e7os para resolver antigos problemas, como o excesso de decis\u00f5es monocr\u00e1ticas e de pedidos de vistas que n\u00e3o obedecem a prazo. Em paralelo, tamb\u00e9m tem trabalhado muito para se modernizar e se transformar em uma corte 100% digital. Essa \u00e9 a principal meta do presidente do Supremo Tribunal Federal,&nbsp;ministro<br \/><a class=\"more-link\" href=\"https:\/\/justicapotiguar.com.br\/index.php\/2021\/06\/16\/supremo-tem-trabalhado-muito-para-ser-uma-corte-100-digital-diz-fux\/\">Mais&#8230;<\/a><\/p>\n","protected":false},"author":5,"featured_media":6757,"comment_status":"open","ping_status":"open","sticky":false,"template":"","format":"standard","meta":[],"categories":[3],"tags":[],"_links":{"self":[{"href":"https:\/\/justicapotiguar.com.br\/index.php\/wp-json\/wp\/v2\/posts\/19463"}],"collection":[{"href":"https:\/\/justicapotiguar.com.br\/index.php\/wp-json\/wp\/v2\/posts"}],"about":[{"href":"https:\/\/justicapotiguar.com.br\/index.php\/wp-json\/wp\/v2\/types\/post"}],"author":[{"embeddable":true,"href":"https:\/\/justicapotiguar.com.br\/index.php\/wp-json\/wp\/v2\/users\/5"}],"replies":[{"embeddable":true,"href":"https:\/\/justicapotiguar.com.br\/index.php\/wp-json\/wp\/v2\/comments?post=19463"}],"version-history":[{"count":1,"href":"https:\/\/justicapotiguar.com.br\/index.php\/wp-json\/wp\/v2\/posts\/19463\/revisions"}],"predecessor-version":[{"id":19464,"href":"https:\/\/justicapotiguar.com.br\/index.php\/wp-json\/wp\/v2\/posts\/19463\/revisions\/19464"}],"wp:featuredmedia":[{"embeddable":true,"href":"https:\/\/justicapotiguar.com.br\/index.php\/wp-json\/wp\/v2\/media\/6757"}],"wp:attachment":[{"href":"https:\/\/justicapotiguar.com.br\/index.php\/wp-json\/wp\/v2\/media?parent=19463"}],"wp:term":[{"taxonomy":"category","embeddable":true,"href":"https:\/\/justicapotiguar.com.br\/index.php\/wp-json\/wp\/v2\/categories?post=19463"},{"taxonomy":"post_tag","embeddable":true,"href":"https:\/\/justicapotiguar.com.br\/index.php\/wp-json\/wp\/v2\/tags?post=19463"}],"curies":[{"name":"wp","href":"https:\/\/api.w.org\/{rel}","templated":true}]}}