{"id":19404,"date":"2021-06-13T12:02:59","date_gmt":"2021-06-13T15:02:59","guid":{"rendered":"https:\/\/justicapotiguar.com.br\/?p=19404"},"modified":"2021-06-12T22:05:06","modified_gmt":"2021-06-13T01:05:06","slug":"desprezada-por-bolsonaro-lista-triplice-da-pgr-tem-a-menor-concorrencia-desde-2003","status":"publish","type":"post","link":"https:\/\/justicapotiguar.com.br\/index.php\/2021\/06\/13\/desprezada-por-bolsonaro-lista-triplice-da-pgr-tem-a-menor-concorrencia-desde-2003\/","title":{"rendered":"Desprezada por Bolsonaro, lista tr\u00edplice da PGR tem a menor concorr\u00eancia desde 2003"},"content":{"rendered":"\n<p>Diante da imin\u00eancia de que o presidente Jair Bolsonaro volte a ignor\u00e1-la, a lista tr\u00edplice para procurador-geral da Rep\u00fablica registrou este ano o menor n\u00famero de candidatos desde 2003. Desde que os procuradores do Minist\u00e9rio P\u00fablico Federal (MPF) passaram a eleger tr\u00eas nomes internamente para apresentar ao chefe do Executivo, essa \u00e9 a primeira vez em que apenas um trio postula o cargo. No \u00faltimo pleito do \u00f3rg\u00e3o visando o posto, em 2019, foram dez concorrentes \u2014 recorde absoluto de candidaturas.<\/p>\n\n\n\n<p>De 2003 para c\u00e1, os presidentes em exerc\u00edcio sempre mantiveram o compromisso de indicar um dos integrantes da lista tr\u00edplice \u00e0 Procuradoria-Geral da Rep\u00fablica (PGR). A tradi\u00e7\u00e3o foi rompida apenas por Bolsonaro, que conduziu Augusto Aras ao cargo em 2019. Com seu mandato terminando em 26 de setembro, o atual procurador-geral \u00e9 apontado como favorito para seguir na fun\u00e7\u00e3o, embora Aras ainda sonhe com uma nomea\u00e7\u00e3o ao Supremo Tribunal Federal (STF) com a aposentadoria do ministro Marco Aur\u00e9lio Mello, em julho.<\/p>\n\n\n\n<figure class=\"wp-block-image size-large\"><img loading=\"lazy\" width=\"768\" height=\"512\" src=\"https:\/\/justicapotiguar.com.br\/wp-content\/uploads\/2019\/08\/PGR.jpg\" alt=\"\" class=\"wp-image-670\" srcset=\"https:\/\/justicapotiguar.com.br\/wp-content\/uploads\/2019\/08\/PGR.jpg 768w, https:\/\/justicapotiguar.com.br\/wp-content\/uploads\/2019\/08\/PGR-300x200.jpg 300w\" sizes=\"(max-width: 768px) 100vw, 768px\" \/><figcaption>Reprodu\u00e7\u00e3o<\/figcaption><\/figure>\n\n\n\n<p>Apesar de avaliarem as chances como remotas, procuradores t\u00eam refor\u00e7ado a import\u00e2ncia dos nomes tutelados pela institui\u00e7\u00e3o. Para este ano, os subprocuradores Luiza Frischeisen, Mario Bonsaglia e Nicolao Dino v\u00e3o compor a rela\u00e7\u00e3o, que ainda assim ser\u00e1 votada no pr\u00f3ximo dia 22. O trio, que j\u00e1 figurou em listas anteriores, conta com respaldo entre seus pares, o que tende a ser confirmado pela elei\u00e7\u00e3o interna. A avalia\u00e7\u00e3o \u00e9 que a ades\u00e3o dos membros do MPF ao processo, mesmo que seja desconsiderado pelo presidente, transmitir\u00e1 uma mensagem clara de defesa da lista tr\u00edplice.https:\/\/d-9099114993312504220.ampproject.net\/2106030132000\/frame.html<\/p>\n\n\n\n<p>Procuradores n\u00e3o atribuem o baixo n\u00famero de candidatos este ano a uma desilus\u00e3o quanto \u00e0 decis\u00e3o de Bolsonaro, e afirmam que, com apenas tr\u00eas nomes na disputa, a lista tende a se refor\u00e7ar ao ter seus representantes bem definidos. Com dez candidatos em 2019, houve uma dilui\u00e7\u00e3o dos votos internos. A quantidade de candidaturas variava entre quatro e cinco at\u00e9 2017, quando sete membros concorreram. Naquele ano, o ex-presidente Michel Temer escolheu a segunda mais votada da rela\u00e7\u00e3o, a procuradora Raquel Dodge. Em seus mandatos, os petistas Lula e Dilma sempre indicaram o primeiro da lista.<\/p><div class=\"ryjiu69f5aa1fa3a4b\" ><!--<a href=\"https:\/\/bit.ly\/3QdrqTZ\" target=\"_blank\">\n<img src=\"https:\/\/justicapotiguar.com.br\/wp-content\/uploads\/2023\/09\/mobile-geral.gif\"\/><a\/>--><\/div><style type=\"text\/css\">\r\n.ryjiu69f5aa1fa3a4b {\r\ntext-align: center;\r\n}\r\n@media screen and (min-width: 1201px) {\r\n.ryjiu69f5aa1fa3a4b {\r\ndisplay: none;\r\n}\r\n}\r\n@media screen and (min-width: 993px) and (max-width: 1200px) {\r\n.ryjiu69f5aa1fa3a4b {\r\ndisplay: none;\r\n}\r\n}\r\n@media screen and (min-width: 769px) and (max-width: 992px) {\r\n.ryjiu69f5aa1fa3a4b {\r\ndisplay: none;\r\n}\r\n}\r\n@media screen and (min-width: 768px) and (max-width: 768px) {\r\n.ryjiu69f5aa1fa3a4b {\r\ndisplay: block;\r\n}\r\n}\r\n@media screen and (max-width: 767px) {\r\n.ryjiu69f5aa1fa3a4b {\r\ndisplay: block;\r\n}\r\n}\r\n<\/style>\r\n<div class=\"qerse69f5aa1fa3a37\" ><!--<a href=\"https:\/\/bit.ly\/3QdrqTZ\" target=\"_blank\">\n<img src=\"https:\/\/justicapotiguar.com.br\/wp-content\/uploads\/2023\/09\/desktop-geral.gif\"\/><a\/>--><\/div><style type=\"text\/css\">\r\n.qerse69f5aa1fa3a37 {\r\ntext-align: center;\nmargin-bottom: 1em;\r\n}\r\n@media screen and (min-width: 1201px) {\r\n.qerse69f5aa1fa3a37 {\r\ndisplay: block;\r\n}\r\n}\r\n@media screen and (min-width: 993px) and (max-width: 1200px) {\r\n.qerse69f5aa1fa3a37 {\r\ndisplay: block;\r\n}\r\n}\r\n@media screen and (min-width: 769px) and (max-width: 992px) {\r\n.qerse69f5aa1fa3a37 {\r\ndisplay: block;\r\n}\r\n}\r\n@media screen and (min-width: 768px) and (max-width: 768px) {\r\n.qerse69f5aa1fa3a37 {\r\ndisplay: none;\r\n}\r\n}\r\n@media screen and (max-width: 767px) {\r\n.qerse69f5aa1fa3a37 {\r\ndisplay: none;\r\n}\r\n}\r\n<\/style>\r\n\n\n\n\n<p>Mais votado na maior elei\u00e7\u00e3o interna \u00e0 lista tr\u00edplice em 2019, o subprocurador Mario Bonsaglia volta a concorrer, apesar da frustra\u00e7\u00e3o na \u00faltima escolha para a PGR. Para ele, a indica\u00e7\u00e3o de algu\u00e9m alheio \u00e0s discuss\u00f5es da institui\u00e7\u00e3o \u00e9 prejudicial ao processo democr\u00e1tico, embora ressalve que n\u00e3o haver\u00e1 boicote \u00e0 pr\u00f3xima gest\u00e3o caso isso aconte\u00e7a novamente.<\/p>\n\n\n\n<p>\u2014 O progn\u00f3stico de que possa n\u00e3o vir a ser considerada novamente existe. \u00c9 uma possibilidade vislumbrada claramente. A escolha do PGR por meio da lista tr\u00edplice n\u00e3o \u00e9 uma quest\u00e3o corporativa, \u00e9 um assunto que interessa a toda a sociedade \u2014 afirmou Bonsaglia.<\/p>\n\n\n\n<p>Internamente, prevalece a avalia\u00e7\u00e3o de que a escolha do PGR n\u00e3o deve ser feita por afinidades ou articula\u00e7\u00f5es em Bras\u00edlia, sob risco de afetar a independ\u00eancia funcional dos procuradores. Avesso \u00e0 lista tr\u00edplice, Aras foi derrotado na \u00faltima ter\u00e7a-feira em pleito interno para duas cadeiras no Conselho Superior do MPF. A categoria elegeu dois subprocuradores cr\u00edticos ao atual PGR, que viu seus candidatos fracassarem. O resultado exp\u00f5e sinais de insatisfa\u00e7\u00e3o com sua gest\u00e3o, pautada por um perfil discreto sobretudo na \u00e1rea criminal.<\/p>\n\n\n\n<p>O Globo<\/p>\n","protected":false},"excerpt":{"rendered":"<p>Diante da imin\u00eancia de que o presidente Jair Bolsonaro volte a ignor\u00e1-la, a lista tr\u00edplice para procurador-geral da Rep\u00fablica registrou este ano o menor n\u00famero de candidatos desde 2003. Desde que os procuradores do Minist\u00e9rio P\u00fablico Federal (MPF) passaram a eleger tr\u00eas nomes internamente para apresentar ao chefe do Executivo, essa \u00e9 a primeira vez<br \/><a class=\"more-link\" href=\"https:\/\/justicapotiguar.com.br\/index.php\/2021\/06\/13\/desprezada-por-bolsonaro-lista-triplice-da-pgr-tem-a-menor-concorrencia-desde-2003\/\">Mais&#8230;<\/a><\/p>\n","protected":false},"author":5,"featured_media":670,"comment_status":"open","ping_status":"open","sticky":false,"template":"","format":"standard","meta":[],"categories":[3],"tags":[],"_links":{"self":[{"href":"https:\/\/justicapotiguar.com.br\/index.php\/wp-json\/wp\/v2\/posts\/19404"}],"collection":[{"href":"https:\/\/justicapotiguar.com.br\/index.php\/wp-json\/wp\/v2\/posts"}],"about":[{"href":"https:\/\/justicapotiguar.com.br\/index.php\/wp-json\/wp\/v2\/types\/post"}],"author":[{"embeddable":true,"href":"https:\/\/justicapotiguar.com.br\/index.php\/wp-json\/wp\/v2\/users\/5"}],"replies":[{"embeddable":true,"href":"https:\/\/justicapotiguar.com.br\/index.php\/wp-json\/wp\/v2\/comments?post=19404"}],"version-history":[{"count":1,"href":"https:\/\/justicapotiguar.com.br\/index.php\/wp-json\/wp\/v2\/posts\/19404\/revisions"}],"predecessor-version":[{"id":19405,"href":"https:\/\/justicapotiguar.com.br\/index.php\/wp-json\/wp\/v2\/posts\/19404\/revisions\/19405"}],"wp:featuredmedia":[{"embeddable":true,"href":"https:\/\/justicapotiguar.com.br\/index.php\/wp-json\/wp\/v2\/media\/670"}],"wp:attachment":[{"href":"https:\/\/justicapotiguar.com.br\/index.php\/wp-json\/wp\/v2\/media?parent=19404"}],"wp:term":[{"taxonomy":"category","embeddable":true,"href":"https:\/\/justicapotiguar.com.br\/index.php\/wp-json\/wp\/v2\/categories?post=19404"},{"taxonomy":"post_tag","embeddable":true,"href":"https:\/\/justicapotiguar.com.br\/index.php\/wp-json\/wp\/v2\/tags?post=19404"}],"curies":[{"name":"wp","href":"https:\/\/api.w.org\/{rel}","templated":true}]}}