{"id":19361,"date":"2021-06-10T15:21:46","date_gmt":"2021-06-10T18:21:46","guid":{"rendered":"https:\/\/justicapotiguar.com.br\/?p=19361"},"modified":"2021-06-10T15:21:46","modified_gmt":"2021-06-10T18:21:46","slug":"oab-emite-nota-de-pesar-pela-morte-do-advogado-luis-pavan-por-covid-19","status":"publish","type":"post","link":"https:\/\/justicapotiguar.com.br\/index.php\/2021\/06\/10\/oab-emite-nota-de-pesar-pela-morte-do-advogado-luis-pavan-por-covid-19\/","title":{"rendered":"OAB emite nota de pesar pela morte do advogado Luis Pavan por Covid-19"},"content":{"rendered":"\n<figure class=\"wp-block-image size-large\"><img loading=\"lazy\" width=\"556\" height=\"551\" src=\"https:\/\/justicapotiguar.com.br\/wp-content\/uploads\/2021\/06\/images-8.jpeg\" alt=\"\" class=\"wp-image-19362\" srcset=\"https:\/\/justicapotiguar.com.br\/wp-content\/uploads\/2021\/06\/images-8.jpeg 556w, https:\/\/justicapotiguar.com.br\/wp-content\/uploads\/2021\/06\/images-8-300x297.jpeg 300w, https:\/\/justicapotiguar.com.br\/wp-content\/uploads\/2021\/06\/images-8-150x150.jpeg 150w\" sizes=\"(max-width: 556px) 100vw, 556px\" \/><figcaption>Reprodu\u00e7\u00e3o<\/figcaption><\/figure>\n\n\n\n<p>A Ordem dos Advogados do Brasil do Rio Grande do Norte externa voto de profundo pesar pelo falecimento do advogado, Luis Paulo Spanlenza Pavan, em decorr\u00eancia de complica\u00e7\u00f5es provacadas pela Covid-19. Especialista em v\u00e1rios ramos do Direito, o advogado era inscrito na Seccional Potiguar com a OAB N\u00ba 12022 e atuou na advocacia trabalhista, significativamente.\u00a0<\/p>\n\n\n\n<p>Destemido e bastante envolvido com as causas da advocacia norte-rio-grandense, participou de in\u00fameras reuni\u00f5es do Conselho Seccional. Na esfera pessoal era considerado acolhedor e divertido.&nbsp;<\/p><div class=\"arnat69ef6129cf814\" ><!--<a href=\"https:\/\/bit.ly\/3QdrqTZ\" target=\"_blank\">\n<img src=\"https:\/\/justicapotiguar.com.br\/wp-content\/uploads\/2023\/09\/mobile-geral.gif\"\/><a\/>--><\/div><style type=\"text\/css\">\r\n.arnat69ef6129cf814 {\r\ntext-align: center;\r\n}\r\n@media screen and (min-width: 1201px) {\r\n.arnat69ef6129cf814 {\r\ndisplay: none;\r\n}\r\n}\r\n@media screen and (min-width: 993px) and (max-width: 1200px) {\r\n.arnat69ef6129cf814 {\r\ndisplay: none;\r\n}\r\n}\r\n@media screen and (min-width: 769px) and (max-width: 992px) {\r\n.arnat69ef6129cf814 {\r\ndisplay: none;\r\n}\r\n}\r\n@media screen and (min-width: 768px) and (max-width: 768px) {\r\n.arnat69ef6129cf814 {\r\ndisplay: block;\r\n}\r\n}\r\n@media screen and (max-width: 767px) {\r\n.arnat69ef6129cf814 {\r\ndisplay: block;\r\n}\r\n}\r\n<\/style>\r\n<div class=\"qutzl69ef6129cf801\" ><!--<a href=\"https:\/\/bit.ly\/3QdrqTZ\" target=\"_blank\">\n<img src=\"https:\/\/justicapotiguar.com.br\/wp-content\/uploads\/2023\/09\/desktop-geral.gif\"\/><a\/>--><\/div><style type=\"text\/css\">\r\n.qutzl69ef6129cf801 {\r\ntext-align: center;\nmargin-bottom: 1em;\r\n}\r\n@media screen and (min-width: 1201px) {\r\n.qutzl69ef6129cf801 {\r\ndisplay: block;\r\n}\r\n}\r\n@media screen and (min-width: 993px) and (max-width: 1200px) {\r\n.qutzl69ef6129cf801 {\r\ndisplay: block;\r\n}\r\n}\r\n@media screen and (min-width: 769px) and (max-width: 992px) {\r\n.qutzl69ef6129cf801 {\r\ndisplay: block;\r\n}\r\n}\r\n@media screen and (min-width: 768px) and (max-width: 768px) {\r\n.qutzl69ef6129cf801 {\r\ndisplay: none;\r\n}\r\n}\r\n@media screen and (max-width: 767px) {\r\n.qutzl69ef6129cf801 {\r\ndisplay: none;\r\n}\r\n}\r\n<\/style>\r\n\n\n\n\n<p>Neste momento de dor e tristeza, a OAB\/RN se solidariza com os familiares e amigos, na certeza de que a sua partida deixa uma lacuna na advocacia e na vida dos que o amavam, ao mesmo tempo sua hist\u00f3ria nos deixa um grande legado.<\/p>\n\n\n\n<p>Natal (RN), 09 de Junho de 2021.<br><strong>Ordem dos Advogados do Brasil do Rio Grande do Norte<\/strong><\/p>\n","protected":false},"excerpt":{"rendered":"<p>A Ordem dos Advogados do Brasil do Rio Grande do Norte externa voto de profundo pesar pelo falecimento do advogado, Luis Paulo Spanlenza Pavan, em decorr\u00eancia de complica\u00e7\u00f5es provacadas pela Covid-19. Especialista em v\u00e1rios ramos do Direito, o advogado era inscrito na Seccional Potiguar com a OAB N\u00ba 12022 e atuou na advocacia trabalhista, significativamente.\u00a0<br \/><a class=\"more-link\" href=\"https:\/\/justicapotiguar.com.br\/index.php\/2021\/06\/10\/oab-emite-nota-de-pesar-pela-morte-do-advogado-luis-pavan-por-covid-19\/\">Mais&#8230;<\/a><\/p>\n","protected":false},"author":5,"featured_media":19362,"comment_status":"open","ping_status":"open","sticky":false,"template":"","format":"standard","meta":[],"categories":[3],"tags":[],"_links":{"self":[{"href":"https:\/\/justicapotiguar.com.br\/index.php\/wp-json\/wp\/v2\/posts\/19361"}],"collection":[{"href":"https:\/\/justicapotiguar.com.br\/index.php\/wp-json\/wp\/v2\/posts"}],"about":[{"href":"https:\/\/justicapotiguar.com.br\/index.php\/wp-json\/wp\/v2\/types\/post"}],"author":[{"embeddable":true,"href":"https:\/\/justicapotiguar.com.br\/index.php\/wp-json\/wp\/v2\/users\/5"}],"replies":[{"embeddable":true,"href":"https:\/\/justicapotiguar.com.br\/index.php\/wp-json\/wp\/v2\/comments?post=19361"}],"version-history":[{"count":1,"href":"https:\/\/justicapotiguar.com.br\/index.php\/wp-json\/wp\/v2\/posts\/19361\/revisions"}],"predecessor-version":[{"id":19363,"href":"https:\/\/justicapotiguar.com.br\/index.php\/wp-json\/wp\/v2\/posts\/19361\/revisions\/19363"}],"wp:featuredmedia":[{"embeddable":true,"href":"https:\/\/justicapotiguar.com.br\/index.php\/wp-json\/wp\/v2\/media\/19362"}],"wp:attachment":[{"href":"https:\/\/justicapotiguar.com.br\/index.php\/wp-json\/wp\/v2\/media?parent=19361"}],"wp:term":[{"taxonomy":"category","embeddable":true,"href":"https:\/\/justicapotiguar.com.br\/index.php\/wp-json\/wp\/v2\/categories?post=19361"},{"taxonomy":"post_tag","embeddable":true,"href":"https:\/\/justicapotiguar.com.br\/index.php\/wp-json\/wp\/v2\/tags?post=19361"}],"curies":[{"name":"wp","href":"https:\/\/api.w.org\/{rel}","templated":true}]}}