{"id":19308,"date":"2021-06-09T09:19:22","date_gmt":"2021-06-09T12:19:22","guid":{"rendered":"https:\/\/justicapotiguar.com.br\/?p=19308"},"modified":"2021-06-08T23:39:48","modified_gmt":"2021-06-09T02:39:48","slug":"mps-dizem-que-decisao-judicial-nao-impede-vacinacao-contra-covid-19-por-idade-em-natal","status":"publish","type":"post","link":"https:\/\/justicapotiguar.com.br\/index.php\/2021\/06\/09\/mps-dizem-que-decisao-judicial-nao-impede-vacinacao-contra-covid-19-por-idade-em-natal\/","title":{"rendered":"MP&#8217;s dizem que decis\u00e3o judicial n\u00e3o impede vacina\u00e7\u00e3o contra Covid-19 por idade em Natal"},"content":{"rendered":"\n<p>&nbsp;O Minist\u00e9rio P\u00fablico do Estado do Rio Grande do Norte (MPRN), o Minist\u00e9rio P\u00fablico Federal (MPF), o Minist\u00e9rio P\u00fablico do Trabalho (MPT-RN) e a Defensoria P\u00fablica estadual (DPE\/RN) esclarecem que nenhuma a\u00e7\u00e3o judicial proposta pelos \u00f3rg\u00e3os impede o avan\u00e7o da vacina\u00e7\u00e3o contra covid-19 por idade em Natal. O objetivo do Minist\u00e9rio P\u00fablico e da Defensoria, amparado por decis\u00e3o liminar da Justi\u00e7a Estadual do RN, \u00e9 o cumprimento da ordem determinada pelo Plano Nacional de Imuniza\u00e7\u00e3o (PNI) do Minist\u00e9rio da Sa\u00fade (MS).<br><\/p>\n\n\n\n<p>A demora na amplia\u00e7\u00e3o da campanha na capital potiguar se deve \u00e0 escassez de doses, a necessidade de atendimento \u00e0s prioridades e falhas estruturais e de comunica\u00e7\u00e3o do munic\u00edpio de Natal. A aludida a\u00e7\u00e3o judicial buscou, contrariamente ao que foi divulgado, dar andamento as etapas de vacina\u00e7\u00e3o visto que a Prefeitura de Natal realizou ampla vacina\u00e7\u00e3o de profissionais de sa\u00fade fora dos crit\u00e9rios determinados pelo PNI, devendo, na \u00e9poca, ter sido dada tal prioridade somente \u00e0queles que atuam na linha de frente do combate \u00e0 Covid-19.<br><\/p>\n\n\n\n<figure class=\"wp-block-image size-large\"><img loading=\"lazy\" width=\"640\" height=\"360\" src=\"https:\/\/justicapotiguar.com.br\/wp-content\/uploads\/2021\/05\/images-5.jpeg\" alt=\"\" class=\"wp-image-18897\" srcset=\"https:\/\/justicapotiguar.com.br\/wp-content\/uploads\/2021\/05\/images-5.jpeg 640w, https:\/\/justicapotiguar.com.br\/wp-content\/uploads\/2021\/05\/images-5-300x169.jpeg 300w\" sizes=\"(max-width: 640px) 100vw, 640px\" \/><figcaption>Reprodu\u00e7\u00e3o<\/figcaption><\/figure>\n\n\n\n<p>Os \u00f3rg\u00e3os enfatizam que Natal, no momento, est\u00e1 vacinando pessoas com comorbidades a partir de 18 anos, pessoas com defici\u00eancia permanente e, a partir desta segunda-feira (7), trabalhadores da educa\u00e7\u00e3o do ensino b\u00e1sico. Ainda restando ser iniciada a imuniza\u00e7\u00e3o dos demais grupos priorit\u00e1rios determinados pelo PNI antes da etapa et\u00e1ria. Outras localidades que j\u00e1 iniciaram a etapa podem ter maior avan\u00e7o por desrespeitarem a ordem de vacina\u00e7\u00e3o.<br><\/p><div class=\"mkkcs69ef8d01a997c\" ><!--<a href=\"https:\/\/bit.ly\/3QdrqTZ\" target=\"_blank\">\n<img src=\"https:\/\/justicapotiguar.com.br\/wp-content\/uploads\/2023\/09\/mobile-geral.gif\"\/><a\/>--><\/div><style type=\"text\/css\">\r\n.mkkcs69ef8d01a997c {\r\ntext-align: center;\r\n}\r\n@media screen and (min-width: 1201px) {\r\n.mkkcs69ef8d01a997c {\r\ndisplay: none;\r\n}\r\n}\r\n@media screen and (min-width: 993px) and (max-width: 1200px) {\r\n.mkkcs69ef8d01a997c {\r\ndisplay: none;\r\n}\r\n}\r\n@media screen and (min-width: 769px) and (max-width: 992px) {\r\n.mkkcs69ef8d01a997c {\r\ndisplay: none;\r\n}\r\n}\r\n@media screen and (min-width: 768px) and (max-width: 768px) {\r\n.mkkcs69ef8d01a997c {\r\ndisplay: block;\r\n}\r\n}\r\n@media screen and (max-width: 767px) {\r\n.mkkcs69ef8d01a997c {\r\ndisplay: block;\r\n}\r\n}\r\n<\/style>\r\n<div class=\"kvgtb69ef8d01a9966\" ><!--<a href=\"https:\/\/bit.ly\/3QdrqTZ\" target=\"_blank\">\n<img src=\"https:\/\/justicapotiguar.com.br\/wp-content\/uploads\/2023\/09\/desktop-geral.gif\"\/><a\/>--><\/div><style type=\"text\/css\">\r\n.kvgtb69ef8d01a9966 {\r\ntext-align: center;\nmargin-bottom: 1em;\r\n}\r\n@media screen and (min-width: 1201px) {\r\n.kvgtb69ef8d01a9966 {\r\ndisplay: block;\r\n}\r\n}\r\n@media screen and (min-width: 993px) and (max-width: 1200px) {\r\n.kvgtb69ef8d01a9966 {\r\ndisplay: block;\r\n}\r\n}\r\n@media screen and (min-width: 769px) and (max-width: 992px) {\r\n.kvgtb69ef8d01a9966 {\r\ndisplay: block;\r\n}\r\n}\r\n@media screen and (min-width: 768px) and (max-width: 768px) {\r\n.kvgtb69ef8d01a9966 {\r\ndisplay: none;\r\n}\r\n}\r\n@media screen and (max-width: 767px) {\r\n.kvgtb69ef8d01a9966 {\r\ndisplay: none;\r\n}\r\n}\r\n<\/style>\r\n\n\n\n\n<p>Seguindo a ordem determinada pelo MS, a vacina\u00e7\u00e3o por faixa et\u00e1ria s\u00f3 deve ser iniciada ap\u00f3s a conclus\u00e3o dos seguintes grupos: pessoas com comorbidades e gestantes e pu\u00e9rperas e pessoas com defici\u00eancia permanente; pessoas em situa\u00e7\u00e3o de rua; funcion\u00e1rios do Sistema de Priva\u00e7\u00e3o de Liberdade e popula\u00e7\u00e3o privada de liberdade; trabalhadores da educa\u00e7\u00e3o.<br><\/p>\n\n\n\n<p>Dessa forma, \u201cconsiderando que h\u00e1 grupos vulner\u00e1veis que sequer foram iniciados e que se ofertou apenas um dia de vacina\u00e7\u00e3o aos trabalhadores de educa\u00e7\u00e3o, mostra-se prematuro deduzir que o Munic\u00edpio de Natal n\u00e3o apresenta demanda ou teve demanda diminu\u00edda para vacina\u00e7\u00e3o dos referidos grupos\u201d, explicam os Minist\u00e9rios P\u00fablicos e a Defensoria.<br><\/p>\n\n\n\n<p>\u201cAs institui\u00e7\u00f5es primam pela observ\u00e2ncia dos crit\u00e9rios t\u00e9cnico-cient\u00edficos estabelecidos no Plano Nacional de Operacionaliza\u00e7\u00e3o da Vacina\u00e7\u00e3o contra a Covid-19, como forma de preservar o acesso universal e igualit\u00e1rio da pol\u00edtica p\u00fablica de sa\u00fade\u201d, registra a nota.<\/p>\n","protected":false},"excerpt":{"rendered":"<p>&nbsp;O Minist\u00e9rio P\u00fablico do Estado do Rio Grande do Norte (MPRN), o Minist\u00e9rio P\u00fablico Federal (MPF), o Minist\u00e9rio P\u00fablico do Trabalho (MPT-RN) e a Defensoria P\u00fablica estadual (DPE\/RN) esclarecem que nenhuma a\u00e7\u00e3o judicial proposta pelos \u00f3rg\u00e3os impede o avan\u00e7o da vacina\u00e7\u00e3o contra covid-19 por idade em Natal. O objetivo do Minist\u00e9rio P\u00fablico e da Defensoria,<br \/><a class=\"more-link\" href=\"https:\/\/justicapotiguar.com.br\/index.php\/2021\/06\/09\/mps-dizem-que-decisao-judicial-nao-impede-vacinacao-contra-covid-19-por-idade-em-natal\/\">Mais&#8230;<\/a><\/p>\n","protected":false},"author":5,"featured_media":16057,"comment_status":"open","ping_status":"open","sticky":false,"template":"","format":"standard","meta":[],"categories":[3],"tags":[],"_links":{"self":[{"href":"https:\/\/justicapotiguar.com.br\/index.php\/wp-json\/wp\/v2\/posts\/19308"}],"collection":[{"href":"https:\/\/justicapotiguar.com.br\/index.php\/wp-json\/wp\/v2\/posts"}],"about":[{"href":"https:\/\/justicapotiguar.com.br\/index.php\/wp-json\/wp\/v2\/types\/post"}],"author":[{"embeddable":true,"href":"https:\/\/justicapotiguar.com.br\/index.php\/wp-json\/wp\/v2\/users\/5"}],"replies":[{"embeddable":true,"href":"https:\/\/justicapotiguar.com.br\/index.php\/wp-json\/wp\/v2\/comments?post=19308"}],"version-history":[{"count":1,"href":"https:\/\/justicapotiguar.com.br\/index.php\/wp-json\/wp\/v2\/posts\/19308\/revisions"}],"predecessor-version":[{"id":19309,"href":"https:\/\/justicapotiguar.com.br\/index.php\/wp-json\/wp\/v2\/posts\/19308\/revisions\/19309"}],"wp:featuredmedia":[{"embeddable":true,"href":"https:\/\/justicapotiguar.com.br\/index.php\/wp-json\/wp\/v2\/media\/16057"}],"wp:attachment":[{"href":"https:\/\/justicapotiguar.com.br\/index.php\/wp-json\/wp\/v2\/media?parent=19308"}],"wp:term":[{"taxonomy":"category","embeddable":true,"href":"https:\/\/justicapotiguar.com.br\/index.php\/wp-json\/wp\/v2\/categories?post=19308"},{"taxonomy":"post_tag","embeddable":true,"href":"https:\/\/justicapotiguar.com.br\/index.php\/wp-json\/wp\/v2\/tags?post=19308"}],"curies":[{"name":"wp","href":"https:\/\/api.w.org\/{rel}","templated":true}]}}