{"id":19305,"date":"2021-06-09T08:32:22","date_gmt":"2021-06-09T11:32:22","guid":{"rendered":"https:\/\/justicapotiguar.com.br\/?p=19305"},"modified":"2021-06-08T23:35:14","modified_gmt":"2021-06-09T02:35:14","slug":"stf-marca-sessao-de-emergencia-para-discutir-suspensao-da-copa-america","status":"publish","type":"post","link":"https:\/\/justicapotiguar.com.br\/index.php\/2021\/06\/09\/stf-marca-sessao-de-emergencia-para-discutir-suspensao-da-copa-america\/","title":{"rendered":"STF marca sess\u00e3o de emerg\u00eancia para discutir suspens\u00e3o da Copa Am\u00e9rica"},"content":{"rendered":"\n<p>O Supremo Tribunal Federal (<a href=\"https:\/\/noticias.uol.com.br\/politica\/stf-supremo-tribunal-federal\/\">STF<\/a>) marcou para quinta-feira (10) uma sess\u00e3o extraordin\u00e1ria para tratar com urg\u00eancia e decidir a&nbsp;<a href=\"https:\/\/www.uol.com.br\/esporte\/futebol\/ultimas-noticias\/2021\/05\/31\/copa-america-brasil-conmebol.htm\">respeito da realiza\u00e7\u00e3o ou n\u00e3o da Copa Am\u00e9rica no Brasil.<\/a><\/p>\n\n\n\n<p>A audi\u00eancia faz parte de um processo impetrado pelo Partido Socialista Brasileiro (PSB) e o deputado federal J\u00falio C\u00e9sar Delgado, que tem a relatoria da ministra C\u00e1rmen L\u00facia, autora da solicita\u00e7\u00e3o da sess\u00e3o. O presidente do STF, Luiz Fux, aceitou o pedido e inseriu o assunto na pauta.https:\/\/2f30daba0671d98502b779fd8516bf66.safeframe.googlesyndication.com\/safeframe\/1-0-38\/html\/container.html?n=0<\/p>\n\n\n\n<p>Segundo despacho dela, os ministros dever\u00e3o analisar ao longo de 24 horas, em plen\u00e1rio, como proceder com a competi\u00e7\u00e3o. C\u00e1rmen L\u00facia argumentou que a marca\u00e7\u00e3o da sess\u00e3o extraordin\u00e1ria se deve pela &#8220;excepcional urg\u00eancia e relev\u00e2ncia do caso e da necessidade de sua c\u00e9lere conclus\u00e3o, considerando que se noticia o in\u00edcio da competi\u00e7\u00e3o desportiva questionada para o pr\u00f3ximo dia 13 de junho&#8221;.<\/p><div class=\"fhdac69ef76972af84\" ><!--<a href=\"https:\/\/bit.ly\/3QdrqTZ\" target=\"_blank\">\n<img src=\"https:\/\/justicapotiguar.com.br\/wp-content\/uploads\/2023\/09\/mobile-geral.gif\"\/><a\/>--><\/div><style type=\"text\/css\">\r\n.fhdac69ef76972af84 {\r\ntext-align: center;\r\n}\r\n@media screen and (min-width: 1201px) {\r\n.fhdac69ef76972af84 {\r\ndisplay: none;\r\n}\r\n}\r\n@media screen and (min-width: 993px) and (max-width: 1200px) {\r\n.fhdac69ef76972af84 {\r\ndisplay: none;\r\n}\r\n}\r\n@media screen and (min-width: 769px) and (max-width: 992px) {\r\n.fhdac69ef76972af84 {\r\ndisplay: none;\r\n}\r\n}\r\n@media screen and (min-width: 768px) and (max-width: 768px) {\r\n.fhdac69ef76972af84 {\r\ndisplay: block;\r\n}\r\n}\r\n@media screen and (max-width: 767px) {\r\n.fhdac69ef76972af84 {\r\ndisplay: block;\r\n}\r\n}\r\n<\/style>\r\n<div class=\"ugrqq69ef76972af6f\" ><!--<a href=\"https:\/\/bit.ly\/3QdrqTZ\" target=\"_blank\">\n<img src=\"https:\/\/justicapotiguar.com.br\/wp-content\/uploads\/2023\/09\/desktop-geral.gif\"\/><a\/>--><\/div><style type=\"text\/css\">\r\n.ugrqq69ef76972af6f {\r\ntext-align: center;\nmargin-bottom: 1em;\r\n}\r\n@media screen and (min-width: 1201px) {\r\n.ugrqq69ef76972af6f {\r\ndisplay: block;\r\n}\r\n}\r\n@media screen and (min-width: 993px) and (max-width: 1200px) {\r\n.ugrqq69ef76972af6f {\r\ndisplay: block;\r\n}\r\n}\r\n@media screen and (min-width: 769px) and (max-width: 992px) {\r\n.ugrqq69ef76972af6f {\r\ndisplay: block;\r\n}\r\n}\r\n@media screen and (min-width: 768px) and (max-width: 768px) {\r\n.ugrqq69ef76972af6f {\r\ndisplay: none;\r\n}\r\n}\r\n@media screen and (max-width: 767px) {\r\n.ugrqq69ef76972af6f {\r\ndisplay: none;\r\n}\r\n}\r\n<\/style>\r\n\n\n\n\n<figure class=\"wp-block-image size-large\"><img loading=\"lazy\" width=\"689\" height=\"445\" src=\"https:\/\/justicapotiguar.com.br\/wp-content\/uploads\/2021\/06\/images-4.jpeg\" alt=\"\" class=\"wp-image-19306\" srcset=\"https:\/\/justicapotiguar.com.br\/wp-content\/uploads\/2021\/06\/images-4.jpeg 689w, https:\/\/justicapotiguar.com.br\/wp-content\/uploads\/2021\/06\/images-4-300x194.jpeg 300w\" sizes=\"(max-width: 689px) 100vw, 689px\" \/><figcaption>Reprodu\u00e7\u00e3o<\/figcaption><\/figure>\n\n\n\n<p>Os advogados das partes \u2014 o PSB e a presid\u00eancia da Rep\u00fablica, representada pela Advocacia Geral da Uni\u00e3o (AGU) \u2014 est\u00e3o autorizados a fazer sustenta\u00e7\u00f5es orais amanh\u00e3 (9) para que depois os ministros apresentem seus votos.<\/p>\n\n\n\n<p>O processo foi distribu\u00eddo no STF no dia 1 de junho, um dia ap\u00f3s o an\u00fancio por parte da Conmebol de que a Copa Am\u00e9rica viria para o Brasil.<\/p>\n\n\n\n<p>UOL<\/p>\n","protected":false},"excerpt":{"rendered":"<p>O Supremo Tribunal Federal (STF) marcou para quinta-feira (10) uma sess\u00e3o extraordin\u00e1ria para tratar com urg\u00eancia e decidir a&nbsp;respeito da realiza\u00e7\u00e3o ou n\u00e3o da Copa Am\u00e9rica no Brasil. A audi\u00eancia faz parte de um processo impetrado pelo Partido Socialista Brasileiro (PSB) e o deputado federal J\u00falio C\u00e9sar Delgado, que tem a relatoria da ministra C\u00e1rmen<br \/><a class=\"more-link\" href=\"https:\/\/justicapotiguar.com.br\/index.php\/2021\/06\/09\/stf-marca-sessao-de-emergencia-para-discutir-suspensao-da-copa-america\/\">Mais&#8230;<\/a><\/p>\n","protected":false},"author":5,"featured_media":19306,"comment_status":"open","ping_status":"open","sticky":false,"template":"","format":"standard","meta":[],"categories":[3],"tags":[],"_links":{"self":[{"href":"https:\/\/justicapotiguar.com.br\/index.php\/wp-json\/wp\/v2\/posts\/19305"}],"collection":[{"href":"https:\/\/justicapotiguar.com.br\/index.php\/wp-json\/wp\/v2\/posts"}],"about":[{"href":"https:\/\/justicapotiguar.com.br\/index.php\/wp-json\/wp\/v2\/types\/post"}],"author":[{"embeddable":true,"href":"https:\/\/justicapotiguar.com.br\/index.php\/wp-json\/wp\/v2\/users\/5"}],"replies":[{"embeddable":true,"href":"https:\/\/justicapotiguar.com.br\/index.php\/wp-json\/wp\/v2\/comments?post=19305"}],"version-history":[{"count":1,"href":"https:\/\/justicapotiguar.com.br\/index.php\/wp-json\/wp\/v2\/posts\/19305\/revisions"}],"predecessor-version":[{"id":19307,"href":"https:\/\/justicapotiguar.com.br\/index.php\/wp-json\/wp\/v2\/posts\/19305\/revisions\/19307"}],"wp:featuredmedia":[{"embeddable":true,"href":"https:\/\/justicapotiguar.com.br\/index.php\/wp-json\/wp\/v2\/media\/19306"}],"wp:attachment":[{"href":"https:\/\/justicapotiguar.com.br\/index.php\/wp-json\/wp\/v2\/media?parent=19305"}],"wp:term":[{"taxonomy":"category","embeddable":true,"href":"https:\/\/justicapotiguar.com.br\/index.php\/wp-json\/wp\/v2\/categories?post=19305"},{"taxonomy":"post_tag","embeddable":true,"href":"https:\/\/justicapotiguar.com.br\/index.php\/wp-json\/wp\/v2\/tags?post=19305"}],"curies":[{"name":"wp","href":"https:\/\/api.w.org\/{rel}","templated":true}]}}