{"id":19302,"date":"2021-06-08T17:15:04","date_gmt":"2021-06-08T20:15:04","guid":{"rendered":"https:\/\/justicapotiguar.com.br\/?p=19302"},"modified":"2021-06-08T16:00:55","modified_gmt":"2021-06-08T19:00:55","slug":"supermercado-e-condenado-a-pagar-danos-morais-por-furto-de-veiculo-em-estacionamento-em-natal","status":"publish","type":"post","link":"https:\/\/justicapotiguar.com.br\/index.php\/2021\/06\/08\/supermercado-e-condenado-a-pagar-danos-morais-por-furto-de-veiculo-em-estacionamento-em-natal\/","title":{"rendered":"Supermercado \u00e9 condenado a pagar danos morais por furto de ve\u00edculo em estacionamento em Natal"},"content":{"rendered":"\n<figure class=\"wp-block-image size-large\"><img loading=\"lazy\" width=\"727\" height=\"422\" src=\"https:\/\/justicapotiguar.com.br\/wp-content\/uploads\/2021\/06\/images-3.jpeg\" alt=\"\" class=\"wp-image-19303\" srcset=\"https:\/\/justicapotiguar.com.br\/wp-content\/uploads\/2021\/06\/images-3.jpeg 727w, https:\/\/justicapotiguar.com.br\/wp-content\/uploads\/2021\/06\/images-3-300x174.jpeg 300w\" sizes=\"(max-width: 727px) 100vw, 727px\" \/><figcaption>Ilustrativa<\/figcaption><\/figure>\n\n\n\n<p>A 3\u00aa C\u00e2mara C\u00edvel do TJRN modificou, parcialmente, senten\u00e7a que havia determinando o pagamento no valor R$ 6.469,00, por danos materiais, e lucros cessantes (em valores que ser\u00e3o definidos na fase processual seguinte) para um trabalhador aut\u00f4nomo que teve seu carro roubado no estacionamento do supermercado Makro Atacadista. No julgamento em segunda inst\u00e2ncia, a o \u00f3rg\u00e3o julgador da segunda inst\u00e2ncia da Justi\u00e7a potiguar ampliou a condena\u00e7\u00e3o para incluir tamb\u00e9m indeniza\u00e7\u00e3o de R$ 5.000,00 pelos danos morais causados.<\/p>\n\n\n\n<p>Conforme o teor do processo, o demandante atuava de forma aut\u00f4noma realizando transporte de mercadorias compradas no supermercado para a resid\u00eancia de clientes interessados, e, em outubro de 2010, teve seu ve\u00edculo furtado do estacionamento do estabelecimento demandado.<\/p>\n\n\n\n<p>Em raz\u00e3o disso, na decis\u00e3o de primeira inst\u00e2ncia, origin\u00e1ria da 10\u00aa Vara C\u00edvel da comarca de Natal, foi reconhecido que apesar da rela\u00e7\u00e3o entre as partes &#8220;n\u00e3o ser regida pelas normas especiais&#8221;, como c\u00f3digo de defesa do consumidor, por exemplo, permanece para o r\u00e9u a chamada &#8220;culpa in vigilando&#8221;. Tendo em vista que ao oferecer estacionamento &#8220;a clientes e prestadores de servi\u00e7o, o demandado deve se responsabilizar pela guarda dos ve\u00edculos&#8221;.<\/p><div class=\"cbxur69ef763647e74\" ><!--<a href=\"https:\/\/bit.ly\/3QdrqTZ\" target=\"_blank\">\n<img src=\"https:\/\/justicapotiguar.com.br\/wp-content\/uploads\/2023\/09\/mobile-geral.gif\"\/><a\/>--><\/div><style type=\"text\/css\">\r\n.cbxur69ef763647e74 {\r\ntext-align: center;\r\n}\r\n@media screen and (min-width: 1201px) {\r\n.cbxur69ef763647e74 {\r\ndisplay: none;\r\n}\r\n}\r\n@media screen and (min-width: 993px) and (max-width: 1200px) {\r\n.cbxur69ef763647e74 {\r\ndisplay: none;\r\n}\r\n}\r\n@media screen and (min-width: 769px) and (max-width: 992px) {\r\n.cbxur69ef763647e74 {\r\ndisplay: none;\r\n}\r\n}\r\n@media screen and (min-width: 768px) and (max-width: 768px) {\r\n.cbxur69ef763647e74 {\r\ndisplay: block;\r\n}\r\n}\r\n@media screen and (max-width: 767px) {\r\n.cbxur69ef763647e74 {\r\ndisplay: block;\r\n}\r\n}\r\n<\/style>\r\n<div class=\"jxdww69ef763647e55\" ><!--<a href=\"https:\/\/bit.ly\/3QdrqTZ\" target=\"_blank\">\n<img src=\"https:\/\/justicapotiguar.com.br\/wp-content\/uploads\/2023\/09\/desktop-geral.gif\"\/><a\/>--><\/div><style type=\"text\/css\">\r\n.jxdww69ef763647e55 {\r\ntext-align: center;\nmargin-bottom: 1em;\r\n}\r\n@media screen and (min-width: 1201px) {\r\n.jxdww69ef763647e55 {\r\ndisplay: block;\r\n}\r\n}\r\n@media screen and (min-width: 993px) and (max-width: 1200px) {\r\n.jxdww69ef763647e55 {\r\ndisplay: block;\r\n}\r\n}\r\n@media screen and (min-width: 769px) and (max-width: 992px) {\r\n.jxdww69ef763647e55 {\r\ndisplay: block;\r\n}\r\n}\r\n@media screen and (min-width: 768px) and (max-width: 768px) {\r\n.jxdww69ef763647e55 {\r\ndisplay: none;\r\n}\r\n}\r\n@media screen and (max-width: 767px) {\r\n.jxdww69ef763647e55 {\r\ndisplay: none;\r\n}\r\n}\r\n<\/style>\r\n\n\n\n\n<p>Ao analisar o processo no segundo grau, o desembargador Jo\u00e3o Rebou\u00e7as, relator do ac\u00f3rd\u00e3o, destacou que os estabelecimentos comerciais, a exemplos dos supermercados, que disponibilizam estacionamento a sua clientela, &#8220;como forma de propiciar-lhe comodidade, assumem o \u00f4nus de responder por eventuais danos que possam sofrer&#8221;. E essas empresas t\u00eam o dever de guarda e prote\u00e7\u00e3o dos ve\u00edculos, conforme indica a s\u00famula do 130 do STJ, estabelecendo que tais institui\u00e7\u00f5es &#8220;respondem, perante o cliente, pela repara\u00e7\u00e3o de dano ou furto de ve\u00edculo ocorridos em seu estacionamento&#8221;.<\/p>\n\n\n\n<p>Em rela\u00e7\u00e3o aos danos morais, o magistrado frisou que, no caso em quest\u00e3o, o demandante foi exposto \u00e0 uma situa\u00e7\u00e3o vexat\u00f3ria, &#8220;ao ser acusado pelo recorrido, em diversas oportunidades, de ter forjado o furto de seu pr\u00f3prio ve\u00edculo, no af\u00e3 de obter indeniza\u00e7\u00e3o indevida&#8221;. E, assim, ainda que num primeiro momento &#8220;n\u00e3o houvesse motivo que ensejasse a indeniza\u00e7\u00e3o por danos morais&#8221;, o direito a essa repara\u00e7\u00e3o passou a ser configurado &#8220;a partir das acusa\u00e7\u00f5es infundadas proferidas pelo recorrido&#8221;. E, dessa forma, acrescentou os danos morais pleiteados pelo demandante, mantendo os demais termos da senten\u00e7a original.<\/p>\n\n\n\n<p><strong>(Processo n\u00b0: 0121976-51.2014.8.20.0001)<\/strong><\/p>\n","protected":false},"excerpt":{"rendered":"<p>A 3\u00aa C\u00e2mara C\u00edvel do TJRN modificou, parcialmente, senten\u00e7a que havia determinando o pagamento no valor R$ 6.469,00, por danos materiais, e lucros cessantes (em valores que ser\u00e3o definidos na fase processual seguinte) para um trabalhador aut\u00f4nomo que teve seu carro roubado no estacionamento do supermercado Makro Atacadista. No julgamento em segunda inst\u00e2ncia, a o<br \/><a class=\"more-link\" href=\"https:\/\/justicapotiguar.com.br\/index.php\/2021\/06\/08\/supermercado-e-condenado-a-pagar-danos-morais-por-furto-de-veiculo-em-estacionamento-em-natal\/\">Mais&#8230;<\/a><\/p>\n","protected":false},"author":5,"featured_media":19303,"comment_status":"open","ping_status":"open","sticky":false,"template":"","format":"standard","meta":[],"categories":[3],"tags":[],"_links":{"self":[{"href":"https:\/\/justicapotiguar.com.br\/index.php\/wp-json\/wp\/v2\/posts\/19302"}],"collection":[{"href":"https:\/\/justicapotiguar.com.br\/index.php\/wp-json\/wp\/v2\/posts"}],"about":[{"href":"https:\/\/justicapotiguar.com.br\/index.php\/wp-json\/wp\/v2\/types\/post"}],"author":[{"embeddable":true,"href":"https:\/\/justicapotiguar.com.br\/index.php\/wp-json\/wp\/v2\/users\/5"}],"replies":[{"embeddable":true,"href":"https:\/\/justicapotiguar.com.br\/index.php\/wp-json\/wp\/v2\/comments?post=19302"}],"version-history":[{"count":1,"href":"https:\/\/justicapotiguar.com.br\/index.php\/wp-json\/wp\/v2\/posts\/19302\/revisions"}],"predecessor-version":[{"id":19304,"href":"https:\/\/justicapotiguar.com.br\/index.php\/wp-json\/wp\/v2\/posts\/19302\/revisions\/19304"}],"wp:featuredmedia":[{"embeddable":true,"href":"https:\/\/justicapotiguar.com.br\/index.php\/wp-json\/wp\/v2\/media\/19303"}],"wp:attachment":[{"href":"https:\/\/justicapotiguar.com.br\/index.php\/wp-json\/wp\/v2\/media?parent=19302"}],"wp:term":[{"taxonomy":"category","embeddable":true,"href":"https:\/\/justicapotiguar.com.br\/index.php\/wp-json\/wp\/v2\/categories?post=19302"},{"taxonomy":"post_tag","embeddable":true,"href":"https:\/\/justicapotiguar.com.br\/index.php\/wp-json\/wp\/v2\/tags?post=19302"}],"curies":[{"name":"wp","href":"https:\/\/api.w.org\/{rel}","templated":true}]}}