{"id":19298,"date":"2021-06-08T15:45:33","date_gmt":"2021-06-08T18:45:33","guid":{"rendered":"https:\/\/justicapotiguar.com.br\/?p=19298"},"modified":"2021-06-08T15:45:33","modified_gmt":"2021-06-08T18:45:33","slug":"informativo-699-do-stj-de-07-de-junho-de-2021","status":"publish","type":"post","link":"https:\/\/justicapotiguar.com.br\/index.php\/2021\/06\/08\/informativo-699-do-stj-de-07-de-junho-de-2021\/","title":{"rendered":"Informativo 699 do STJ, de 07 de junho de 2021"},"content":{"rendered":"\n<figure class=\"wp-block-image size-large\"><img loading=\"lazy\" width=\"275\" height=\"183\" src=\"https:\/\/justicapotiguar.com.br\/wp-content\/uploads\/2019\/08\/STJ-01-2.jpg\" alt=\"\" class=\"wp-image-708\"\/><figcaption>Reprodu\u00e7\u00e3o<\/figcaption><\/figure>\n\n\n\n<p><strong>Canal P\u00edlulas Jur\u00eddicas | STF e STJ\u00a0<\/strong>https:\/\/t.me\/pilulasjuridicasSTFSTJ<\/p>\n\n\n\n<p><strong>TERCEIRA SE\u00c7\u00c3O<\/strong><\/p>\n\n\n\n<p>&#8211; \u00c9 reconhecida a retroatividade do patamar estabelecido no art. 112, V, da Lei n. 13.964\/2019, \u00e0queles apenados que, embora tenham cometido crime hediondo ou equiparado sem resultado morte, n\u00e3o sejam reincidentes em delito de natureza semelhante <strong>(<\/strong><strong>REsp 1.910.240\/MG, Tema 1084)<\/strong><\/p>\n\n\n\n<p><strong>SEGUNDA TURMA<\/strong><\/p>\n\n\n\n<p>&#8211; Impedir que candidato em concurso p\u00fablico que j\u00e1 \u00e9 integrantes dos quadros da Administra\u00e7\u00e3o prossiga no certame p\u00fablico para ingresso nas fileiras da Pol\u00edtica Militar na fase de sindic\u00e2ncia de vida pregressa, fundada em relato do pr\u00f3prio candidato no formul\u00e1rio de ingresso na corpora\u00e7\u00e3o de que foi usu\u00e1rio de drogas h\u00e1 sete anos, acaba por aplic\u00e1-lo uma san\u00e7\u00e3o de car\u00e1ter perp\u00e9tuo, dado o grande lastro temporal entre o fato tido como desabonador e o momento da investiga\u00e7\u00e3o social <strong>(AREsp 1.806.617\/DF)<\/strong><\/p>\n\n\n\n<p><strong>TERCEIRA TURMA<\/strong><\/p>\n\n\n\n<p>&#8211; Optando o adquirente pela resolu\u00e7\u00e3o antecipada de contrato de compra e venda por atraso na obra, eventual valoriza\u00e7\u00e3o do im\u00f3vel n\u00e3o enseja indeniza\u00e7\u00e3o por perdas e danos <strong>(REsp 1.750.585\/RJ)<\/strong><\/p>\n\n\n\n<p>&#8211; A diverg\u00eancia entre a paternidade biol\u00f3gica e a declarada no registro de nascimento n\u00e3o \u00e9 apta, por si s\u00f3, para anular o ato registral, dada a prote\u00e7\u00e3o conferida a paternidade socioafetiva <strong>(REsp 1.829.093\/PR)<\/strong><\/p>\n\n\n\n<p>&#8211; \u00c9 invi\u00e1vel a cess\u00e3o de direito ao reembolso das despesas m\u00e9dico-hospitalares, cobertas pelo seguro DPVAT, realizada por v\u00edtimas de acidente automobil\u00edstico em favor de cl\u00ednica particular n\u00e3o conveniada ao SUS, que prestou atendimento aos segurados <strong>(REsp 1.911.618\/PR)<\/strong><\/p>\n\n\n\n<p>&#8211; Irm\u00e3os unilaterais possuem legitimidade ativa e interesse processual para propor a\u00e7\u00e3o declarat\u00f3ria de reconhecimento de parentesco natural com irm\u00e3 pr\u00e9-morta, ainda que a rela\u00e7\u00e3o paterno-filial com o pai comum, tamb\u00e9m pr\u00e9-morto, n\u00e3o tenha sido reconhecida em vida <strong>(REsp 1.892.941\/SP)<\/strong><\/p>\n\n\n\n<p>&#8211; \u00c9 v\u00e1lido o contrato de franquia, ainda que n\u00e3o assinado pela franqueada, quando o comportamento das partes demonstram a aceita\u00e7\u00e3o t\u00e1cita <strong>(REsp 1.881.149\/DF)<\/strong><\/p><div class=\"zbdxa69ef764a568b8\" ><!--<a href=\"https:\/\/bit.ly\/3QdrqTZ\" target=\"_blank\">\n<img src=\"https:\/\/justicapotiguar.com.br\/wp-content\/uploads\/2023\/09\/mobile-geral.gif\"\/><a\/>--><\/div><style type=\"text\/css\">\r\n.zbdxa69ef764a568b8 {\r\ntext-align: center;\r\n}\r\n@media screen and (min-width: 1201px) {\r\n.zbdxa69ef764a568b8 {\r\ndisplay: none;\r\n}\r\n}\r\n@media screen and (min-width: 993px) and (max-width: 1200px) {\r\n.zbdxa69ef764a568b8 {\r\ndisplay: none;\r\n}\r\n}\r\n@media screen and (min-width: 769px) and (max-width: 992px) {\r\n.zbdxa69ef764a568b8 {\r\ndisplay: none;\r\n}\r\n}\r\n@media screen and (min-width: 768px) and (max-width: 768px) {\r\n.zbdxa69ef764a568b8 {\r\ndisplay: block;\r\n}\r\n}\r\n@media screen and (max-width: 767px) {\r\n.zbdxa69ef764a568b8 {\r\ndisplay: block;\r\n}\r\n}\r\n<\/style>\r\n<div class=\"glrey69ef764a568a2\" ><!--<a href=\"https:\/\/bit.ly\/3QdrqTZ\" target=\"_blank\">\n<img src=\"https:\/\/justicapotiguar.com.br\/wp-content\/uploads\/2023\/09\/desktop-geral.gif\"\/><a\/>--><\/div><style type=\"text\/css\">\r\n.glrey69ef764a568a2 {\r\ntext-align: center;\nmargin-bottom: 1em;\r\n}\r\n@media screen and (min-width: 1201px) {\r\n.glrey69ef764a568a2 {\r\ndisplay: block;\r\n}\r\n}\r\n@media screen and (min-width: 993px) and (max-width: 1200px) {\r\n.glrey69ef764a568a2 {\r\ndisplay: block;\r\n}\r\n}\r\n@media screen and (min-width: 769px) and (max-width: 992px) {\r\n.glrey69ef764a568a2 {\r\ndisplay: block;\r\n}\r\n}\r\n@media screen and (min-width: 768px) and (max-width: 768px) {\r\n.glrey69ef764a568a2 {\r\ndisplay: none;\r\n}\r\n}\r\n@media screen and (max-width: 767px) {\r\n.glrey69ef764a568a2 {\r\ndisplay: none;\r\n}\r\n}\r\n<\/style>\r\n\n\n\n\n<p>&#8211;<strong> <\/strong>A extin\u00e7\u00e3o do processo apenas quanto a um dos co-executados n\u00e3o torna cab\u00edvel a fixa\u00e7\u00e3o de honor\u00e1rios advocat\u00edcios em patamar reduzido, na forma prevista no par\u00e1grafo \u00fanico do art. 338 do CPC\/15 (<strong>REsp 1.895.919\/PR)<\/strong><\/p>\n\n\n\n<p>&#8211; \u00c9 prescind\u00edvel a propositura de a\u00e7\u00e3o anulat\u00f3ria aut\u00f4noma para declara\u00e7\u00e3o da inefic\u00e1cia do neg\u00f3cio jur\u00eddico em rela\u00e7\u00e3o ao exequente ante a caracteriza\u00e7\u00e3o da fraude \u00e0 execu\u00e7\u00e3o, com o reconhecimento da n\u00edtida m\u00e1-f\u00e9 das partes que firmaram o acordo posteriormente homologado judicialmente <strong>(REsp 1.845.558\/SP)<\/strong><\/p>\n\n\n\n<p><strong>QUARTA TURMA<\/strong><\/p>\n\n\n\n<p>&#8211; O genitor pode propor a\u00e7\u00e3o de presta\u00e7\u00e3o de contas em face do outro genitor relativamente aos valores decorrentes de pens\u00e3o aliment\u00edcia (<strong>REsp 1.911.030\/PR<\/strong>)<\/p>\n\n\n\n<p>&#8211; Compete ao juiz togado julgar a a\u00e7\u00e3o de despejo apesar da cl\u00e1usula compromiss\u00f3ria no contrato de loca\u00e7\u00e3o (<strong>REsp 1.481.644-SP<\/strong>)<\/p>\n\n\n\n<p>&#8211;<strong> <\/strong>N\u00e3o \u00e9 abusiva a cl\u00e1usula do contrato de cart\u00e3o de cr\u00e9dito que autoriza a operadora\/financeira, em caso de inadimplemento, debitar na conta corrente do titular o pagamento do valor m\u00ednimo da fatura, ainda que contestadas as despesas lan\u00e7adas (<strong>REsp 1.626.997\/RJ)<\/strong><\/p>\n\n\n\n<p><strong>SEXTA TURMA<\/strong><\/p>\n\n\n\n<p>&#8211; Demonstrado interesse jur\u00eddico e justificada a finalidade, \u00e9 cab\u00edvel a extra\u00e7\u00e3o de c\u00f3pias dos autos da apura\u00e7\u00e3o de ato infracional, n\u00e3o se podendo, no entanto, utilizar os documentos obtidos para fins diversos do que motivou o deferimento de acesso aos autos (<strong>RMS 65.046\/MS)<\/strong><\/p>\n\n\n\n<p><strong>Rodrigo Leite<\/strong><\/p>\n\n\n\n<p>Coautor do livro \u201cAn\u00e1lise das Diverg\u00eancias Jurisprudenciais no STF e STJ\u201d, Editora Juspodivm. Autor do livro \u201cTombamento \u2013 Vol. 36 \u2013 Cole\u00e7\u00e3o Leis Especiais para Concursos\u201d, Editora Juspodivm. Autor do livro \u201cDesapropria\u00e7\u00e3o \u2013 Vol. 39 \u2013 Cole\u00e7\u00e3o Especiais para Concursos\u201d, Editora Juspodivm. Coautor do livro \u201cSaberes Jurisprudenciais\u201d, Editora Saraiva.&nbsp; Coorganizador do livro \u201cCPC na Jurisprud\u00eancia, Editora Foco. Especialista em Direito P\u00fablico e Direito Processual Civil. Mestre em Direito Constitucional. Professor da P\u00f3s-gradua\u00e7\u00e3o On-line em Direito Civil da Rede Anhaguera-Kroton. M\u00e1ster Universit\u00e1rio em Direito Constitucional pela Universidad Del Pa\u00eds Vasco, San Sebasti\u00e1n, Espanha. Advogado licenciado. Analista Judici\u00e1rio do TJRN. Assessor de Desembargador do TJRN.&nbsp;<\/p>\n","protected":false},"excerpt":{"rendered":"<p>Canal P\u00edlulas Jur\u00eddicas | STF e STJ\u00a0https:\/\/t.me\/pilulasjuridicasSTFSTJ TERCEIRA SE\u00c7\u00c3O &#8211; \u00c9 reconhecida a retroatividade do patamar estabelecido no art. 112, V, da Lei n. 13.964\/2019, \u00e0queles apenados que, embora tenham cometido crime hediondo ou equiparado sem resultado morte, n\u00e3o sejam reincidentes em delito de natureza semelhante (REsp 1.910.240\/MG, Tema 1084) SEGUNDA TURMA &#8211; Impedir que<br \/><a class=\"more-link\" href=\"https:\/\/justicapotiguar.com.br\/index.php\/2021\/06\/08\/informativo-699-do-stj-de-07-de-junho-de-2021\/\">Mais&#8230;<\/a><\/p>\n","protected":false},"author":5,"featured_media":708,"comment_status":"open","ping_status":"open","sticky":false,"template":"","format":"standard","meta":[],"categories":[3],"tags":[],"_links":{"self":[{"href":"https:\/\/justicapotiguar.com.br\/index.php\/wp-json\/wp\/v2\/posts\/19298"}],"collection":[{"href":"https:\/\/justicapotiguar.com.br\/index.php\/wp-json\/wp\/v2\/posts"}],"about":[{"href":"https:\/\/justicapotiguar.com.br\/index.php\/wp-json\/wp\/v2\/types\/post"}],"author":[{"embeddable":true,"href":"https:\/\/justicapotiguar.com.br\/index.php\/wp-json\/wp\/v2\/users\/5"}],"replies":[{"embeddable":true,"href":"https:\/\/justicapotiguar.com.br\/index.php\/wp-json\/wp\/v2\/comments?post=19298"}],"version-history":[{"count":1,"href":"https:\/\/justicapotiguar.com.br\/index.php\/wp-json\/wp\/v2\/posts\/19298\/revisions"}],"predecessor-version":[{"id":19299,"href":"https:\/\/justicapotiguar.com.br\/index.php\/wp-json\/wp\/v2\/posts\/19298\/revisions\/19299"}],"wp:featuredmedia":[{"embeddable":true,"href":"https:\/\/justicapotiguar.com.br\/index.php\/wp-json\/wp\/v2\/media\/708"}],"wp:attachment":[{"href":"https:\/\/justicapotiguar.com.br\/index.php\/wp-json\/wp\/v2\/media?parent=19298"}],"wp:term":[{"taxonomy":"category","embeddable":true,"href":"https:\/\/justicapotiguar.com.br\/index.php\/wp-json\/wp\/v2\/categories?post=19298"},{"taxonomy":"post_tag","embeddable":true,"href":"https:\/\/justicapotiguar.com.br\/index.php\/wp-json\/wp\/v2\/tags?post=19298"}],"curies":[{"name":"wp","href":"https:\/\/api.w.org\/{rel}","templated":true}]}}