{"id":19296,"date":"2021-06-08T14:59:22","date_gmt":"2021-06-08T17:59:22","guid":{"rendered":"https:\/\/justicapotiguar.com.br\/?p=19296"},"modified":"2021-06-08T14:59:22","modified_gmt":"2021-06-08T17:59:22","slug":"juiz-daniel-maia-assume-interinamente-vaga-na-corte-eleitoral-potiguar","status":"publish","type":"post","link":"https:\/\/justicapotiguar.com.br\/index.php\/2021\/06\/08\/juiz-daniel-maia-assume-interinamente-vaga-na-corte-eleitoral-potiguar\/","title":{"rendered":"Juiz Daniel Maia assume interinamente vaga na Corte Eleitoral Potiguar"},"content":{"rendered":"\n<figure class=\"wp-block-image size-large\"><img loading=\"lazy\" width=\"602\" height=\"400\" src=\"https:\/\/justicapotiguar.com.br\/wp-content\/uploads\/2020\/03\/TRE-RN.jpg\" alt=\"\" class=\"wp-image-7252\" srcset=\"https:\/\/justicapotiguar.com.br\/wp-content\/uploads\/2020\/03\/TRE-RN.jpg 602w, https:\/\/justicapotiguar.com.br\/wp-content\/uploads\/2020\/03\/TRE-RN-300x199.jpg 300w\" sizes=\"(max-width: 602px) 100vw, 602px\" \/><figcaption>Reprodu\u00e7\u00e3o<\/figcaption><\/figure>\n\n\n\n<p>\u2063<br>O juiz suplente Daniel Cabral Mariz Maia assume interinamente a vaga aberta com fim do bi\u00eanio da jurista Adriana Magalh\u00e3es na Corte Eleitoral do Rio Grande do Norte. Daniel Maia \u00e9 Juiz da Corte Eleitoral do Tribunal Regional Eleitoral do Rio Grande do Norte desde 20 de novembro de 2019, na condi\u00e7\u00e3o de suplente.\u2063<br>\u2063<br>\u201cO Dr. Daniel Maia assumiu a vaga interinamente, nos termos do art. 13 do Regimento Interno do TRE-RN. A designa\u00e7\u00e3o ocorrer\u00e1 at\u00e9 a nomea\u00e7\u00e3o do novo titular, por parte do Presidente da Rep\u00fablica\u201d, explicou o presidente do TRE-RN, desembargador Gilson Barbosa.\u2063<br>\u2063<br>O juiz tamb\u00e9m figura na lista tr\u00edplice para membro efetivo do TRE-RN, juntamente com Dra. \u2063 Adriana Magalh\u00e3es Faustino Ferreira e o advogado Felipe Maciel Pinheiro Barros.\u2063<\/p>\n","protected":false},"excerpt":{"rendered":"<p>\u2063O juiz suplente Daniel Cabral Mariz Maia assume interinamente a vaga aberta com fim do bi\u00eanio da jurista Adriana Magalh\u00e3es na Corte Eleitoral do Rio Grande do Norte. Daniel Maia \u00e9 Juiz da Corte Eleitoral do Tribunal Regional Eleitoral do Rio Grande do Norte desde 20 de novembro de 2019, na condi\u00e7\u00e3o de suplente.\u2063\u2063\u201cO Dr.<br \/><a class=\"more-link\" href=\"https:\/\/justicapotiguar.com.br\/index.php\/2021\/06\/08\/juiz-daniel-maia-assume-interinamente-vaga-na-corte-eleitoral-potiguar\/\">Mais&#8230;<\/a><\/p>\n","protected":false},"author":5,"featured_media":7252,"comment_status":"open","ping_status":"open","sticky":false,"template":"","format":"standard","meta":[],"categories":[3],"tags":[],"_links":{"self":[{"href":"https:\/\/justicapotiguar.com.br\/index.php\/wp-json\/wp\/v2\/posts\/19296"}],"collection":[{"href":"https:\/\/justicapotiguar.com.br\/index.php\/wp-json\/wp\/v2\/posts"}],"about":[{"href":"https:\/\/justicapotiguar.com.br\/index.php\/wp-json\/wp\/v2\/types\/post"}],"author":[{"embeddable":true,"href":"https:\/\/justicapotiguar.com.br\/index.php\/wp-json\/wp\/v2\/users\/5"}],"replies":[{"embeddable":true,"href":"https:\/\/justicapotiguar.com.br\/index.php\/wp-json\/wp\/v2\/comments?post=19296"}],"version-history":[{"count":1,"href":"https:\/\/justicapotiguar.com.br\/index.php\/wp-json\/wp\/v2\/posts\/19296\/revisions"}],"predecessor-version":[{"id":19297,"href":"https:\/\/justicapotiguar.com.br\/index.php\/wp-json\/wp\/v2\/posts\/19296\/revisions\/19297"}],"wp:featuredmedia":[{"embeddable":true,"href":"https:\/\/justicapotiguar.com.br\/index.php\/wp-json\/wp\/v2\/media\/7252"}],"wp:attachment":[{"href":"https:\/\/justicapotiguar.com.br\/index.php\/wp-json\/wp\/v2\/media?parent=19296"}],"wp:term":[{"taxonomy":"category","embeddable":true,"href":"https:\/\/justicapotiguar.com.br\/index.php\/wp-json\/wp\/v2\/categories?post=19296"},{"taxonomy":"post_tag","embeddable":true,"href":"https:\/\/justicapotiguar.com.br\/index.php\/wp-json\/wp\/v2\/tags?post=19296"}],"curies":[{"name":"wp","href":"https:\/\/api.w.org\/{rel}","templated":true}]}}