{"id":19254,"date":"2021-06-07T09:16:39","date_gmt":"2021-06-07T12:16:39","guid":{"rendered":"https:\/\/justicapotiguar.com.br\/?p=19254"},"modified":"2021-06-06T22:06:48","modified_gmt":"2021-06-07T01:06:48","slug":"oab-pede-a-corregedora-de-justica-o-afastamento-de-marcelo-bretas","status":"publish","type":"post","link":"https:\/\/justicapotiguar.com.br\/index.php\/2021\/06\/07\/oab-pede-a-corregedora-de-justica-o-afastamento-de-marcelo-bretas\/","title":{"rendered":"OAB pede \u00e0 corregedora de Justi\u00e7a o afastamento de Marcelo Bretas"},"content":{"rendered":"\n<figure class=\"wp-block-image size-large\"><img loading=\"lazy\" width=\"1024\" height=\"683\" src=\"https:\/\/justicapotiguar.com.br\/wp-content\/uploads\/2020\/02\/tmazs_abr_2311187593-1024x683.jpg\" alt=\"\" class=\"wp-image-6112\" srcset=\"https:\/\/justicapotiguar.com.br\/wp-content\/uploads\/2020\/02\/tmazs_abr_2311187593-1024x683.jpg 1024w, https:\/\/justicapotiguar.com.br\/wp-content\/uploads\/2020\/02\/tmazs_abr_2311187593-300x200.jpg 300w, https:\/\/justicapotiguar.com.br\/wp-content\/uploads\/2020\/02\/tmazs_abr_2311187593-768x512.jpg 768w, https:\/\/justicapotiguar.com.br\/wp-content\/uploads\/2020\/02\/tmazs_abr_2311187593.jpg 1140w\" sizes=\"(max-width: 1024px) 100vw, 1024px\" \/><figcaption>Reprodu\u00e7\u00e3o<\/figcaption><\/figure>\n\n\n\n<p>O Conselho Federal da Ordem dos Advogados do Brasil deve&nbsp;<strong><a href=\"https:\/\/www.conjur.com.br\/dl\/marcelo-bretas-oab-nacional.pdf\" target=\"_blank\" rel=\"noreferrer noopener\">protocolar<\/a>&nbsp;<\/strong>nesta segunda-feira (7\/6)reclama\u00e7\u00e3o disciplinar \u00e0 ministra Maria Thereza Rocha de Assis Moura, corregedora nacional de Justi\u00e7a, com um pedido cautelar de afastamento do juiz Marcelo Bretas, da 7\u00aa Vara da Justi\u00e7a Federal do Rio de Janeiro,&nbsp;respons\u00e1vel pelos processos da franquia lavajatista no estado.<\/p>\n\n\n\n<p>O&nbsp;<strong><a href=\"https:\/\/www.conjur.com.br\/dl\/marcelo-bretas-oab-nacional.pdf\" target=\"_blank\" rel=\"noreferrer noopener\">documento<\/a><\/strong>, assinado&nbsp;pelo procurador nacional de Defesa das Prerrogativas da entidade, Alex Sarkis, e pela advogada&nbsp;Priscilla Lisboa Pereira,&nbsp;aponta que o magistrado descumpre os deveres de imparcialidade, tratamento urbano com as partes, entre outros previstos no artigo 35 da Lei Org\u00e2nica da Magistratura Nacional, culminando, inclusive, em desrespeito \u00e0s prerrogativas dos advogados.<\/p>\n\n\n\n<p><a href=\"https:\/\/www.conjur.com.br\/2021-jun-04\/bretas-acusado-advogado-negociar-penas-orientar-advogados\" target=\"_blank\" rel=\"noreferrer noopener\">Segundo o advogado<\/a>&nbsp;criminalista Nythalmar Dias Ferreira Filho, o juiz&nbsp;negociou penas, orientou&nbsp;advogados e combinou estrat\u00e9gias com o Minist\u00e9rio P\u00fablico.<\/p>\n\n\n\n<p>O relato de&nbsp;Nythalmar consta de&nbsp;acordo de dela\u00e7\u00e3o premiada aceito pela Procuradoria-Geral da Rep\u00fablica. As&nbsp;<a href=\"https:\/\/www.conjur.com.br\/2021-jun-04\/oab-decide-pedir-afastamento-juiz-marcelo-bretas-denuncia-advogado\" target=\"_blank\" rel=\"noreferrer noopener\">informa\u00e7\u00f5es foram divulgadas<\/a>&nbsp;na edi\u00e7\u00e3o da revista&nbsp;<em>Veja<\/em>&nbsp;que come\u00e7ou a circular na manh\u00e3 desta sexta-feira&nbsp;(4\/6).&nbsp;Segundo a reportagem, o advogado apresentou uma grava\u00e7\u00e3o na qual Bretas diz que vai &#8220;aliviar&#8221;&nbsp;acusa\u00e7\u00f5es contra o empres\u00e1rio Fernando Cavendish, delator e que tamb\u00e9m chegou a ser preso pela &#8220;lava jato&#8221;.<\/p>\n\n\n\n<p>A revista transcreve a grava\u00e7\u00e3o, na qual Bretas afirma:&nbsp;&#8220;Voc\u00ea pode falar que conversei com ele, com o Leo, que fizemos uma &nbsp;videoconfer\u00eancia l\u00e1, e o procurador me garantiu que aqui mant\u00e9m o interesse, aqui n\u00e3o vai embarreirar&#8221;,&nbsp;diz Bretas. &#8220;E a\u00ed deixa comigo tamb\u00e9m que eu vou aliviar. N\u00e3o vou botar 43 anos no cara. Cara t\u00e1 assustado com os 43 anos&#8221;, diz, em outro trecho do di\u00e1logo. Leo seria o procurador Leonardo Cardoso de Freitas, ent\u00e3o coordenador da opera\u00e7\u00e3o no Rio de Janeiro. Os &#8220;43 anos&#8221; se referem \u00e0 decis\u00e3o que condenou o almirante Othon Luiz Pinheiro da Silva, ex-presidente da Eletronuclear, o que gerou temor generalizado nos r\u00e9us.<\/p>\n\n\n\n<p>Para a OAB, outro fato que merece aten\u00e7\u00e3o, apesar de n\u00e3o ter sido o foco da reportagem da revista, \u00e9 que n\u00e3o s\u00f3 os investigados, mas os pr\u00f3prios &#8220;advogados s\u00e3o v\u00edtimas do modelo de atua\u00e7\u00e3o que, ao que tudo indica, \u00e9 praticado pelo reclamado [Bretas], e que acarreta na viola\u00e7\u00e3o das suas prerrogativas profissionais&#8221;.<\/p>\n\n\n\n<p>Em setembro de 2020, as seccionais da OAB no Distrito Federal, em S\u00e3o Paulo, Alagoas, Cear\u00e1 e Rio de Janeiro apresentaram a&nbsp;<a href=\"https:\/\/www.conjur.com.br\/2020-set-18\/reclamacao-oab-stf-anulacao-buscas-advogados\" target=\"_blank\" rel=\"noreferrer noopener\">Reclama\u00e7\u00e3o n\u00ba&nbsp;43.479<\/a>&nbsp;ao Supremo Tribunal Federal em face das decis\u00f5es ilegais, inconstitucionais e abusivas que Bretas proferiu, tendo com base colabora\u00e7\u00e3o premiada firmada entre o Minist\u00e9rio P\u00fablico Federal no Rio e um investigado.<\/p><div class=\"tbaqs69efa2abdd9b2\" ><!--<a href=\"https:\/\/bit.ly\/3QdrqTZ\" target=\"_blank\">\n<img src=\"https:\/\/justicapotiguar.com.br\/wp-content\/uploads\/2023\/09\/mobile-geral.gif\"\/><a\/>--><\/div><style type=\"text\/css\">\r\n.tbaqs69efa2abdd9b2 {\r\ntext-align: center;\r\n}\r\n@media screen and (min-width: 1201px) {\r\n.tbaqs69efa2abdd9b2 {\r\ndisplay: none;\r\n}\r\n}\r\n@media screen and (min-width: 993px) and (max-width: 1200px) {\r\n.tbaqs69efa2abdd9b2 {\r\ndisplay: none;\r\n}\r\n}\r\n@media screen and (min-width: 769px) and (max-width: 992px) {\r\n.tbaqs69efa2abdd9b2 {\r\ndisplay: none;\r\n}\r\n}\r\n@media screen and (min-width: 768px) and (max-width: 768px) {\r\n.tbaqs69efa2abdd9b2 {\r\ndisplay: block;\r\n}\r\n}\r\n@media screen and (max-width: 767px) {\r\n.tbaqs69efa2abdd9b2 {\r\ndisplay: block;\r\n}\r\n}\r\n<\/style>\r\n<div class=\"ylhmv69efa2abdd993\" ><!--<a href=\"https:\/\/bit.ly\/3QdrqTZ\" target=\"_blank\">\n<img src=\"https:\/\/justicapotiguar.com.br\/wp-content\/uploads\/2023\/09\/desktop-geral.gif\"\/><a\/>--><\/div><style type=\"text\/css\">\r\n.ylhmv69efa2abdd993 {\r\ntext-align: center;\nmargin-bottom: 1em;\r\n}\r\n@media screen and (min-width: 1201px) {\r\n.ylhmv69efa2abdd993 {\r\ndisplay: block;\r\n}\r\n}\r\n@media screen and (min-width: 993px) and (max-width: 1200px) {\r\n.ylhmv69efa2abdd993 {\r\ndisplay: block;\r\n}\r\n}\r\n@media screen and (min-width: 769px) and (max-width: 992px) {\r\n.ylhmv69efa2abdd993 {\r\ndisplay: block;\r\n}\r\n}\r\n@media screen and (min-width: 768px) and (max-width: 768px) {\r\n.ylhmv69efa2abdd993 {\r\ndisplay: none;\r\n}\r\n}\r\n@media screen and (max-width: 767px) {\r\n.ylhmv69efa2abdd993 {\r\ndisplay: none;\r\n}\r\n}\r\n<\/style>\r\n\n\n\n\n<p>Bretas decretou, na ocasi\u00e3o, sem compet\u00eancia para tanto e com viola\u00e7\u00e3o da garantia do devido processo legal, buscas e apreens\u00f5es nos endere\u00e7os profissionais (escrit\u00f3rios de advocacia) e residenciais de advogados sem a observ\u00e2ncia de seus direitos, garantias e prerrogativas.<\/p>\n\n\n\n<p>No \u00faltimo dia 27 de abril, o ministro Gilmar Mendes,&nbsp;do Supremo Tribunal Federal,&nbsp;<a href=\"https:\/\/www.conjur.com.br\/2021-abr-27\/gilmar-mendes-vota-anular-buscas-apreensoes-advogados\" target=\"_blank\" rel=\"noreferrer noopener\">votou para declarar a incompet\u00eancia<\/a>&nbsp;da 7\u00aa Vara Federal Criminal do Rio de Janeiro, que tem o juiz Marcelo Bretas como titular, para conduzir processo envolvendo a Fecomercio do Rio de Janeiro.<\/p>\n\n\n\n<p>Assim, as buscas e apreens\u00f5es em 75 endere\u00e7os ligados a advogados devem ser anuladas. Na volta do intervalo da sess\u00e3o, por\u00e9m, o ministro Nunes Marques pediu vista.<\/p>\n\n\n\n<p>Em outubro do ano passado, Gilmar&nbsp;<a href=\"https:\/\/www.conjur.com.br\/2020-out-03\/gilmar-mendes-suspende-ataque-marcelo-bretas-advogados\" target=\"_blank\" rel=\"noreferrer noopener\">j\u00e1 havia suspendido liminarmente<\/a>&nbsp;o bote contra a&nbsp;advocacia&nbsp;comandado&nbsp;pelo juiz Bretas.<\/p>\n\n\n\n<p><strong>Clique\u00a0<a rel=\"noreferrer noopener\" href=\"https:\/\/www.conjur.com.br\/dl\/marcelo-bretas-oab-nacional.pdf\" target=\"_blank\">aqui<\/a>\u00a0para ler a \u00edntegra do pedido<\/strong> <\/p>\n\n\n\n<p>Conjur<\/p>\n","protected":false},"excerpt":{"rendered":"<p>O Conselho Federal da Ordem dos Advogados do Brasil deve&nbsp;protocolar&nbsp;nesta segunda-feira (7\/6)reclama\u00e7\u00e3o disciplinar \u00e0 ministra Maria Thereza Rocha de Assis Moura, corregedora nacional de Justi\u00e7a, com um pedido cautelar de afastamento do juiz Marcelo Bretas, da 7\u00aa Vara da Justi\u00e7a Federal do Rio de Janeiro,&nbsp;respons\u00e1vel pelos processos da franquia lavajatista no estado. O&nbsp;documento, assinado&nbsp;pelo procurador<br \/><a class=\"more-link\" href=\"https:\/\/justicapotiguar.com.br\/index.php\/2021\/06\/07\/oab-pede-a-corregedora-de-justica-o-afastamento-de-marcelo-bretas\/\">Mais&#8230;<\/a><\/p>\n","protected":false},"author":5,"featured_media":6112,"comment_status":"open","ping_status":"open","sticky":false,"template":"","format":"standard","meta":[],"categories":[3],"tags":[],"_links":{"self":[{"href":"https:\/\/justicapotiguar.com.br\/index.php\/wp-json\/wp\/v2\/posts\/19254"}],"collection":[{"href":"https:\/\/justicapotiguar.com.br\/index.php\/wp-json\/wp\/v2\/posts"}],"about":[{"href":"https:\/\/justicapotiguar.com.br\/index.php\/wp-json\/wp\/v2\/types\/post"}],"author":[{"embeddable":true,"href":"https:\/\/justicapotiguar.com.br\/index.php\/wp-json\/wp\/v2\/users\/5"}],"replies":[{"embeddable":true,"href":"https:\/\/justicapotiguar.com.br\/index.php\/wp-json\/wp\/v2\/comments?post=19254"}],"version-history":[{"count":1,"href":"https:\/\/justicapotiguar.com.br\/index.php\/wp-json\/wp\/v2\/posts\/19254\/revisions"}],"predecessor-version":[{"id":19255,"href":"https:\/\/justicapotiguar.com.br\/index.php\/wp-json\/wp\/v2\/posts\/19254\/revisions\/19255"}],"wp:featuredmedia":[{"embeddable":true,"href":"https:\/\/justicapotiguar.com.br\/index.php\/wp-json\/wp\/v2\/media\/6112"}],"wp:attachment":[{"href":"https:\/\/justicapotiguar.com.br\/index.php\/wp-json\/wp\/v2\/media?parent=19254"}],"wp:term":[{"taxonomy":"category","embeddable":true,"href":"https:\/\/justicapotiguar.com.br\/index.php\/wp-json\/wp\/v2\/categories?post=19254"},{"taxonomy":"post_tag","embeddable":true,"href":"https:\/\/justicapotiguar.com.br\/index.php\/wp-json\/wp\/v2\/tags?post=19254"}],"curies":[{"name":"wp","href":"https:\/\/api.w.org\/{rel}","templated":true}]}}