{"id":19252,"date":"2021-06-07T08:35:08","date_gmt":"2021-06-07T11:35:08","guid":{"rendered":"https:\/\/justicapotiguar.com.br\/?p=19252"},"modified":"2021-06-06T22:01:59","modified_gmt":"2021-06-07T01:01:59","slug":"reducao-de-ferias-de-60-para-30-dias-deixara-judiciario-lento-diz-presidente-da-amb","status":"publish","type":"post","link":"https:\/\/justicapotiguar.com.br\/index.php\/2021\/06\/07\/reducao-de-ferias-de-60-para-30-dias-deixara-judiciario-lento-diz-presidente-da-amb\/","title":{"rendered":"Redu\u00e7\u00e3o de f\u00e9rias de 60 para 30 dias deixar\u00e1 Judici\u00e1rio \u201clento\u201d, diz presidente da AMB"},"content":{"rendered":"\n<figure class=\"wp-block-image size-large\"><img loading=\"lazy\" width=\"1024\" height=\"683\" src=\"https:\/\/justicapotiguar.com.br\/wp-content\/uploads\/2019\/12\/renata-gil-presidente-amb-1024x683.jpeg\" alt=\"\" class=\"wp-image-4735\" srcset=\"https:\/\/justicapotiguar.com.br\/wp-content\/uploads\/2019\/12\/renata-gil-presidente-amb-1024x683.jpeg 1024w, https:\/\/justicapotiguar.com.br\/wp-content\/uploads\/2019\/12\/renata-gil-presidente-amb-300x200.jpeg 300w, https:\/\/justicapotiguar.com.br\/wp-content\/uploads\/2019\/12\/renata-gil-presidente-amb-768x512.jpeg 768w\" sizes=\"(max-width: 1024px) 100vw, 1024px\" \/><figcaption>Reprodu\u00e7\u00e3o<\/figcaption><\/figure>\n\n\n\n<p>Em artigo para a Folha, a presidente da Associa\u00e7\u00e3o dos Magistrados Brasileiros (AMB), Renata Gil,&nbsp;<strong>defendeu as f\u00e9rias de 60 dias para ju\u00edzes e procuradores<\/strong>.&nbsp;<\/p>\n\n\n\n<p>Para Renata,&nbsp;se a PEC que&nbsp;reduz as f\u00e9rias da magistratura e dos membros do Minist\u00e9rio P\u00fablico de 60 para 30 dias por ano&nbsp;for aprovada, \u201c<em>a consequ\u00eancia irrevers\u00edvel ser\u00e1 um&nbsp;<\/em><strong><em>Judici\u00e1rio&nbsp;<\/em><\/strong><em><strong>congestionado e lento<\/strong>&nbsp;na pacifica\u00e7\u00e3o dos conflitos, em preju\u00edzo dos cidad\u00e3os<\/em>\u201d.<\/p><div class=\"bxlpm69efa288984bd\" ><!--<a href=\"https:\/\/bit.ly\/3QdrqTZ\" target=\"_blank\">\n<img src=\"https:\/\/justicapotiguar.com.br\/wp-content\/uploads\/2023\/09\/mobile-geral.gif\"\/><a\/>--><\/div><style type=\"text\/css\">\r\n.bxlpm69efa288984bd {\r\ntext-align: center;\r\n}\r\n@media screen and (min-width: 1201px) {\r\n.bxlpm69efa288984bd {\r\ndisplay: none;\r\n}\r\n}\r\n@media screen and (min-width: 993px) and (max-width: 1200px) {\r\n.bxlpm69efa288984bd {\r\ndisplay: none;\r\n}\r\n}\r\n@media screen and (min-width: 769px) and (max-width: 992px) {\r\n.bxlpm69efa288984bd {\r\ndisplay: none;\r\n}\r\n}\r\n@media screen and (min-width: 768px) and (max-width: 768px) {\r\n.bxlpm69efa288984bd {\r\ndisplay: block;\r\n}\r\n}\r\n@media screen and (max-width: 767px) {\r\n.bxlpm69efa288984bd {\r\ndisplay: block;\r\n}\r\n}\r\n<\/style>\r\n<div class=\"hlsdh69efa288984aa\" ><!--<a href=\"https:\/\/bit.ly\/3QdrqTZ\" target=\"_blank\">\n<img src=\"https:\/\/justicapotiguar.com.br\/wp-content\/uploads\/2023\/09\/desktop-geral.gif\"\/><a\/>--><\/div><style type=\"text\/css\">\r\n.hlsdh69efa288984aa {\r\ntext-align: center;\nmargin-bottom: 1em;\r\n}\r\n@media screen and (min-width: 1201px) {\r\n.hlsdh69efa288984aa {\r\ndisplay: block;\r\n}\r\n}\r\n@media screen and (min-width: 993px) and (max-width: 1200px) {\r\n.hlsdh69efa288984aa {\r\ndisplay: block;\r\n}\r\n}\r\n@media screen and (min-width: 769px) and (max-width: 992px) {\r\n.hlsdh69efa288984aa {\r\ndisplay: block;\r\n}\r\n}\r\n@media screen and (min-width: 768px) and (max-width: 768px) {\r\n.hlsdh69efa288984aa {\r\ndisplay: none;\r\n}\r\n}\r\n@media screen and (max-width: 767px) {\r\n.hlsdh69efa288984aa {\r\ndisplay: none;\r\n}\r\n}\r\n<\/style>\r\n\n\n\n\n<p>A magistrada argumenta que, sem o benef\u00edcio, ju\u00edzes e procuradores dever\u00e3o abandonar o servi\u00e7o p\u00fablico, \u201c<em>justamente por vislumbrarem, na iniciativa privada, a possibilidade de melhores condi\u00e7\u00f5es de vida<\/em>\u201d.<\/p>\n\n\n\n<p>O Antagonista<\/p>\n","protected":false},"excerpt":{"rendered":"<p>Em artigo para a Folha, a presidente da Associa\u00e7\u00e3o dos Magistrados Brasileiros (AMB), Renata Gil,&nbsp;defendeu as f\u00e9rias de 60 dias para ju\u00edzes e procuradores.&nbsp; Para Renata,&nbsp;se a PEC que&nbsp;reduz as f\u00e9rias da magistratura e dos membros do Minist\u00e9rio P\u00fablico de 60 para 30 dias por ano&nbsp;for aprovada, \u201ca consequ\u00eancia irrevers\u00edvel ser\u00e1 um&nbsp;Judici\u00e1rio&nbsp;congestionado e lento&nbsp;na pacifica\u00e7\u00e3o<br \/><a class=\"more-link\" href=\"https:\/\/justicapotiguar.com.br\/index.php\/2021\/06\/07\/reducao-de-ferias-de-60-para-30-dias-deixara-judiciario-lento-diz-presidente-da-amb\/\">Mais&#8230;<\/a><\/p>\n","protected":false},"author":5,"featured_media":4735,"comment_status":"open","ping_status":"open","sticky":false,"template":"","format":"standard","meta":[],"categories":[3],"tags":[],"_links":{"self":[{"href":"https:\/\/justicapotiguar.com.br\/index.php\/wp-json\/wp\/v2\/posts\/19252"}],"collection":[{"href":"https:\/\/justicapotiguar.com.br\/index.php\/wp-json\/wp\/v2\/posts"}],"about":[{"href":"https:\/\/justicapotiguar.com.br\/index.php\/wp-json\/wp\/v2\/types\/post"}],"author":[{"embeddable":true,"href":"https:\/\/justicapotiguar.com.br\/index.php\/wp-json\/wp\/v2\/users\/5"}],"replies":[{"embeddable":true,"href":"https:\/\/justicapotiguar.com.br\/index.php\/wp-json\/wp\/v2\/comments?post=19252"}],"version-history":[{"count":1,"href":"https:\/\/justicapotiguar.com.br\/index.php\/wp-json\/wp\/v2\/posts\/19252\/revisions"}],"predecessor-version":[{"id":19253,"href":"https:\/\/justicapotiguar.com.br\/index.php\/wp-json\/wp\/v2\/posts\/19252\/revisions\/19253"}],"wp:featuredmedia":[{"embeddable":true,"href":"https:\/\/justicapotiguar.com.br\/index.php\/wp-json\/wp\/v2\/media\/4735"}],"wp:attachment":[{"href":"https:\/\/justicapotiguar.com.br\/index.php\/wp-json\/wp\/v2\/media?parent=19252"}],"wp:term":[{"taxonomy":"category","embeddable":true,"href":"https:\/\/justicapotiguar.com.br\/index.php\/wp-json\/wp\/v2\/categories?post=19252"},{"taxonomy":"post_tag","embeddable":true,"href":"https:\/\/justicapotiguar.com.br\/index.php\/wp-json\/wp\/v2\/tags?post=19252"}],"curies":[{"name":"wp","href":"https:\/\/api.w.org\/{rel}","templated":true}]}}