{"id":19075,"date":"2021-05-27T15:05:50","date_gmt":"2021-05-27T18:05:50","guid":{"rendered":"https:\/\/justicapotiguar.com.br\/?p=19075"},"modified":"2021-05-27T14:20:18","modified_gmt":"2021-05-27T17:20:18","slug":"cpi-da-covid-e-protocolada-na-assembleia-legislativa-do-rn","status":"publish","type":"post","link":"https:\/\/justicapotiguar.com.br\/index.php\/2021\/05\/27\/cpi-da-covid-e-protocolada-na-assembleia-legislativa-do-rn\/","title":{"rendered":"CPI da Covid \u00e9 protocolada na Assembleia Legislativa do RN"},"content":{"rendered":"\n<figure class=\"wp-block-image size-large\"><img loading=\"lazy\" width=\"768\" height=\"512\" src=\"https:\/\/justicapotiguar.com.br\/wp-content\/uploads\/2021\/05\/hGF3EQlAwCgJSVg7g3ztsgaywE2D9y1tepxDi1UY-768x512-1.jpg\" alt=\"\" class=\"wp-image-19076\" srcset=\"https:\/\/justicapotiguar.com.br\/wp-content\/uploads\/2021\/05\/hGF3EQlAwCgJSVg7g3ztsgaywE2D9y1tepxDi1UY-768x512-1.jpg 768w, https:\/\/justicapotiguar.com.br\/wp-content\/uploads\/2021\/05\/hGF3EQlAwCgJSVg7g3ztsgaywE2D9y1tepxDi1UY-768x512-1-300x200.jpg 300w\" sizes=\"(max-width: 768px) 100vw, 768px\" \/><figcaption>Reprodu\u00e7\u00e3o<\/figcaption><\/figure>\n\n\n\n<p>Dez deputados estaduais assinaram e protocolaram nesta quinta-feira (27) a Comiss\u00e3o Parlamentar de Inqu\u00e9rito (CPI) para investigar supostas irregularidades nos contratos no per\u00edodo da pandemia da Covid-19 no Rio Grande do Norte. A CPI \u00e9 uma comiss\u00e3o tempor\u00e1ria, destinada a investigar fato certo e determinado, que tem fundamento no art. 43 da Constitui\u00e7\u00e3o Estadual. Assinaram a CPI os deputados Gustavo Carvalho (PSDB), Jos\u00e9 Dias (PSDB), Kelps Lima (SDD), Cristiane Dantas (SDD), Get\u00falio R\u00eago (DEM), Tomba Farias (PSDB), Coronel Azevedo (PSC), Subtenente Eliabe (SDD), Nelter Queiroz (MDB) e Galeno Torquato (PSD).<\/p>\n\n\n\n<p>De acordo com o Regimento Interno da Assembleia Legislativa do Rio Grande do Norte, ao presidente cabe a an\u00e1lise inicial do requerimento para verifica\u00e7\u00e3o dos requisitos:<\/p>\n\n\n\n<p>1) fato certo e determinado bem detalhado, referente a um acontecimento relevante para a vida p\u00fablica, econ\u00f4mica e social, mas exclu\u00eddos os fatos relacionados ao Governo Federal e aos Munic\u00edpios em situa\u00e7\u00e3o de interven\u00e7\u00e3o;<br>2) quantidade m\u00ednima de assinaturas: 8 deputados;<br>3) prazo certo e n\u00e3o superior a 120 dias;<\/p>\n\n\n\n<p>Ap\u00f3s a an\u00e1lise dos fatos, o presidente dever\u00e1 despachar:<\/p><div class=\"cepes69efba32368d2\" ><!--<a href=\"https:\/\/bit.ly\/3QdrqTZ\" target=\"_blank\">\n<img src=\"https:\/\/justicapotiguar.com.br\/wp-content\/uploads\/2023\/09\/mobile-geral.gif\"\/><a\/>--><\/div><style type=\"text\/css\">\r\n.cepes69efba32368d2 {\r\ntext-align: center;\r\n}\r\n@media screen and (min-width: 1201px) {\r\n.cepes69efba32368d2 {\r\ndisplay: none;\r\n}\r\n}\r\n@media screen and (min-width: 993px) and (max-width: 1200px) {\r\n.cepes69efba32368d2 {\r\ndisplay: none;\r\n}\r\n}\r\n@media screen and (min-width: 769px) and (max-width: 992px) {\r\n.cepes69efba32368d2 {\r\ndisplay: none;\r\n}\r\n}\r\n@media screen and (min-width: 768px) and (max-width: 768px) {\r\n.cepes69efba32368d2 {\r\ndisplay: block;\r\n}\r\n}\r\n@media screen and (max-width: 767px) {\r\n.cepes69efba32368d2 {\r\ndisplay: block;\r\n}\r\n}\r\n<\/style>\r\n<div class=\"hfhfd69efba32368b6\" ><!--<a href=\"https:\/\/bit.ly\/3QdrqTZ\" target=\"_blank\">\n<img src=\"https:\/\/justicapotiguar.com.br\/wp-content\/uploads\/2023\/09\/desktop-geral.gif\"\/><a\/>--><\/div><style type=\"text\/css\">\r\n.hfhfd69efba32368b6 {\r\ntext-align: center;\nmargin-bottom: 1em;\r\n}\r\n@media screen and (min-width: 1201px) {\r\n.hfhfd69efba32368b6 {\r\ndisplay: block;\r\n}\r\n}\r\n@media screen and (min-width: 993px) and (max-width: 1200px) {\r\n.hfhfd69efba32368b6 {\r\ndisplay: block;\r\n}\r\n}\r\n@media screen and (min-width: 769px) and (max-width: 992px) {\r\n.hfhfd69efba32368b6 {\r\ndisplay: block;\r\n}\r\n}\r\n@media screen and (min-width: 768px) and (max-width: 768px) {\r\n.hfhfd69efba32368b6 {\r\ndisplay: none;\r\n}\r\n}\r\n@media screen and (max-width: 767px) {\r\n.hfhfd69efba32368b6 {\r\ndisplay: none;\r\n}\r\n}\r\n<\/style>\r\n\n\n\n\n<p>a) mandando para publica\u00e7\u00e3o (se presentes os requisitos);<br>b) ou devolvendo ao deputado autor do requerimento por n\u00e3o ter descrito fato relevante, certo e determinado.<\/p>\n\n\n\n<p>Se aprovado, o requerimento vai para Mesa Diretora fixar a quantidade de membros. Os integrantes da CPI ser\u00e3o nomeados por resolu\u00e7\u00e3o, ouvidos os l\u00edderes e suas indica\u00e7\u00f5es. O presidente da CPI dever\u00e1 ser eleito, a quem caber\u00e1 a indica\u00e7\u00e3o do relator. Se o presidente for da maioria, dever\u00e1 indicar o relator pela minoria, e vice-versa.<\/p>\n\n\n\n<p>Os encaminhamentos da CPI da Covid ser\u00e3o divulgados atrav\u00e9s dos canais oficiais da Assembleia como o site&nbsp;<a href=\"http:\/\/al.rn.leg.br\/\" target=\"_blank\" rel=\"noreferrer noopener\">al.rn.leg.br<\/a>&nbsp;e nas redes sociais @assembleiarn e na Tv Assembleia RN, 10.3.<\/p>\n","protected":false},"excerpt":{"rendered":"<p>Dez deputados estaduais assinaram e protocolaram nesta quinta-feira (27) a Comiss\u00e3o Parlamentar de Inqu\u00e9rito (CPI) para investigar supostas irregularidades nos contratos no per\u00edodo da pandemia da Covid-19 no Rio Grande do Norte. A CPI \u00e9 uma comiss\u00e3o tempor\u00e1ria, destinada a investigar fato certo e determinado, que tem fundamento no art. 43 da Constitui\u00e7\u00e3o Estadual. Assinaram<br \/><a class=\"more-link\" href=\"https:\/\/justicapotiguar.com.br\/index.php\/2021\/05\/27\/cpi-da-covid-e-protocolada-na-assembleia-legislativa-do-rn\/\">Mais&#8230;<\/a><\/p>\n","protected":false},"author":5,"featured_media":19076,"comment_status":"open","ping_status":"open","sticky":false,"template":"","format":"standard","meta":[],"categories":[3],"tags":[],"_links":{"self":[{"href":"https:\/\/justicapotiguar.com.br\/index.php\/wp-json\/wp\/v2\/posts\/19075"}],"collection":[{"href":"https:\/\/justicapotiguar.com.br\/index.php\/wp-json\/wp\/v2\/posts"}],"about":[{"href":"https:\/\/justicapotiguar.com.br\/index.php\/wp-json\/wp\/v2\/types\/post"}],"author":[{"embeddable":true,"href":"https:\/\/justicapotiguar.com.br\/index.php\/wp-json\/wp\/v2\/users\/5"}],"replies":[{"embeddable":true,"href":"https:\/\/justicapotiguar.com.br\/index.php\/wp-json\/wp\/v2\/comments?post=19075"}],"version-history":[{"count":1,"href":"https:\/\/justicapotiguar.com.br\/index.php\/wp-json\/wp\/v2\/posts\/19075\/revisions"}],"predecessor-version":[{"id":19077,"href":"https:\/\/justicapotiguar.com.br\/index.php\/wp-json\/wp\/v2\/posts\/19075\/revisions\/19077"}],"wp:featuredmedia":[{"embeddable":true,"href":"https:\/\/justicapotiguar.com.br\/index.php\/wp-json\/wp\/v2\/media\/19076"}],"wp:attachment":[{"href":"https:\/\/justicapotiguar.com.br\/index.php\/wp-json\/wp\/v2\/media?parent=19075"}],"wp:term":[{"taxonomy":"category","embeddable":true,"href":"https:\/\/justicapotiguar.com.br\/index.php\/wp-json\/wp\/v2\/categories?post=19075"},{"taxonomy":"post_tag","embeddable":true,"href":"https:\/\/justicapotiguar.com.br\/index.php\/wp-json\/wp\/v2\/tags?post=19075"}],"curies":[{"name":"wp","href":"https:\/\/api.w.org\/{rel}","templated":true}]}}