{"id":19028,"date":"2021-05-25T13:37:16","date_gmt":"2021-05-25T16:37:16","guid":{"rendered":"https:\/\/justicapotiguar.com.br\/?p=19028"},"modified":"2021-05-25T13:37:16","modified_gmt":"2021-05-25T16:37:16","slug":"se-concedermos-nao-havera-judiciario-diz-fachin-sobre-ataques-as-eleicoes","status":"publish","type":"post","link":"https:\/\/justicapotiguar.com.br\/index.php\/2021\/05\/25\/se-concedermos-nao-havera-judiciario-diz-fachin-sobre-ataques-as-eleicoes\/","title":{"rendered":"\u201cSe concedermos, n\u00e3o haver\u00e1 Judici\u00e1rio&#8221;, diz Fachin sobre ataques \u00e0s elei\u00e7\u00f5es"},"content":{"rendered":"\n<p>O ministro do STF (Supremo Tribunal Federal) Edson Fachin disse nessa 2\u00aa feira (24.mai.2021) que caso se conceda no \u201c<em>m\u00ednimo essencial<\/em>\u201d da democracia, \u201c<em>n\u00e3o haver\u00e1 Judici\u00e1rio amanh\u00e3<\/em>\u201d. O alerta foi feito em encontro virtual com advogados do grupo&nbsp;<a href=\"https:\/\/www.prerro.com.br\/\" target=\"_blank\" rel=\"noreferrer noopener\">Prerrogativas<\/a>.<\/p>\n\n\n\n<p>As informa\u00e7\u00f5es s\u00e3o da&nbsp;<a href=\"https:\/\/www1.folha.uol.com.br\/colunas\/monicabergamo\/2021\/05\/se-concedermos-nao-havera-judiciario-amanha-diz-fachin-sobre-ataques-as-eleicoes-e-a-democracia.shtml\" target=\"_blank\" rel=\"noreferrer noopener\"><em>Folha de S. Paulo<\/em><\/a>.<\/p>\n\n\n\n<figure class=\"wp-block-image size-large\"><img loading=\"lazy\" width=\"1024\" height=\"683\" src=\"https:\/\/justicapotiguar.com.br\/wp-content\/uploads\/2019\/08\/fachin-rovena-rosa-1024x683.jpg\" alt=\"\" class=\"wp-image-826\" srcset=\"https:\/\/justicapotiguar.com.br\/wp-content\/uploads\/2019\/08\/fachin-rovena-rosa-1024x683.jpg 1024w, https:\/\/justicapotiguar.com.br\/wp-content\/uploads\/2019\/08\/fachin-rovena-rosa-300x200.jpg 300w, https:\/\/justicapotiguar.com.br\/wp-content\/uploads\/2019\/08\/fachin-rovena-rosa-768x512.jpg 768w, https:\/\/justicapotiguar.com.br\/wp-content\/uploads\/2019\/08\/fachin-rovena-rosa.jpg 1140w\" sizes=\"(max-width: 1024px) 100vw, 1024px\" \/><figcaption>Reprodu\u00e7\u00e3o<\/figcaption><\/figure>\n\n\n\n<p>\u201c<em>Temos todos uma zona de intersec\u00e7\u00e3o comum\u00a0<\/em>[que \u00e9]\u00a0<em>o m\u00ednimo essencial da democracia<\/em>\u201d, disse Fachin. \u201c<em>E este n\u00e3o podemos em hip\u00f3tese alguma conceder. Porque efetivamente, se concedermos, n\u00e3o haver\u00e1 Judici\u00e1rio amanh\u00e3. Haver\u00e1 uma autoridade judici\u00e1ria servil ao poder de ocasi\u00e3o. E certamente n\u00f3s n\u00e3o nascemos para vivenciar ou admitir isso.<\/em>\u201d<\/p>\n\n\n\n<p>O ministro afirmou acreditar que dissensos s\u00e3o construtivos, mas \u00e9 importante a exist\u00eancia de \u201c<em>vasos comunicantes<\/em>\u201d entre democratas.<\/p>\n\n\n\n<p>Segundo o ministro, \u00e9 preciso defender o sistema eleitoral e democr\u00e1tico. Fachin afirmou estar preocupado com as elei\u00e7\u00f5es de 2022, diante do que considera investidas de um populismo autorit\u00e1rio. Ele presidir\u00e1 o TSE (Tribunal Superior Eleitoral) a partir de fevereiro do pr\u00f3ximo ano.<\/p>\n\n\n\n<p>Fachin j\u00e1 havia falado sobre sua preocupa\u00e7\u00e3o com o populismo em entrevista ao jornal&nbsp;<a href=\"https:\/\/blogs.correiobraziliense.com.br\/cbpoder\/luiz-edson-fachin-precisamos-sair-da-crise-sem-sair-da-democracia\/\" target=\"_blank\" rel=\"noreferrer noopener\">Correio Braziliense<\/a>&nbsp;publicada em 10 de maio.<\/p><div class=\"dwtpp69efd1bc0eed0\" ><!--<a href=\"https:\/\/bit.ly\/3QdrqTZ\" target=\"_blank\">\n<img src=\"https:\/\/justicapotiguar.com.br\/wp-content\/uploads\/2023\/09\/mobile-geral.gif\"\/><a\/>--><\/div><style type=\"text\/css\">\r\n.dwtpp69efd1bc0eed0 {\r\ntext-align: center;\r\n}\r\n@media screen and (min-width: 1201px) {\r\n.dwtpp69efd1bc0eed0 {\r\ndisplay: none;\r\n}\r\n}\r\n@media screen and (min-width: 993px) and (max-width: 1200px) {\r\n.dwtpp69efd1bc0eed0 {\r\ndisplay: none;\r\n}\r\n}\r\n@media screen and (min-width: 769px) and (max-width: 992px) {\r\n.dwtpp69efd1bc0eed0 {\r\ndisplay: none;\r\n}\r\n}\r\n@media screen and (min-width: 768px) and (max-width: 768px) {\r\n.dwtpp69efd1bc0eed0 {\r\ndisplay: block;\r\n}\r\n}\r\n@media screen and (max-width: 767px) {\r\n.dwtpp69efd1bc0eed0 {\r\ndisplay: block;\r\n}\r\n}\r\n<\/style>\r\n<div class=\"bqlmu69efd1bc0eeb9\" ><!--<a href=\"https:\/\/bit.ly\/3QdrqTZ\" target=\"_blank\">\n<img src=\"https:\/\/justicapotiguar.com.br\/wp-content\/uploads\/2023\/09\/desktop-geral.gif\"\/><a\/>--><\/div><style type=\"text\/css\">\r\n.bqlmu69efd1bc0eeb9 {\r\ntext-align: center;\nmargin-bottom: 1em;\r\n}\r\n@media screen and (min-width: 1201px) {\r\n.bqlmu69efd1bc0eeb9 {\r\ndisplay: block;\r\n}\r\n}\r\n@media screen and (min-width: 993px) and (max-width: 1200px) {\r\n.bqlmu69efd1bc0eeb9 {\r\ndisplay: block;\r\n}\r\n}\r\n@media screen and (min-width: 769px) and (max-width: 992px) {\r\n.bqlmu69efd1bc0eeb9 {\r\ndisplay: block;\r\n}\r\n}\r\n@media screen and (min-width: 768px) and (max-width: 768px) {\r\n.bqlmu69efd1bc0eeb9 {\r\ndisplay: none;\r\n}\r\n}\r\n@media screen and (max-width: 767px) {\r\n.bqlmu69efd1bc0eeb9 {\r\ndisplay: none;\r\n}\r\n}\r\n<\/style>\r\n\n\n\n\n<p>\u201c<em>O populismo totalit\u00e1rio ronda a democracia brasileira. \u00c9 fundamental esse alerta, porquanto \u00e9 antessala do golpe<\/em>\u201d, disse na \u00e9poca. \u201c<em>O mais grave \u00e9 essa vis\u00e3o personificada do povo em contraste com as institui\u00e7\u00f5es. As elei\u00e7\u00f5es de 2022 trazem \u00e0 tona um imperativo categ\u00f3rico: preservar o sistema eleitoral brasileiro<\/em>\u201d.<\/p>\n\n\n\n<p>A entrevista de Fachin foi publicada pouco depois que o presidente Jair Bolsonaro&nbsp;<a href=\"https:\/\/www.poder360.com.br\/eleicoes\/se-nao-tiver-voto-impresso-nao-tera-eleicao-diz-bolsonaro\/\" target=\"_blank\" rel=\"noreferrer noopener\">disse<\/a>, em 6 de maio, que \u201cs<em>e n\u00e3o tiver voto impresso, \u00e9 sinal que n\u00e3o vai ter elei\u00e7\u00e3o! Acho que o recado est\u00e1 dado<\/em>\u201d.<\/p>\n\n\n\n<p>O presidente da C\u00e2mara dos Deputados,&nbsp;<a href=\"https:\/\/eleicoes.poder360.com.br\/candidato\/181777#2018\" target=\"_blank\" rel=\"noreferrer noopener\">Arthur Lira<\/a>&nbsp;(PP-AL)&nbsp;<a href=\"https:\/\/www.poder360.com.br\/congresso\/presidente-da-comissao-do-voto-impresso-desconfianca-ja-causou-revolucao\/\" target=\"_blank\" rel=\"noreferrer noopener\">instalou<\/a>, em 13 de maio, a comiss\u00e3o que analisar\u00e1 o voto impresso. A PEC 135\/19, de autoria da deputada&nbsp;<a href=\"https:\/\/eleicoes.poder360.com.br\/candidato\/191966#2018\" target=\"_blank\" rel=\"noreferrer noopener\">Bia Kicis<\/a>&nbsp;(PSL-DF), exige a impress\u00e3o de c\u00e9dulas em papel na vota\u00e7\u00e3o e na apura\u00e7\u00e3o de elei\u00e7\u00f5es, plebiscitos e referendos no Brasil.<\/p>\n\n\n\n<p>O TSE sinalizou que, mesmo que seja aprovado, n\u00e3o h\u00e1 tempo para que seja\u00a0<a rel=\"noreferrer noopener\" href=\"https:\/\/www.poder360.com.br\/eleicoes\/tse-sinaliza-que-nao-ha-tempo-para-implementar-voto-impresso-ate-2022\/\" target=\"_blank\">implementado<\/a>\u00a0j\u00e1 em 2022.<\/p>\n\n\n\n<p>Poder 360<\/p>\n","protected":false},"excerpt":{"rendered":"<p>O ministro do STF (Supremo Tribunal Federal) Edson Fachin disse nessa 2\u00aa feira (24.mai.2021) que caso se conceda no \u201cm\u00ednimo essencial\u201d da democracia, \u201cn\u00e3o haver\u00e1 Judici\u00e1rio amanh\u00e3\u201d. O alerta foi feito em encontro virtual com advogados do grupo&nbsp;Prerrogativas. As informa\u00e7\u00f5es s\u00e3o da&nbsp;Folha de S. Paulo. \u201cTemos todos uma zona de intersec\u00e7\u00e3o comum\u00a0[que \u00e9]\u00a0o m\u00ednimo essencial<br \/><a class=\"more-link\" href=\"https:\/\/justicapotiguar.com.br\/index.php\/2021\/05\/25\/se-concedermos-nao-havera-judiciario-diz-fachin-sobre-ataques-as-eleicoes\/\">Mais&#8230;<\/a><\/p>\n","protected":false},"author":5,"featured_media":826,"comment_status":"open","ping_status":"open","sticky":false,"template":"","format":"standard","meta":[],"categories":[3],"tags":[],"_links":{"self":[{"href":"https:\/\/justicapotiguar.com.br\/index.php\/wp-json\/wp\/v2\/posts\/19028"}],"collection":[{"href":"https:\/\/justicapotiguar.com.br\/index.php\/wp-json\/wp\/v2\/posts"}],"about":[{"href":"https:\/\/justicapotiguar.com.br\/index.php\/wp-json\/wp\/v2\/types\/post"}],"author":[{"embeddable":true,"href":"https:\/\/justicapotiguar.com.br\/index.php\/wp-json\/wp\/v2\/users\/5"}],"replies":[{"embeddable":true,"href":"https:\/\/justicapotiguar.com.br\/index.php\/wp-json\/wp\/v2\/comments?post=19028"}],"version-history":[{"count":1,"href":"https:\/\/justicapotiguar.com.br\/index.php\/wp-json\/wp\/v2\/posts\/19028\/revisions"}],"predecessor-version":[{"id":19029,"href":"https:\/\/justicapotiguar.com.br\/index.php\/wp-json\/wp\/v2\/posts\/19028\/revisions\/19029"}],"wp:featuredmedia":[{"embeddable":true,"href":"https:\/\/justicapotiguar.com.br\/index.php\/wp-json\/wp\/v2\/media\/826"}],"wp:attachment":[{"href":"https:\/\/justicapotiguar.com.br\/index.php\/wp-json\/wp\/v2\/media?parent=19028"}],"wp:term":[{"taxonomy":"category","embeddable":true,"href":"https:\/\/justicapotiguar.com.br\/index.php\/wp-json\/wp\/v2\/categories?post=19028"},{"taxonomy":"post_tag","embeddable":true,"href":"https:\/\/justicapotiguar.com.br\/index.php\/wp-json\/wp\/v2\/tags?post=19028"}],"curies":[{"name":"wp","href":"https:\/\/api.w.org\/{rel}","templated":true}]}}