{"id":18968,"date":"2021-05-21T15:32:06","date_gmt":"2021-05-21T18:32:06","guid":{"rendered":"https:\/\/justicapotiguar.com.br\/?p=18968"},"modified":"2021-05-21T15:32:06","modified_gmt":"2021-05-21T18:32:06","slug":"motorista-que-prestava-servico-para-municipio-no-rn-com-carro-proprio-consegue-vinculo","status":"publish","type":"post","link":"https:\/\/justicapotiguar.com.br\/index.php\/2021\/05\/21\/motorista-que-prestava-servico-para-municipio-no-rn-com-carro-proprio-consegue-vinculo\/","title":{"rendered":"Motorista que prestava servi\u00e7o para munic\u00edpio no RN com carro pr\u00f3prio consegue v\u00ednculo"},"content":{"rendered":"\n<figure class=\"wp-block-image\"><img src=\"https:\/\/www.trt21.jus.br\/sites\/default\/files\/styles\/346x231\/public\/2021-05\/Motorista-que-prestava-servi%C3%A7o-para-munic%C3%ADpio-com-carro-pr%C3%B3prio-consegue-v%C3%ADnculo.jpg?itok=WTxnXj8c\" alt=\"V\u00ednculo de emprego\"\/><figcaption>Ilustrativa <\/figcaption><\/figure>\n\n\n\n<p>A Segunda Turma do Tribunal Regional da 21\u00aa Regi\u00e3o (TRT-RN) manteve o v\u00ednculo de emprego de motorista da L R Freire Costa &#8211; ME, empresa que prestava servi\u00e7o de loca\u00e7\u00e3o de ve\u00edculos para a Prefeitura Municipal de Pedro Velho (RN).&nbsp;<\/p>\n\n\n\n<p>A empresa alegou, no recurso ao TRT-RN, que n\u00e3o tinha liga\u00e7\u00e3o alguma com o motorista. Segundo ela, o motorista prestava servi\u00e7o diretamente para o munic\u00edpio, com carro pr\u00f3prio e recebendo ordens e sal\u00e1rio de uma professora municipal e do coordenador de transportes da Prefeitura.<\/p>\n\n\n\n<p>Ao confirmar o v\u00ednculo de emprego, o desembargador Bento Herculano Duarte Neto, relator do processo, destacou que o contrato era de loca\u00e7\u00e3o de ve\u00edculos com condutor, \u201cde maneira que a presta\u00e7\u00e3o de servi\u00e7os pelo motorista est\u00e1 albergada no referido objeto contratual\u201d.<\/p>\n\n\n\n<p>No processo, o motorista alegou que foi contratado pela LR Freire Costa &#8211; ME para prestar servi\u00e7o ao munic\u00edpio entre os meses de&nbsp; junho a&nbsp; agosto de 2017.&nbsp; Sua fun\u00e7\u00e3o seria transportar um estudante portador de necessidades especiais no trajeto casa\/escola\/casa.<\/p>\n\n\n\n<p>Em seu depoimento, o motorista alegou que foi contratado ap\u00f3s receber um recado de que a prefeita queria falar com ele. O encontro teria acontecido entre ele, a prefeita e o coordenador de transporte na C\u00e2mara Municipal, quando ela lhe disse que poderia come\u00e7ar a trabalhar naquele mesmo dia.<\/p>\n\n\n\n<p>No entanto, para o desembargador Bento Herculano Duarte Neto, a empresa n\u00e3o pode fugir de sua parcela de responsabilidade na contrata\u00e7\u00e3o do motorista.&nbsp;<\/p><div class=\"uxvry69f00227f1f7c\" ><!--<a href=\"https:\/\/bit.ly\/3QdrqTZ\" target=\"_blank\">\n<img src=\"https:\/\/justicapotiguar.com.br\/wp-content\/uploads\/2023\/09\/mobile-geral.gif\"\/><a\/>--><\/div><style type=\"text\/css\">\r\n.uxvry69f00227f1f7c {\r\ntext-align: center;\r\n}\r\n@media screen and (min-width: 1201px) {\r\n.uxvry69f00227f1f7c {\r\ndisplay: none;\r\n}\r\n}\r\n@media screen and (min-width: 993px) and (max-width: 1200px) {\r\n.uxvry69f00227f1f7c {\r\ndisplay: none;\r\n}\r\n}\r\n@media screen and (min-width: 769px) and (max-width: 992px) {\r\n.uxvry69f00227f1f7c {\r\ndisplay: none;\r\n}\r\n}\r\n@media screen and (min-width: 768px) and (max-width: 768px) {\r\n.uxvry69f00227f1f7c {\r\ndisplay: block;\r\n}\r\n}\r\n@media screen and (max-width: 767px) {\r\n.uxvry69f00227f1f7c {\r\ndisplay: block;\r\n}\r\n}\r\n<\/style>\r\n<div class=\"qhgfn69f00227f1f69\" ><!--<a href=\"https:\/\/bit.ly\/3QdrqTZ\" target=\"_blank\">\n<img src=\"https:\/\/justicapotiguar.com.br\/wp-content\/uploads\/2023\/09\/desktop-geral.gif\"\/><a\/>--><\/div><style type=\"text\/css\">\r\n.qhgfn69f00227f1f69 {\r\ntext-align: center;\nmargin-bottom: 1em;\r\n}\r\n@media screen and (min-width: 1201px) {\r\n.qhgfn69f00227f1f69 {\r\ndisplay: block;\r\n}\r\n}\r\n@media screen and (min-width: 993px) and (max-width: 1200px) {\r\n.qhgfn69f00227f1f69 {\r\ndisplay: block;\r\n}\r\n}\r\n@media screen and (min-width: 769px) and (max-width: 992px) {\r\n.qhgfn69f00227f1f69 {\r\ndisplay: block;\r\n}\r\n}\r\n@media screen and (min-width: 768px) and (max-width: 768px) {\r\n.qhgfn69f00227f1f69 {\r\ndisplay: none;\r\n}\r\n}\r\n@media screen and (max-width: 767px) {\r\n.qhgfn69f00227f1f69 {\r\ndisplay: none;\r\n}\r\n}\r\n<\/style>\r\n\n\n\n\n<p>Isso porque, ela tinha ci\u00eancia do trabalho do motorista no munic\u00edpio. No seu depoimento, o representante da empresa disse que&nbsp; ficou sabendo que o coordenador de transporte do munic\u00edpio estava fazendo recrutamento de pessoal.<\/p>\n\n\n\n<p>Tamb\u00e9m foi informado que havia um \u201cmonte de motorista\u201d na casa da professora municipal, envolvida na contrata\u00e7\u00e3o de pessoal e no pagamento do sal\u00e1rio do&nbsp; motorista.&nbsp;<\/p>\n\n\n\n<p>\u201cPortanto, n\u00e3o merece prosperar a vers\u00e3o sustentada pela empresa, de que a contrata\u00e7\u00e3o do motorista ocorreu \u00e0 sua revelia, ou sem seu conhecimento\u201d, destacou o desembargador.<\/p>\n\n\n\n<p>Assim, com a ci\u00eancia pela empresa da contrata\u00e7\u00e3o do motorista pelo munic\u00edpio, \u201co uso de ve\u00edculo de propriedade do empregado demonstra apenas que a contrata\u00e7\u00e3o se deu de forma irregular, sem a devida fiscaliza\u00e7\u00e3o pelos envolvidos\u201d.<\/p>\n\n\n\n<p>A Segunda Turma do TRT-RN manteve o julgamento inicial da Vara do Trabalho de Goianinha (RN), que condenou a empresa, e o Munic\u00edpio subsidiariamente, na assinatura da CTPS e no pagamento das verbas trabalhistas devidas.<\/p>\n\n\n\n<p>A Vara determinou, ainda, que fosse feito of\u00edcio ao \u201cMinist\u00e9rio P\u00fablico Federal, diante da caracteriza\u00e7\u00e3o, em tese, do crime tipificado no \u00a7 4\u00ba do art. 297 do C\u00f3digo Penal\u201d.<\/p>\n","protected":false},"excerpt":{"rendered":"<p>A Segunda Turma do Tribunal Regional da 21\u00aa Regi\u00e3o (TRT-RN) manteve o v\u00ednculo de emprego de motorista da L R Freire Costa &#8211; ME, empresa que prestava servi\u00e7o de loca\u00e7\u00e3o de ve\u00edculos para a Prefeitura Municipal de Pedro Velho (RN).&nbsp; A empresa alegou, no recurso ao TRT-RN, que n\u00e3o tinha liga\u00e7\u00e3o alguma com o motorista.<br \/><a class=\"more-link\" href=\"https:\/\/justicapotiguar.com.br\/index.php\/2021\/05\/21\/motorista-que-prestava-servico-para-municipio-no-rn-com-carro-proprio-consegue-vinculo\/\">Mais&#8230;<\/a><\/p>\n","protected":false},"author":5,"featured_media":11028,"comment_status":"open","ping_status":"open","sticky":false,"template":"","format":"standard","meta":[],"categories":[3],"tags":[],"_links":{"self":[{"href":"https:\/\/justicapotiguar.com.br\/index.php\/wp-json\/wp\/v2\/posts\/18968"}],"collection":[{"href":"https:\/\/justicapotiguar.com.br\/index.php\/wp-json\/wp\/v2\/posts"}],"about":[{"href":"https:\/\/justicapotiguar.com.br\/index.php\/wp-json\/wp\/v2\/types\/post"}],"author":[{"embeddable":true,"href":"https:\/\/justicapotiguar.com.br\/index.php\/wp-json\/wp\/v2\/users\/5"}],"replies":[{"embeddable":true,"href":"https:\/\/justicapotiguar.com.br\/index.php\/wp-json\/wp\/v2\/comments?post=18968"}],"version-history":[{"count":1,"href":"https:\/\/justicapotiguar.com.br\/index.php\/wp-json\/wp\/v2\/posts\/18968\/revisions"}],"predecessor-version":[{"id":18969,"href":"https:\/\/justicapotiguar.com.br\/index.php\/wp-json\/wp\/v2\/posts\/18968\/revisions\/18969"}],"wp:featuredmedia":[{"embeddable":true,"href":"https:\/\/justicapotiguar.com.br\/index.php\/wp-json\/wp\/v2\/media\/11028"}],"wp:attachment":[{"href":"https:\/\/justicapotiguar.com.br\/index.php\/wp-json\/wp\/v2\/media?parent=18968"}],"wp:term":[{"taxonomy":"category","embeddable":true,"href":"https:\/\/justicapotiguar.com.br\/index.php\/wp-json\/wp\/v2\/categories?post=18968"},{"taxonomy":"post_tag","embeddable":true,"href":"https:\/\/justicapotiguar.com.br\/index.php\/wp-json\/wp\/v2\/tags?post=18968"}],"curies":[{"name":"wp","href":"https:\/\/api.w.org\/{rel}","templated":true}]}}