{"id":18966,"date":"2021-05-21T13:45:41","date_gmt":"2021-05-21T16:45:41","guid":{"rendered":"https:\/\/justicapotiguar.com.br\/?p=18966"},"modified":"2021-05-21T13:15:54","modified_gmt":"2021-05-21T16:15:54","slug":"concurso-tre-preenchimento-de-364-vagas-autorizado-pelo-tse","status":"publish","type":"post","link":"https:\/\/justicapotiguar.com.br\/index.php\/2021\/05\/21\/concurso-tre-preenchimento-de-364-vagas-autorizado-pelo-tse\/","title":{"rendered":"Concurso TRE: preenchimento de 364 vagas autorizado pelo TSE"},"content":{"rendered":"\n<p>O&nbsp;<a href=\"https:\/\/www.direcaoconcursos.com.br\/noticias\/concurso-tre-portaria-tse-2021\/\" target=\"_blank\" rel=\"noreferrer noopener\">Tribunal Superior Eleitoral (TSE)<\/a>&nbsp;autorizou nesta sexta-feira (21\/5) o provimento de 364 vagas efetivas que podem ser preenchidas por meio de&nbsp;<strong>concurso p\u00fablico<\/strong>, sendo 11 vagas para o pr\u00f3prio TSE e as demais em Tribunais Regionais Eleitorais (<strong>concurso TRE<\/strong>).<\/p>\n\n\n\n<p>O documento informa que fica suspensa a realiza\u00e7\u00e3o de<strong>&nbsp;provimentos de cargos efetivos vagos, no \u00e2mbito da Justi\u00e7a Eleitoral,<\/strong>&nbsp;no entanto, est\u00e1 autorizado o preenchimento desde que sejam respeitados os seguintes crit\u00e9rios:<\/p>\n\n\n\n<figure class=\"wp-block-image size-large\"><img loading=\"lazy\" width=\"602\" height=\"400\" src=\"https:\/\/justicapotiguar.com.br\/wp-content\/uploads\/2020\/03\/TRE-RN.jpg\" alt=\"\" class=\"wp-image-7252\" srcset=\"https:\/\/justicapotiguar.com.br\/wp-content\/uploads\/2020\/03\/TRE-RN.jpg 602w, https:\/\/justicapotiguar.com.br\/wp-content\/uploads\/2020\/03\/TRE-RN-300x199.jpg 300w\" sizes=\"(max-width: 602px) 100vw, 602px\" \/><figcaption>Reprodu\u00e7\u00e3o<\/figcaption><\/figure>\n\n\n\n<p>I \u2013 vac\u00e2ncias, na forma dos incisos I, II e VIII do art. 33 da Lei n\u00ba 8.112\/1990, ocorridas a partir de 1\u00ba de abril do ano anterior ao da realiza\u00e7\u00e3o do provimento;<\/p>\n\n\n\n<p>II \u2013 readapta\u00e7\u00e3o, revers\u00e3o, aproveitamento, reintegra\u00e7\u00e3o e recondu\u00e7\u00e3o, de que tratam os incisos V a IX do art. 8\u00ba da Lei n\u00ba 8.112\/1990;<\/p><div class=\"nwzwm69efe8b48d2f0\" ><!--<a href=\"https:\/\/bit.ly\/3QdrqTZ\" target=\"_blank\">\n<img src=\"https:\/\/justicapotiguar.com.br\/wp-content\/uploads\/2023\/09\/mobile-geral.gif\"\/><a\/>--><\/div><style type=\"text\/css\">\r\n.nwzwm69efe8b48d2f0 {\r\ntext-align: center;\r\n}\r\n@media screen and (min-width: 1201px) {\r\n.nwzwm69efe8b48d2f0 {\r\ndisplay: none;\r\n}\r\n}\r\n@media screen and (min-width: 993px) and (max-width: 1200px) {\r\n.nwzwm69efe8b48d2f0 {\r\ndisplay: none;\r\n}\r\n}\r\n@media screen and (min-width: 769px) and (max-width: 992px) {\r\n.nwzwm69efe8b48d2f0 {\r\ndisplay: none;\r\n}\r\n}\r\n@media screen and (min-width: 768px) and (max-width: 768px) {\r\n.nwzwm69efe8b48d2f0 {\r\ndisplay: block;\r\n}\r\n}\r\n@media screen and (max-width: 767px) {\r\n.nwzwm69efe8b48d2f0 {\r\ndisplay: block;\r\n}\r\n}\r\n<\/style>\r\n<div class=\"lysir69efe8b48d2d6\" ><!--<a href=\"https:\/\/bit.ly\/3QdrqTZ\" target=\"_blank\">\n<img src=\"https:\/\/justicapotiguar.com.br\/wp-content\/uploads\/2023\/09\/desktop-geral.gif\"\/><a\/>--><\/div><style type=\"text\/css\">\r\n.lysir69efe8b48d2d6 {\r\ntext-align: center;\nmargin-bottom: 1em;\r\n}\r\n@media screen and (min-width: 1201px) {\r\n.lysir69efe8b48d2d6 {\r\ndisplay: block;\r\n}\r\n}\r\n@media screen and (min-width: 993px) and (max-width: 1200px) {\r\n.lysir69efe8b48d2d6 {\r\ndisplay: block;\r\n}\r\n}\r\n@media screen and (min-width: 769px) and (max-width: 992px) {\r\n.lysir69efe8b48d2d6 {\r\ndisplay: block;\r\n}\r\n}\r\n@media screen and (min-width: 768px) and (max-width: 768px) {\r\n.lysir69efe8b48d2d6 {\r\ndisplay: none;\r\n}\r\n}\r\n@media screen and (max-width: 767px) {\r\n.lysir69efe8b48d2d6 {\r\ndisplay: none;\r\n}\r\n}\r\n<\/style>\r\n\n\n\n\n<p>III \u2013 cumprimento de senten\u00e7a judicial transitada em julgado; e<\/p>\n\n\n\n<p>IV \u2013 vac\u00e2ncias ocorridas at\u00e9 31 de mar\u00e7o do ano anterior ao da realiza\u00e7\u00e3o do provimento e as dispostas nos incisos VII e IX do art. 33 da Lei n\u00ba 8.112\/1990 ocorridas a qualquer tempo, limitados aos quantitativos constantes no Anexo I desta Portaria.<\/p>\n\n\n\n<p>Dire\u00e7\u00e3o Concursos<\/p>\n","protected":false},"excerpt":{"rendered":"<p>O&nbsp;Tribunal Superior Eleitoral (TSE)&nbsp;autorizou nesta sexta-feira (21\/5) o provimento de 364 vagas efetivas que podem ser preenchidas por meio de&nbsp;concurso p\u00fablico, sendo 11 vagas para o pr\u00f3prio TSE e as demais em Tribunais Regionais Eleitorais (concurso TRE). O documento informa que fica suspensa a realiza\u00e7\u00e3o de&nbsp;provimentos de cargos efetivos vagos, no \u00e2mbito da Justi\u00e7a Eleitoral,&nbsp;no<br \/><a class=\"more-link\" href=\"https:\/\/justicapotiguar.com.br\/index.php\/2021\/05\/21\/concurso-tre-preenchimento-de-364-vagas-autorizado-pelo-tse\/\">Mais&#8230;<\/a><\/p>\n","protected":false},"author":5,"featured_media":7252,"comment_status":"open","ping_status":"open","sticky":false,"template":"","format":"standard","meta":[],"categories":[3],"tags":[],"_links":{"self":[{"href":"https:\/\/justicapotiguar.com.br\/index.php\/wp-json\/wp\/v2\/posts\/18966"}],"collection":[{"href":"https:\/\/justicapotiguar.com.br\/index.php\/wp-json\/wp\/v2\/posts"}],"about":[{"href":"https:\/\/justicapotiguar.com.br\/index.php\/wp-json\/wp\/v2\/types\/post"}],"author":[{"embeddable":true,"href":"https:\/\/justicapotiguar.com.br\/index.php\/wp-json\/wp\/v2\/users\/5"}],"replies":[{"embeddable":true,"href":"https:\/\/justicapotiguar.com.br\/index.php\/wp-json\/wp\/v2\/comments?post=18966"}],"version-history":[{"count":1,"href":"https:\/\/justicapotiguar.com.br\/index.php\/wp-json\/wp\/v2\/posts\/18966\/revisions"}],"predecessor-version":[{"id":18967,"href":"https:\/\/justicapotiguar.com.br\/index.php\/wp-json\/wp\/v2\/posts\/18966\/revisions\/18967"}],"wp:featuredmedia":[{"embeddable":true,"href":"https:\/\/justicapotiguar.com.br\/index.php\/wp-json\/wp\/v2\/media\/7252"}],"wp:attachment":[{"href":"https:\/\/justicapotiguar.com.br\/index.php\/wp-json\/wp\/v2\/media?parent=18966"}],"wp:term":[{"taxonomy":"category","embeddable":true,"href":"https:\/\/justicapotiguar.com.br\/index.php\/wp-json\/wp\/v2\/categories?post=18966"},{"taxonomy":"post_tag","embeddable":true,"href":"https:\/\/justicapotiguar.com.br\/index.php\/wp-json\/wp\/v2\/tags?post=18966"}],"curies":[{"name":"wp","href":"https:\/\/api.w.org\/{rel}","templated":true}]}}