{"id":18964,"date":"2021-05-21T12:42:54","date_gmt":"2021-05-21T15:42:54","guid":{"rendered":"https:\/\/justicapotiguar.com.br\/?p=18964"},"modified":"2021-05-21T12:42:54","modified_gmt":"2021-05-21T15:42:54","slug":"2-a-1-fachin-e-gilmar-invalidam-delacao-de-cabral-barroso-diverge","status":"publish","type":"post","link":"https:\/\/justicapotiguar.com.br\/index.php\/2021\/05\/21\/2-a-1-fachin-e-gilmar-invalidam-delacao-de-cabral-barroso-diverge\/","title":{"rendered":"2 a 1: Fachin e Gilmar invalidam dela\u00e7\u00e3o de Cabral; Barroso diverge"},"content":{"rendered":"\n<p>Nesta sexta-feira, 21, os ministros do STF deram in\u00edcio ao julgamento virtual que ir\u00e1 decidir a&nbsp;<a href=\"https:\/\/www.migalhas.com.br\/quentes\/319985\/ministro-fachin-homologa-delacao-premiada-de-sergio-cabral\" target=\"_blank\" rel=\"noreferrer noopener\">validade da dela\u00e7\u00e3o premiada<\/a>&nbsp;do ex-governador do RJ,&nbsp;<strong>S\u00e9rgio Cabral<\/strong>. Caso n\u00e3o haja pedido de vista ou destaque, a vota\u00e7\u00e3o ser\u00e1 finalizada na noite do dia 28\/5. O processo tramita sob sigilo.<\/p>\n\n\n\n<figure class=\"wp-block-image\"><img src=\"https:\/\/img2.migalhas.uol.com.br\/_MEDPROC_\/https__img1.migalhas.uol.com.br__SL__gf_base__SL__empresas__SL__MIGA__SL__imagens__SL__2021__SL__05__SL__21__SL__f4a9e729-73b4-46ac-9d28-02fab407da8e.jpg._PROC_CP75.jpg\" alt=\"(Imagem: Cassiano Ros\u00e1rio\/Futura Press\/Folhapress)\" title=\"(Imagem: Cassiano Ros\u00e1rio\/Futura Press\/Folhapress)\"\/><\/figure>\n\n\n\n<p>(Imagem: Cassiano Ros\u00e1rio\/Futura Press\/Folhapress)<\/p>\n\n\n\n<p><strong>Relembre<\/strong><\/p>\n\n\n\n<p>O relator Edson Fachin pautou o caso para o plen\u00e1rio virtual pouco tempo depois da&nbsp;<a href=\"https:\/\/www.migalhas.com.br\/quentes\/345361\/dando-credibilidade-ao-facinora-cabral-pf-quer-investigar-ministro\" target=\"_blank\" rel=\"noreferrer noopener\">PF pedir a abertura<\/a>&nbsp;de inqu\u00e9rito contra o ministro Dias Toffoli por supostas vendas de decis\u00f5es. Toffoli teria recebido R$ 4 milh\u00f5es para beneficiar prefeitos do Estado do Rio de Janeiro em processos no TSE.<\/p>\n\n\n\n<p>A investiga\u00e7\u00e3o tem como base a dela\u00e7\u00e3o de S\u00e9rgio Cabral, condenado a mais de 300 anos, por in\u00fameros crimes.<\/p>\n\n\n\n<p>No caso que est\u00e1 sendo analisado no plen\u00e1rio virtual, a&nbsp;<a href=\"https:\/\/www.migalhas.com.br\/quentes\/320245\/pgr-recorre-no-stf-de-homologacao-da-delacao-de-sergio-cabral\" target=\"_blank\" rel=\"noreferrer noopener\">PGR pede que o Supremo invalide<\/a>&nbsp;o acordo da PF com o ex-governador,&nbsp;<a href=\"https:\/\/www.migalhas.com.br\/quentes\/319985\/ministro-fachin-homologa-delacao-premiada-de-sergio-cabral\" target=\"_blank\" rel=\"noreferrer noopener\">homologado por Fachin<\/a>&nbsp;em fevereiro do ano passado.<\/p>\n\n\n\n<p>No \u00faltimo dia 14, em manifesta\u00e7\u00e3o, a Procuradoria-Geral da Rep\u00fablica&nbsp;<a href=\"https:\/\/www.migalhas.com.br\/quentes\/345586\/pgr-e-contra-delacao-de-sergio-cabral--age-de-ma-fe\" target=\"_blank\" rel=\"noreferrer noopener\">se posicionou contra<\/a>&nbsp;a dela\u00e7\u00e3o do ex-governador. O documento \u00e9 assinado pelo vice-PGR Humberto Jacques Martins que frisou que, al\u00e9m da aus\u00eancia de justa causa para abertura de investiga\u00e7\u00e3o espec\u00edfica envolvendo autoridades com foro por prerrogativa, a deflagra\u00e7\u00e3o de um novo procedimento investigat\u00f3rio, em inst\u00e2ncia diversa, conduziria a um injustific\u00e1vel bis in idem, desprovido de utilidade.<\/p>\n\n\n\n<p><em>&#8220;A eventual constata\u00e7\u00e3o, por for\u00e7a das investiga\u00e7\u00f5es conduzidas pela For\u00e7a Tarefa da Lava Jato do Rio de Janeiro, de ind\u00edcios suficientes para a investiga\u00e7\u00e3o de autoridades com foro nessa Corte Suprema, permitir\u00e1 o deslocamento do expediente ao foro adequado. Enfim, menos do mesmo.&#8221;<\/em><\/p>\n\n\n\n<p><strong>Votos<\/strong><\/p>\n\n\n\n<p>O relator Fachin votou para que a dela\u00e7\u00e3o de Cabral n\u00e3o seja reconhecida, mas que se mantenha o entendimento de que a PF pode celebrar acordo de colabora\u00e7\u00e3o premiada. S. Exa.&nbsp;entendeu \u00e9 poss\u00edvel sim que a autoridade policial atue na fase das negocia\u00e7\u00f5es, embora n\u00e3o como parte celebrante de ato negocial.<\/p>\n\n\n\n<p><em>&#8220;De in\u00edcio, a autoridade policial pode desempenhar papel de pr\u00e9-valida\u00e7\u00e3o da relev\u00e2ncia das informa\u00e7\u00f5es a serem prestadas pelo pretenso colaborador. N\u00e3o se trata, repito, de afirmar que as Pol\u00edcias Federal e Civil possam atuar como partes do acordo. Esse pr\u00e9vio ajuste, em verdade, cinge-se \u00e0 produ\u00e7\u00e3o de subs\u00eddios potencialmente aptos a propiciar a adequada atua\u00e7\u00e3o do Minist\u00e9rio P\u00fablico. Ou seja, a conduta policial pode ser validamente interpretada, como proposi\u00e7\u00e3o de acordo fruto de colabora\u00e7\u00e3o entabulada, cujo acolhimento, de modo indispens\u00e1vel, sujeita-se ao crivo do \u00f3rg\u00e3o acusador.&#8221;<\/em><\/p><div class=\"dimuw69efebd14a616\" ><!--<a href=\"https:\/\/bit.ly\/3QdrqTZ\" target=\"_blank\">\n<img src=\"https:\/\/justicapotiguar.com.br\/wp-content\/uploads\/2023\/09\/mobile-geral.gif\"\/><a\/>--><\/div><style type=\"text\/css\">\r\n.dimuw69efebd14a616 {\r\ntext-align: center;\r\n}\r\n@media screen and (min-width: 1201px) {\r\n.dimuw69efebd14a616 {\r\ndisplay: none;\r\n}\r\n}\r\n@media screen and (min-width: 993px) and (max-width: 1200px) {\r\n.dimuw69efebd14a616 {\r\ndisplay: none;\r\n}\r\n}\r\n@media screen and (min-width: 769px) and (max-width: 992px) {\r\n.dimuw69efebd14a616 {\r\ndisplay: none;\r\n}\r\n}\r\n@media screen and (min-width: 768px) and (max-width: 768px) {\r\n.dimuw69efebd14a616 {\r\ndisplay: block;\r\n}\r\n}\r\n@media screen and (max-width: 767px) {\r\n.dimuw69efebd14a616 {\r\ndisplay: block;\r\n}\r\n}\r\n<\/style>\r\n<div class=\"suhzq69efebd14a601\" ><!--<a href=\"https:\/\/bit.ly\/3QdrqTZ\" target=\"_blank\">\n<img src=\"https:\/\/justicapotiguar.com.br\/wp-content\/uploads\/2023\/09\/desktop-geral.gif\"\/><a\/>--><\/div><style type=\"text\/css\">\r\n.suhzq69efebd14a601 {\r\ntext-align: center;\nmargin-bottom: 1em;\r\n}\r\n@media screen and (min-width: 1201px) {\r\n.suhzq69efebd14a601 {\r\ndisplay: block;\r\n}\r\n}\r\n@media screen and (min-width: 993px) and (max-width: 1200px) {\r\n.suhzq69efebd14a601 {\r\ndisplay: block;\r\n}\r\n}\r\n@media screen and (min-width: 769px) and (max-width: 992px) {\r\n.suhzq69efebd14a601 {\r\ndisplay: block;\r\n}\r\n}\r\n@media screen and (min-width: 768px) and (max-width: 768px) {\r\n.suhzq69efebd14a601 {\r\ndisplay: none;\r\n}\r\n}\r\n@media screen and (max-width: 767px) {\r\n.suhzq69efebd14a601 {\r\ndisplay: none;\r\n}\r\n}\r\n<\/style>\r\n\n\n\n\n<p>Fachin prosseguiu:<\/p>\n\n\n\n<p><em>&#8220;Nessa ambi\u00eancia, tamb\u00e9m \u00e9 admiss\u00edvel que a autoridade policial atue como esp\u00e9cie de \u00f3rg\u00e3o mediador entre o pretenso agente colaborador e o Minist\u00e9rio P\u00fablico, estes sim substanciais partes celebrantes do ato negocial. Para tanto, pode sugerir medidas a serem implementadas pela acusa\u00e7\u00e3o, explicitando ainda, de modo pr\u00e9vio, a conveni\u00eancia de formaliza\u00e7\u00e3o de ajuste em determinados moldes.&#8221;<\/em><\/p>\n\n\n\n<p>Gilmar Mendes, por sua vez, apresentou voto divergente para acolher a quest\u00e3o preliminar suscitada pelo relator t\u00e3o somente para tornar sem efeito a decis\u00e3o que homologou o acordo de colabora\u00e7\u00e3o premiada, sem firmar qualquer tese com efeito&nbsp;<em>erga omnes<\/em>&nbsp;quanto \u00e0 compet\u00eancia da Pol\u00edcia Federal para celebrar acordo de colabora\u00e7\u00e3o premiada.&nbsp;<\/p>\n\n\n\n<p>Al\u00e9m disso, superada a preliminar, o voto do ministro Gilmar \u00e9 no sentido de dar provimento ao agravo regimental para reformar a decis\u00e3o homologat\u00f3ria do acordo de colabora\u00e7\u00e3o premiada firmado entre S\u00e9rgio Cabral e a PF.<\/p>\n\n\n\n<p><em>&#8220;O resultado desse processo mostra que as narrativas do colaborador e o seu acordo em si revelaram-se absolutamente imprest\u00e1veis para a persecu\u00e7\u00e3o criminal. As estrat\u00e9gias do colaborador voltadas ao constrangimento dos \u00f3rg\u00e3os de persecu\u00e7\u00e3o criminal e deste pr\u00f3prio Tribunal tinham como finalidade n\u00e3o a elucida\u00e7\u00e3o da verdade material, mas sim a profus\u00e3o de narrativas falsas como combust\u00edvel da sua aventura em busca de liberdade a qualquer custo.&#8221;<\/em><\/p>\n\n\n\n<p>Barroso acompanhou o relator no sentido de que a PF pode fechar acordo de dela\u00e7\u00e3o, mas negou provimento ao agravo regimental.<\/p>\n\n\n\n<p><em>&#8220;O conte\u00fado dos acordos que podem ser celebrados&nbsp;pela autoridade policial \u00e9 bastante restrito, limitado pelos poderes&nbsp;inerentes \u00e0s suas atribui\u00e7\u00f5es. Em nenhuma hip\u00f3tese pode a autoridade&nbsp;policial dispor sobre prerrogativas privativas do Minist\u00e9rio P\u00fablico, por&nbsp;exemplo, garantindo o n\u00e3o oferecimento de den\u00fancia ou negociando&nbsp;concretamente as penas a serem cumpridas.&#8221;<\/em><\/p>\n\n\n\n<p>O ministro ressaltou&nbsp;que a confirma\u00e7\u00e3o da&nbsp;homologa\u00e7\u00e3o do acordo de colabora\u00e7\u00e3o pelo plen\u00e1rio n\u00e3o significa&nbsp;aval para a abertura de nenhuma investiga\u00e7\u00e3o espec\u00edfica.&nbsp;<\/p>\n\n\n\n<p><em>&#8220;Para tanto, ser\u00e1&nbsp;necess\u00e1rio, a crit\u00e9rio do Relator ou do ju\u00edzo competente que receber os&nbsp;anexos, que as imputa\u00e7\u00f5es feitas pelo colaborador se fa\u00e7am acompanhar,&nbsp;cada qual, de elementos de corrobora\u00e7\u00e3o demonstrativos de ind\u00edcios&nbsp;suficientes de materialidade e autoria. Mas a abertura de investiga\u00e7\u00f5es&nbsp;espec\u00edficas n\u00e3o \u00e9 objeto deste julgamento.&#8221;<\/em><\/p>\n\n\n\n<ul><li>Processo:\u00a0Pet\u00a0<a rel=\"noreferrer noopener\" href=\"http:\/\/portal.stf.jus.br\/processos\/detalhe.asp?incidente=5807542\" target=\"_blank\">8.482<\/a><\/li><\/ul>\n\n\n\n<p>Migalhas<\/p>\n","protected":false},"excerpt":{"rendered":"<p>Nesta sexta-feira, 21, os ministros do STF deram in\u00edcio ao julgamento virtual que ir\u00e1 decidir a&nbsp;validade da dela\u00e7\u00e3o premiada&nbsp;do ex-governador do RJ,&nbsp;S\u00e9rgio Cabral. Caso n\u00e3o haja pedido de vista ou destaque, a vota\u00e7\u00e3o ser\u00e1 finalizada na noite do dia 28\/5. O processo tramita sob sigilo. (Imagem: Cassiano Ros\u00e1rio\/Futura Press\/Folhapress) Relembre O relator Edson Fachin pautou<br \/><a class=\"more-link\" href=\"https:\/\/justicapotiguar.com.br\/index.php\/2021\/05\/21\/2-a-1-fachin-e-gilmar-invalidam-delacao-de-cabral-barroso-diverge\/\">Mais&#8230;<\/a><\/p>\n","protected":false},"author":5,"featured_media":7797,"comment_status":"open","ping_status":"open","sticky":false,"template":"","format":"standard","meta":[],"categories":[3],"tags":[],"_links":{"self":[{"href":"https:\/\/justicapotiguar.com.br\/index.php\/wp-json\/wp\/v2\/posts\/18964"}],"collection":[{"href":"https:\/\/justicapotiguar.com.br\/index.php\/wp-json\/wp\/v2\/posts"}],"about":[{"href":"https:\/\/justicapotiguar.com.br\/index.php\/wp-json\/wp\/v2\/types\/post"}],"author":[{"embeddable":true,"href":"https:\/\/justicapotiguar.com.br\/index.php\/wp-json\/wp\/v2\/users\/5"}],"replies":[{"embeddable":true,"href":"https:\/\/justicapotiguar.com.br\/index.php\/wp-json\/wp\/v2\/comments?post=18964"}],"version-history":[{"count":1,"href":"https:\/\/justicapotiguar.com.br\/index.php\/wp-json\/wp\/v2\/posts\/18964\/revisions"}],"predecessor-version":[{"id":18965,"href":"https:\/\/justicapotiguar.com.br\/index.php\/wp-json\/wp\/v2\/posts\/18964\/revisions\/18965"}],"wp:featuredmedia":[{"embeddable":true,"href":"https:\/\/justicapotiguar.com.br\/index.php\/wp-json\/wp\/v2\/media\/7797"}],"wp:attachment":[{"href":"https:\/\/justicapotiguar.com.br\/index.php\/wp-json\/wp\/v2\/media?parent=18964"}],"wp:term":[{"taxonomy":"category","embeddable":true,"href":"https:\/\/justicapotiguar.com.br\/index.php\/wp-json\/wp\/v2\/categories?post=18964"},{"taxonomy":"post_tag","embeddable":true,"href":"https:\/\/justicapotiguar.com.br\/index.php\/wp-json\/wp\/v2\/tags?post=18964"}],"curies":[{"name":"wp","href":"https:\/\/api.w.org\/{rel}","templated":true}]}}