{"id":18861,"date":"2021-05-17T17:23:29","date_gmt":"2021-05-17T20:23:29","guid":{"rendered":"https:\/\/justicapotiguar.com.br\/?p=18861"},"modified":"2021-05-17T17:23:29","modified_gmt":"2021-05-17T20:23:29","slug":"juiz-nega-liminar-que-suspenderia-politica-de-privacidade-do-whatsapp","status":"publish","type":"post","link":"https:\/\/justicapotiguar.com.br\/index.php\/2021\/05\/17\/juiz-nega-liminar-que-suspenderia-politica-de-privacidade-do-whatsapp\/","title":{"rendered":"Juiz nega liminar que suspenderia pol\u00edtica de privacidade do WhatsApp"},"content":{"rendered":"\n<p>O pedido de liminar validado pelo Minist\u00e9rio P\u00fablico de S\u00e3o Paulo (MPSP) solicitando a suspens\u00e3o da mudan\u00e7a da nova pol\u00edtica de privacidade do&nbsp;<a href=\"https:\/\/www.uol.com.br\/tilt\/whatsapp\/\">WhatsApp<\/a>&nbsp;at\u00e9 o julgamento de uma a\u00e7\u00e3o do Instituto Sigilo contra o&nbsp;<a href=\"https:\/\/www.uol.com.br\/tilt\/facebook\/\">Facebook<\/a>&nbsp;por compartilhamento ilegal de&nbsp;<a href=\"https:\/\/www.uol.com.br\/tilt\/dados\/\" target=\"_blank\" rel=\"noreferrer noopener\">dados<\/a>&nbsp;foi negado pela Justi\u00e7a na manh\u00e3 desta segunda-feira (17).<\/p>\n\n\n\n<p>De acordo com a decis\u00e3o do juiz, &#8220;n\u00e3o se pode presumir que os dados a serem compartilhados [pelo WhatsApp] ser\u00e3o necessariamente tratados de forma il\u00edcita pelo Facebook a ponto de impedir em car\u00e1ter preventivo o compartilhamento&#8221;.<\/p>\n\n\n\n<p>E mais: &#8220;\u00c9 relevante lembrar que a tanto WhatsApp e Facebook estabelecem com os usu\u00e1rios uma rela\u00e7\u00e3o contratual de esfera privada numa economia de livre mercado e incentivo a iniciativa e empreendedorismo&#8221;.<\/p>\n\n\n\n<p>&#8220;Vamos entrar com agravo&#8221;, disse o fundador e presidente da Sigilo, Victor Hugo Pereira Gon\u00e7alves, prometendo iniciar um novo &#8220;round&#8221; na briga jur\u00eddica com o Facebook.<\/p>\n\n\n\n<figure class=\"wp-block-image size-large\"><img loading=\"lazy\" width=\"768\" height=\"512\" src=\"https:\/\/justicapotiguar.com.br\/wp-content\/uploads\/2020\/03\/ACFD63E9F7A8FD8838233AA5DE3B4DE626CD_whatsapp.jpg\" alt=\"\" class=\"wp-image-8008\" srcset=\"https:\/\/justicapotiguar.com.br\/wp-content\/uploads\/2020\/03\/ACFD63E9F7A8FD8838233AA5DE3B4DE626CD_whatsapp.jpg 768w, https:\/\/justicapotiguar.com.br\/wp-content\/uploads\/2020\/03\/ACFD63E9F7A8FD8838233AA5DE3B4DE626CD_whatsapp-300x200.jpg 300w\" sizes=\"(max-width: 768px) 100vw, 768px\" \/><figcaption>Reprodu\u00e7\u00e3o <\/figcaption><\/figure>\n\n\n\n<p>O Instituto Sigilo move uma a\u00e7\u00e3o, que obteve parecer favor\u00e1vel do Minist\u00e9rio P\u00fablico do Estado de S\u00e3o Paulo (MPSP) no \u00faltimo dia 13 de maio, na qual argumenta que o compartilhamento de dados e metadados j\u00e1 existente entre os usu\u00e1rios do Facebook com o WhatsApp \u00e9 ilegal, por descumprir os artigos 18, 19, 46, 47, 48 e 49 da LGPD, bem como as leis do Marco Civil da Internet e do C\u00f3digo de Defesa do Consumidor. E, que seria aprofundado e ampliado, caso a nova pol\u00edtica de privacidade do WhatsApp passasse a vigorar. O que deveria come\u00e7ar a acontecer a partir de hoje.<\/p>\n\n\n\n<p>Na decis\u00e3o na qual nega a liminar, o juiz Saang Duk Kim, do Tribunal de Justi\u00e7a de S\u00e3o Paulo, diz n\u00e3o haver &#8220;evid\u00eancia alguma, seja em narrativa ou em prova t\u00e9cnica, que o n\u00edvel de intimidade e&nbsp;<a href=\"https:\/\/www.uol\/noticias\/especiais\/esta-na-hora-de-voce-se-preocupar-com-seus-dados.htm\" rel=\"noreferrer noopener\" target=\"_blank\">privacidade<\/a>&nbsp;garantido pela nossa Carta Magna, pela legisla\u00e7\u00e3o civil, pelo Marco Civil da Internet e pela Lei Geral de Prote\u00e7\u00e3o aos Dados estejam em risco&#8221;, e completa que a LGPD tabela uma san\u00e7\u00e3o pecuni\u00e1ria e administrativa rigorosa para o gestor que descumprir tais n\u00edveis de prote\u00e7\u00e3o.<\/p><div class=\"emygv69f018c0d1ee4\" ><!--<a href=\"https:\/\/bit.ly\/3QdrqTZ\" target=\"_blank\">\n<img src=\"https:\/\/justicapotiguar.com.br\/wp-content\/uploads\/2023\/09\/mobile-geral.gif\"\/><a\/>--><\/div><style type=\"text\/css\">\r\n.emygv69f018c0d1ee4 {\r\ntext-align: center;\r\n}\r\n@media screen and (min-width: 1201px) {\r\n.emygv69f018c0d1ee4 {\r\ndisplay: none;\r\n}\r\n}\r\n@media screen and (min-width: 993px) and (max-width: 1200px) {\r\n.emygv69f018c0d1ee4 {\r\ndisplay: none;\r\n}\r\n}\r\n@media screen and (min-width: 769px) and (max-width: 992px) {\r\n.emygv69f018c0d1ee4 {\r\ndisplay: none;\r\n}\r\n}\r\n@media screen and (min-width: 768px) and (max-width: 768px) {\r\n.emygv69f018c0d1ee4 {\r\ndisplay: block;\r\n}\r\n}\r\n@media screen and (max-width: 767px) {\r\n.emygv69f018c0d1ee4 {\r\ndisplay: block;\r\n}\r\n}\r\n<\/style>\r\n<div class=\"ntruq69f018c0d1ec3\" ><!--<a href=\"https:\/\/bit.ly\/3QdrqTZ\" target=\"_blank\">\n<img src=\"https:\/\/justicapotiguar.com.br\/wp-content\/uploads\/2023\/09\/desktop-geral.gif\"\/><a\/>--><\/div><style type=\"text\/css\">\r\n.ntruq69f018c0d1ec3 {\r\ntext-align: center;\nmargin-bottom: 1em;\r\n}\r\n@media screen and (min-width: 1201px) {\r\n.ntruq69f018c0d1ec3 {\r\ndisplay: block;\r\n}\r\n}\r\n@media screen and (min-width: 993px) and (max-width: 1200px) {\r\n.ntruq69f018c0d1ec3 {\r\ndisplay: block;\r\n}\r\n}\r\n@media screen and (min-width: 769px) and (max-width: 992px) {\r\n.ntruq69f018c0d1ec3 {\r\ndisplay: block;\r\n}\r\n}\r\n@media screen and (min-width: 768px) and (max-width: 768px) {\r\n.ntruq69f018c0d1ec3 {\r\ndisplay: none;\r\n}\r\n}\r\n@media screen and (max-width: 767px) {\r\n.ntruq69f018c0d1ec3 {\r\ndisplay: none;\r\n}\r\n}\r\n<\/style>\r\n\n\n\n\n<p>J\u00e1 no \u00faltimo s\u00e1bado, o Facebook havia se antecipado e enviado ao juiz considera\u00e7\u00f5es sobre o parecer do MPSP, solicitando que a liminar fosse indeferida, o que acabou acontecendo. E se mostrava bastante confiante nesse desfecho.<\/p>\n\n\n\n<p>Mas advogados ouvidos por este blog, assim como o pr\u00f3prio presidente da Sigilo, consideravam dif\u00edcil essa hip\u00f3tese, porque o escopo da a\u00e7\u00e3o da organiza\u00e7\u00e3o era muito maior que o acordo feito entre o WhatsApp e os \u00f3rg\u00e3o regulat\u00f3rios na semana passada, alegado pelo Facebook como uma prova de boa vontade de seguir as leis brasileiras.<\/p>\n\n\n\n<p>O Facebook e o WhatsApp acordaram com a Secretaria Nacional do Consumidor (Senacon), a Autoridade Nacional de Prote\u00e7\u00e3o de Dados (ANPD), o Minist\u00e9rio P\u00fablico Federal (MPF) e o Conselho Administrativo de Defesa Econ\u00f4mica (Cade), que os usu\u00e1rios brasileiros poderiam continuar usando o aplicativo por 90 dias, antes de aderirem \u00e0 nova pol\u00edtica.<\/p>\n\n\n\n<p>A ANPD chegou at\u00e9 a divulgar orienta\u00e7\u00f5es aos usu\u00e1rios sobre a nova pol\u00edtica de privacidade do WhatsApp, corroborando com pontos defendidos pelo servi\u00e7o e pelo Facebook sobre o compartilhamento de dados.<\/p>\n\n\n\n<p>Tilt, UOL<\/p>\n","protected":false},"excerpt":{"rendered":"<p>O pedido de liminar validado pelo Minist\u00e9rio P\u00fablico de S\u00e3o Paulo (MPSP) solicitando a suspens\u00e3o da mudan\u00e7a da nova pol\u00edtica de privacidade do&nbsp;WhatsApp&nbsp;at\u00e9 o julgamento de uma a\u00e7\u00e3o do Instituto Sigilo contra o&nbsp;Facebook&nbsp;por compartilhamento ilegal de&nbsp;dados&nbsp;foi negado pela Justi\u00e7a na manh\u00e3 desta segunda-feira (17). De acordo com a decis\u00e3o do juiz, &#8220;n\u00e3o se pode presumir<br \/><a class=\"more-link\" href=\"https:\/\/justicapotiguar.com.br\/index.php\/2021\/05\/17\/juiz-nega-liminar-que-suspenderia-politica-de-privacidade-do-whatsapp\/\">Mais&#8230;<\/a><\/p>\n","protected":false},"author":5,"featured_media":8008,"comment_status":"open","ping_status":"open","sticky":false,"template":"","format":"standard","meta":[],"categories":[3],"tags":[],"_links":{"self":[{"href":"https:\/\/justicapotiguar.com.br\/index.php\/wp-json\/wp\/v2\/posts\/18861"}],"collection":[{"href":"https:\/\/justicapotiguar.com.br\/index.php\/wp-json\/wp\/v2\/posts"}],"about":[{"href":"https:\/\/justicapotiguar.com.br\/index.php\/wp-json\/wp\/v2\/types\/post"}],"author":[{"embeddable":true,"href":"https:\/\/justicapotiguar.com.br\/index.php\/wp-json\/wp\/v2\/users\/5"}],"replies":[{"embeddable":true,"href":"https:\/\/justicapotiguar.com.br\/index.php\/wp-json\/wp\/v2\/comments?post=18861"}],"version-history":[{"count":1,"href":"https:\/\/justicapotiguar.com.br\/index.php\/wp-json\/wp\/v2\/posts\/18861\/revisions"}],"predecessor-version":[{"id":18862,"href":"https:\/\/justicapotiguar.com.br\/index.php\/wp-json\/wp\/v2\/posts\/18861\/revisions\/18862"}],"wp:featuredmedia":[{"embeddable":true,"href":"https:\/\/justicapotiguar.com.br\/index.php\/wp-json\/wp\/v2\/media\/8008"}],"wp:attachment":[{"href":"https:\/\/justicapotiguar.com.br\/index.php\/wp-json\/wp\/v2\/media?parent=18861"}],"wp:term":[{"taxonomy":"category","embeddable":true,"href":"https:\/\/justicapotiguar.com.br\/index.php\/wp-json\/wp\/v2\/categories?post=18861"},{"taxonomy":"post_tag","embeddable":true,"href":"https:\/\/justicapotiguar.com.br\/index.php\/wp-json\/wp\/v2\/tags?post=18861"}],"curies":[{"name":"wp","href":"https:\/\/api.w.org\/{rel}","templated":true}]}}