{"id":18857,"date":"2021-05-17T14:25:30","date_gmt":"2021-05-17T17:25:30","guid":{"rendered":"https:\/\/justicapotiguar.com.br\/?p=18857"},"modified":"2021-05-17T14:25:30","modified_gmt":"2021-05-17T17:25:30","slug":"stf-deve-analisar-denuncias-contra-bolsonaro-antes-da-camara","status":"publish","type":"post","link":"https:\/\/justicapotiguar.com.br\/index.php\/2021\/05\/17\/stf-deve-analisar-denuncias-contra-bolsonaro-antes-da-camara\/","title":{"rendered":"STF deve analisar den\u00fancias contra Bolsonaro antes da C\u00e2mara"},"content":{"rendered":"\n<p>Os ministros do STF decidiram em plen\u00e1rio virtual, encerrado na \u00faltima sexta-feira, 14, por maioria, que as den\u00fancias de crimes comuns supostamente praticados pelo presidente da Rep\u00fablica, devem passar pelo crivo do ministro relator da Corte antes de serem encaminhadas \u00e0 C\u00e2mara dos Deputados.<\/p>\n\n\n\n<p>O entendimento vencedor foi do ministro Dias Toffoli, que considerou que, se n\u00e3o houver representa\u00e7\u00e3o do ofendido, remeter automaticamente o processo de a\u00e7\u00e3o penal p\u00fablica condicionada \u00e0 C\u00e2mara, importaria submeter o presidente da Rep\u00fablica a um constrangimento ilegal que n\u00e3o seria tolerado em rela\u00e7\u00e3o a nenhum outro cidad\u00e3o.&nbsp;<\/p>\n\n\n\n<figure class=\"wp-block-image\"><img src=\"https:\/\/img2.migalhas.uol.com.br\/_MEDPROC_\/https__img1.migalhas.uol.com.br__SL__gf_base__SL__empresas__SL__MIGA__SL__imagens__SL__2021__SL__05__SL__17__SL__0ae1589c-9aae-4ed4-aae9-a4832eb98ec5.jpg._PROC_CP75.jpg\" alt=\"(Imagem: Marcos Corr\u00eaa\/PR)\" title=\"(Imagem: Marcos Corr\u00eaa\/PR)\"\/><\/figure>\n\n\n\n<p>(Imagem: Marcos Corr\u00eaa\/PR)<\/p>\n\n\n\n<p><strong>O caso<\/strong><\/p>\n\n\n\n<p>O governador do Estado do Maranh\u00e3o, Fl\u00e1vio Dino, formalizou queixa-crime contra o presidente da Rep\u00fablica, Jair Bolsonaro, imputando-lhe o crime do artigo 138 (cal\u00fania), combinado com o artigo 141, inciso III (causa de aumento relativa ao cometimento por meio que facilite a divulga\u00e7\u00e3o), do&nbsp;<a href=\"http:\/\/www.planalto.gov.br\/ccivil_03\/decreto-lei\/del2848compilado.htm\" target=\"_blank\" rel=\"noreferrer noopener\">C\u00f3digo Penal<\/a>.<\/p>\n\n\n\n<p>Na peti\u00e7\u00e3o, narrou que o presidente, em 21 de outubro de 2020, durante entrevista \u00e0 R\u00e1dio Jovem Pan, disse que n\u00e3o compareceu a um evento porque Fl\u00e1vio Dino se recusou a ceder for\u00e7a policial para garantir seguran\u00e7a \u00e0 comitiva presidencial. Destacou que foi propagada a afirma\u00e7\u00e3o em perfis de redes sociais e grupos de WhatsApp.<\/p>\n\n\n\n<p>Dino narrou que Bolsonaro se valeu de not\u00edcia falsa para macular a sua honra. Frisou que o presidente teria cometido o crime de cal\u00fania, considerada a imputa\u00e7\u00e3o de fato a sinalizar, em tese, o crime do artigo 319 (prevarica\u00e7\u00e3o) do C\u00f3digo Penal, consubstanciado em deixar, indevidamente, de praticar ato de of\u00edcio, visando satisfazer interesse pessoal.<\/p>\n\n\n\n<p><strong>Voto vencedor<\/strong><\/p>\n\n\n\n<p>Em seu voto, Toffoli invocou manifesta\u00e7\u00e3o dada anteriormente no Inq. 4.483, momento em que registrou preocupa\u00e7\u00e3o caso a Corte estabelecesse a impossibilidade absoluta de o relator proceder \u00e0 an\u00e1lise da denuncia \u00e0 luz dos requisitos do artigo 395 do&nbsp;<a href=\"http:\/\/www.planalto.gov.br\/ccivil_03\/decreto-lei\/del3689compilado.htm\" target=\"_blank\" rel=\"noreferrer noopener\">CPP<\/a>, antes da remessa \u00e0 C\u00e2mara.&nbsp;<\/p>\n\n\n\n<p>O ministro considerou que a quest\u00e3o que se colocou em debate no caso foi a possibilidade da Corte examinar os requisitos do artigo 395 do CPP (rejei\u00e7\u00e3o de denuncia ou queixa), antes da remessa de inicial acusat\u00f3ria contra o presidente da Rep\u00fablica \u00e0 C\u00e2mara dos Deputados, como manda a&nbsp;<a href=\"http:\/\/www.planalto.gov.br\/ccivil_03\/constituicao\/constituicao.htm\" target=\"_blank\" rel=\"noreferrer noopener\">CF\/88<\/a>, nos artigos 51, I e 86, caput e \u00a71\u00ba I.<\/p><div class=\"erlpd69f01ac56be41\" ><!--<a href=\"https:\/\/bit.ly\/3QdrqTZ\" target=\"_blank\">\n<img src=\"https:\/\/justicapotiguar.com.br\/wp-content\/uploads\/2023\/09\/mobile-geral.gif\"\/><a\/>--><\/div><style type=\"text\/css\">\r\n.erlpd69f01ac56be41 {\r\ntext-align: center;\r\n}\r\n@media screen and (min-width: 1201px) {\r\n.erlpd69f01ac56be41 {\r\ndisplay: none;\r\n}\r\n}\r\n@media screen and (min-width: 993px) and (max-width: 1200px) {\r\n.erlpd69f01ac56be41 {\r\ndisplay: none;\r\n}\r\n}\r\n@media screen and (min-width: 769px) and (max-width: 992px) {\r\n.erlpd69f01ac56be41 {\r\ndisplay: none;\r\n}\r\n}\r\n@media screen and (min-width: 768px) and (max-width: 768px) {\r\n.erlpd69f01ac56be41 {\r\ndisplay: block;\r\n}\r\n}\r\n@media screen and (max-width: 767px) {\r\n.erlpd69f01ac56be41 {\r\ndisplay: block;\r\n}\r\n}\r\n<\/style>\r\n<div class=\"lokdm69f01ac56be2a\" ><!--<a href=\"https:\/\/bit.ly\/3QdrqTZ\" target=\"_blank\">\n<img src=\"https:\/\/justicapotiguar.com.br\/wp-content\/uploads\/2023\/09\/desktop-geral.gif\"\/><a\/>--><\/div><style type=\"text\/css\">\r\n.lokdm69f01ac56be2a {\r\ntext-align: center;\nmargin-bottom: 1em;\r\n}\r\n@media screen and (min-width: 1201px) {\r\n.lokdm69f01ac56be2a {\r\ndisplay: block;\r\n}\r\n}\r\n@media screen and (min-width: 993px) and (max-width: 1200px) {\r\n.lokdm69f01ac56be2a {\r\ndisplay: block;\r\n}\r\n}\r\n@media screen and (min-width: 769px) and (max-width: 992px) {\r\n.lokdm69f01ac56be2a {\r\ndisplay: block;\r\n}\r\n}\r\n@media screen and (min-width: 768px) and (max-width: 768px) {\r\n.lokdm69f01ac56be2a {\r\ndisplay: none;\r\n}\r\n}\r\n@media screen and (max-width: 767px) {\r\n.lokdm69f01ac56be2a {\r\ndisplay: none;\r\n}\r\n}\r\n<\/style>\r\n\n\n\n\n<p><em>Art. 51. Compete privativamente \u00e0 C\u00e2mara dos Deputados:<\/em><\/p>\n\n\n\n<p><em>I &#8211; autorizar, por dois ter\u00e7os de seus membros, a instaura\u00e7\u00e3o de processo contra o Presidente e o Vice-Presidente da Rep\u00fablica e os Ministros de Estado;<\/em><\/p>\n\n\n\n<p><em>Art. 86. Admitida a acusa\u00e7\u00e3o contra o Presidente da Rep\u00fablica, por dois ter\u00e7os da C\u00e2mara dos Deputados, ser\u00e1 ele submetido a julgamento perante o Supremo Tribunal Federal, nas infra\u00e7\u00f5es penais comuns, ou perante o Senado Federal, nos crimes de responsabilidade.<\/em><\/p>\n\n\n\n<p><em>\u00a7 1\u00ba O Presidente ficar\u00e1 suspenso de suas fun\u00e7\u00f5es:<\/em><\/p>\n\n\n\n<p><em>I &#8211; nas infra\u00e7\u00f5es penais comuns, se recebida a den\u00fancia ou queixa-crime pelo Supremo Tribunal Federal;<\/em><\/p>\n\n\n\n<p>De acordo com o ministro, o ju\u00edzo de admissibilidade de acusa\u00e7\u00e3o feito pela C\u00e2mara \u00e9 eminentemente pol\u00edtico &#8211; ou seja,&nbsp;a C\u00e2mara verificar\u00e1 se a acusa\u00e7\u00e3o \u00e9 consistente, se tem ela base em alega\u00e7\u00f5es e fundamentos plaus\u00edveis, ou se a not\u00edcia do fato reprov\u00e1vel tem razo\u00e1vel proced\u00eancia, n\u00e3o sendo a acusa\u00e7\u00e3o simplesmente fruto de quiz\u00edlias ou desaven\u00e7as pol\u00edticas.<\/p>\n\n\n\n<p><em>&#8220;Ocorre que esse ju\u00edzo pol\u00edtico n\u00e3o retira do Supremo Tribunal Federal a possibilidade de, liminarmente, emitir um ju\u00edzo negativo de admissibilidade da den\u00fancia, sob o prisma estritamente jur\u00eddico.&#8221;<\/em><\/p>\n\n\n\n<p>Para Toffoli, se a Suprema Corte tem poderes para trancar um inqu\u00e9rito por falta de justa causa, ou para rejeitar, liminarmente, uma den\u00fancia pelo mesmo fundamento ou por in\u00e9pcia, n\u00e3o haveria raz\u00e3o para se imunizar desse ju\u00edzo preliminar uma den\u00fancia oferecida contra o presidente.<\/p>\n\n\n\n<p>O entendimento foi acompanhado pelos ministros Alexandre de Morais, Gilmar Mendes, Luiz Fux e Lu\u00eds Roberto Barroso.&nbsp;<\/p>\n\n\n\n<ul><li>Leia o voto do ministro\u00a0<a rel=\"noreferrer noopener\" href=\"https:\/\/www.migalhas.com.br\/arquivos\/2021\/5\/8051F6AD39EAD4_toffoli.pdf\" target=\"_blank\">Toffoli<\/a>.\u00a0<\/li><\/ul>\n\n\n\n<p>Migalhas<\/p>\n","protected":false},"excerpt":{"rendered":"<p>Os ministros do STF decidiram em plen\u00e1rio virtual, encerrado na \u00faltima sexta-feira, 14, por maioria, que as den\u00fancias de crimes comuns supostamente praticados pelo presidente da Rep\u00fablica, devem passar pelo crivo do ministro relator da Corte antes de serem encaminhadas \u00e0 C\u00e2mara dos Deputados. O entendimento vencedor foi do ministro Dias Toffoli, que considerou que,<br \/><a class=\"more-link\" href=\"https:\/\/justicapotiguar.com.br\/index.php\/2021\/05\/17\/stf-deve-analisar-denuncias-contra-bolsonaro-antes-da-camara\/\">Mais&#8230;<\/a><\/p>\n","protected":false},"author":5,"featured_media":7226,"comment_status":"open","ping_status":"open","sticky":false,"template":"","format":"standard","meta":[],"categories":[3],"tags":[],"_links":{"self":[{"href":"https:\/\/justicapotiguar.com.br\/index.php\/wp-json\/wp\/v2\/posts\/18857"}],"collection":[{"href":"https:\/\/justicapotiguar.com.br\/index.php\/wp-json\/wp\/v2\/posts"}],"about":[{"href":"https:\/\/justicapotiguar.com.br\/index.php\/wp-json\/wp\/v2\/types\/post"}],"author":[{"embeddable":true,"href":"https:\/\/justicapotiguar.com.br\/index.php\/wp-json\/wp\/v2\/users\/5"}],"replies":[{"embeddable":true,"href":"https:\/\/justicapotiguar.com.br\/index.php\/wp-json\/wp\/v2\/comments?post=18857"}],"version-history":[{"count":1,"href":"https:\/\/justicapotiguar.com.br\/index.php\/wp-json\/wp\/v2\/posts\/18857\/revisions"}],"predecessor-version":[{"id":18858,"href":"https:\/\/justicapotiguar.com.br\/index.php\/wp-json\/wp\/v2\/posts\/18857\/revisions\/18858"}],"wp:featuredmedia":[{"embeddable":true,"href":"https:\/\/justicapotiguar.com.br\/index.php\/wp-json\/wp\/v2\/media\/7226"}],"wp:attachment":[{"href":"https:\/\/justicapotiguar.com.br\/index.php\/wp-json\/wp\/v2\/media?parent=18857"}],"wp:term":[{"taxonomy":"category","embeddable":true,"href":"https:\/\/justicapotiguar.com.br\/index.php\/wp-json\/wp\/v2\/categories?post=18857"},{"taxonomy":"post_tag","embeddable":true,"href":"https:\/\/justicapotiguar.com.br\/index.php\/wp-json\/wp\/v2\/tags?post=18857"}],"curies":[{"name":"wp","href":"https:\/\/api.w.org\/{rel}","templated":true}]}}