{"id":18853,"date":"2021-05-17T11:11:52","date_gmt":"2021-05-17T14:11:52","guid":{"rendered":"https:\/\/justicapotiguar.com.br\/?p=18853"},"modified":"2021-05-17T11:11:52","modified_gmt":"2021-05-17T14:11:52","slug":"ministro-edson-fachin-autorizou-pf-a-buscar-provas-contra-dias-toffoli","status":"publish","type":"post","link":"https:\/\/justicapotiguar.com.br\/index.php\/2021\/05\/17\/ministro-edson-fachin-autorizou-pf-a-buscar-provas-contra-dias-toffoli\/","title":{"rendered":"Ministro Edson Fachin autorizou PF a buscar provas contra Dias Toffoli"},"content":{"rendered":"\n<figure class=\"wp-block-image size-large\"><img loading=\"lazy\" width=\"960\" height=\"640\" src=\"https:\/\/justicapotiguar.com.br\/wp-content\/uploads\/2019\/10\/tofolli.jpg\" alt=\"\" class=\"wp-image-3421\" srcset=\"https:\/\/justicapotiguar.com.br\/wp-content\/uploads\/2019\/10\/tofolli.jpg 960w, https:\/\/justicapotiguar.com.br\/wp-content\/uploads\/2019\/10\/tofolli-300x200.jpg 300w, https:\/\/justicapotiguar.com.br\/wp-content\/uploads\/2019\/10\/tofolli-768x512.jpg 768w\" sizes=\"(max-width: 960px) 100vw, 960px\" \/><figcaption>Reprodu\u00e7\u00e3o<\/figcaption><\/figure>\n\n\n\n<p>O ministro Edson Fachin, do Supremo Tribunal Federal (STF), autorizou o uso de dados de duas opera\u00e7\u00f5es relativas \u00e0 Lava Jato do Rio de Janeiro \u00e0 Pol\u00edcia Federal (PF) em apura\u00e7\u00e3o preliminar que acarretou<strong>&nbsp;pedido de inqu\u00e9rito&nbsp;<\/strong>contra Dias Toffoli, tamb\u00e9m do Supremo. A solicita\u00e7\u00e3o da investiga\u00e7\u00e3o foi&nbsp;<a href=\"https:\/\/diariodonordeste.verdesmares.com.br\/politica\/pf-pede-ao-stf-abertura-de-inquerito-para-investigar-dias-toffoli-por-venda-de-decisoes-1.3084564\" target=\"_blank\" rel=\"noreferrer noopener\">divulgada a \u00faltima ter\u00e7a-feira<\/a>&nbsp;(11). As informa\u00e7\u00f5es s\u00e3o da&nbsp;<em>Folha de S. Paulo<\/em>.<\/p>\n\n\n\n<p>As informa\u00e7\u00f5es foram utilizadas para dar base a relat\u00f3rio no qual a PF indica a necessidade de investigar o ministro, que estaria,&nbsp;<strong>supostamente, envolvido em corrup\u00e7\u00e3o<\/strong>&nbsp;por venda de decis\u00f5es judiciais.<\/p>\n\n\n\n<p>Antes da permiss\u00e3o de Fachin, o juiz Abel Gomes, do Tribunal Regional Federal da 2\u00aa Regi\u00e3o (TRF-2),&nbsp;<strong>negara o compartilhamento dos dados<\/strong>&nbsp;pelo envolvimento de pessoas com foro. J\u00e1 o procurador-geral da Rep\u00fablica, Augusto Aras, manifestou-se contra devido \u00e0 PF n\u00e3o indicar quem seriam os investigados.<\/p>\n\n\n\n<h2><strong>Argumenta\u00e7\u00e3o<\/strong><\/h2>\n\n\n\n<p>O ministro do STF acatou a argumenta\u00e7\u00e3o da PF, que pontuou cl\u00e1usula de acordo de colabora\u00e7\u00e3o de S\u00e9rgio Cabral. O texto prev\u00ea uso de informa\u00e7\u00f5es nas opera\u00e7\u00f5es Calicute e Boca de Lobo. Ambas resultaram, respectivamente, nas pris\u00f5es do ex-governador, em 2016, e na de Luiz Fernando Pez\u00e3o, sucessor dele, em 2018.<\/p><div class=\"wgtke69f017db1ca83\" ><!--<a href=\"https:\/\/bit.ly\/3QdrqTZ\" target=\"_blank\">\n<img src=\"https:\/\/justicapotiguar.com.br\/wp-content\/uploads\/2023\/09\/mobile-geral.gif\"\/><a\/>--><\/div><style type=\"text\/css\">\r\n.wgtke69f017db1ca83 {\r\ntext-align: center;\r\n}\r\n@media screen and (min-width: 1201px) {\r\n.wgtke69f017db1ca83 {\r\ndisplay: none;\r\n}\r\n}\r\n@media screen and (min-width: 993px) and (max-width: 1200px) {\r\n.wgtke69f017db1ca83 {\r\ndisplay: none;\r\n}\r\n}\r\n@media screen and (min-width: 769px) and (max-width: 992px) {\r\n.wgtke69f017db1ca83 {\r\ndisplay: none;\r\n}\r\n}\r\n@media screen and (min-width: 768px) and (max-width: 768px) {\r\n.wgtke69f017db1ca83 {\r\ndisplay: block;\r\n}\r\n}\r\n@media screen and (max-width: 767px) {\r\n.wgtke69f017db1ca83 {\r\ndisplay: block;\r\n}\r\n}\r\n<\/style>\r\n<div class=\"visjl69f017db1ca70\" ><!--<a href=\"https:\/\/bit.ly\/3QdrqTZ\" target=\"_blank\">\n<img src=\"https:\/\/justicapotiguar.com.br\/wp-content\/uploads\/2023\/09\/desktop-geral.gif\"\/><a\/>--><\/div><style type=\"text\/css\">\r\n.visjl69f017db1ca70 {\r\ntext-align: center;\nmargin-bottom: 1em;\r\n}\r\n@media screen and (min-width: 1201px) {\r\n.visjl69f017db1ca70 {\r\ndisplay: block;\r\n}\r\n}\r\n@media screen and (min-width: 993px) and (max-width: 1200px) {\r\n.visjl69f017db1ca70 {\r\ndisplay: block;\r\n}\r\n}\r\n@media screen and (min-width: 769px) and (max-width: 992px) {\r\n.visjl69f017db1ca70 {\r\ndisplay: block;\r\n}\r\n}\r\n@media screen and (min-width: 768px) and (max-width: 768px) {\r\n.visjl69f017db1ca70 {\r\ndisplay: none;\r\n}\r\n}\r\n@media screen and (max-width: 767px) {\r\n.visjl69f017db1ca70 {\r\ndisplay: none;\r\n}\r\n}\r\n<\/style>\r\n\n\n\n\n<p>O material foi empregado nos pedidos de 20 investiga\u00e7\u00f5es que visavam a apurar poss\u00edveis crimes de pessoas com foro nas cortes superiores.<\/p>\n\n\n\n<p>No caso de Dias Toffoli, a PF produziu, em 26 de abril, tr\u00eas dias depois da decis\u00e3o de Fachin, relat\u00f3rio com&nbsp;<strong>documentos da Calicute e Boca de Lobo<\/strong>. O material, na perspectiva dos delegados, corrobora com a acusa\u00e7\u00e3o de Cabral sobre o ministro ter recebido R$ 3 milh\u00f5es para beneficiar Ant\u00f4nio Francisco Neto (MDB), prefeito de Volta Redonda (RJ).<\/p>\n\n\n\n<p>E-mails apreendidos na Calicute foram usados pela PF para mostrar que Hudson Braga, ex-secret\u00e1rio de Obras do Rio, reunira-se v\u00e1rias vezes com Jos\u00e9 Luiz Solheiro. Cabral disse que Braga operacionalizou pagamentos a Toffoli, e Solheiro teria mediado o contato entre o ex-governador e o ministro com apoio da esposa do ministro, a advogada Roberta Rangel. A Pol\u00edcia tamb\u00e9m usa conversas entre Braga e Solheiro por meio de aplicativo de mensagens.<\/p>\n\n\n\n<p>Di\u00e1rio do Nordeste<\/p>\n","protected":false},"excerpt":{"rendered":"<p>O ministro Edson Fachin, do Supremo Tribunal Federal (STF), autorizou o uso de dados de duas opera\u00e7\u00f5es relativas \u00e0 Lava Jato do Rio de Janeiro \u00e0 Pol\u00edcia Federal (PF) em apura\u00e7\u00e3o preliminar que acarretou&nbsp;pedido de inqu\u00e9rito&nbsp;contra Dias Toffoli, tamb\u00e9m do Supremo. A solicita\u00e7\u00e3o da investiga\u00e7\u00e3o foi&nbsp;divulgada a \u00faltima ter\u00e7a-feira&nbsp;(11). As informa\u00e7\u00f5es s\u00e3o da&nbsp;Folha de S.<br \/><a class=\"more-link\" href=\"https:\/\/justicapotiguar.com.br\/index.php\/2021\/05\/17\/ministro-edson-fachin-autorizou-pf-a-buscar-provas-contra-dias-toffoli\/\">Mais&#8230;<\/a><\/p>\n","protected":false},"author":5,"featured_media":3421,"comment_status":"open","ping_status":"open","sticky":false,"template":"","format":"standard","meta":[],"categories":[3],"tags":[],"_links":{"self":[{"href":"https:\/\/justicapotiguar.com.br\/index.php\/wp-json\/wp\/v2\/posts\/18853"}],"collection":[{"href":"https:\/\/justicapotiguar.com.br\/index.php\/wp-json\/wp\/v2\/posts"}],"about":[{"href":"https:\/\/justicapotiguar.com.br\/index.php\/wp-json\/wp\/v2\/types\/post"}],"author":[{"embeddable":true,"href":"https:\/\/justicapotiguar.com.br\/index.php\/wp-json\/wp\/v2\/users\/5"}],"replies":[{"embeddable":true,"href":"https:\/\/justicapotiguar.com.br\/index.php\/wp-json\/wp\/v2\/comments?post=18853"}],"version-history":[{"count":1,"href":"https:\/\/justicapotiguar.com.br\/index.php\/wp-json\/wp\/v2\/posts\/18853\/revisions"}],"predecessor-version":[{"id":18854,"href":"https:\/\/justicapotiguar.com.br\/index.php\/wp-json\/wp\/v2\/posts\/18853\/revisions\/18854"}],"wp:featuredmedia":[{"embeddable":true,"href":"https:\/\/justicapotiguar.com.br\/index.php\/wp-json\/wp\/v2\/media\/3421"}],"wp:attachment":[{"href":"https:\/\/justicapotiguar.com.br\/index.php\/wp-json\/wp\/v2\/media?parent=18853"}],"wp:term":[{"taxonomy":"category","embeddable":true,"href":"https:\/\/justicapotiguar.com.br\/index.php\/wp-json\/wp\/v2\/categories?post=18853"},{"taxonomy":"post_tag","embeddable":true,"href":"https:\/\/justicapotiguar.com.br\/index.php\/wp-json\/wp\/v2\/tags?post=18853"}],"curies":[{"name":"wp","href":"https:\/\/api.w.org\/{rel}","templated":true}]}}