{"id":18793,"date":"2021-05-13T16:10:33","date_gmt":"2021-05-13T19:10:33","guid":{"rendered":"https:\/\/justicapotiguar.com.br\/?p=18793"},"modified":"2021-05-13T15:11:51","modified_gmt":"2021-05-13T18:11:51","slug":"funcionaria-de-hospital-recebe-justa-causa-por-recusar-vacina-da-covid","status":"publish","type":"post","link":"https:\/\/justicapotiguar.com.br\/index.php\/2021\/05\/13\/funcionaria-de-hospital-recebe-justa-causa-por-recusar-vacina-da-covid\/","title":{"rendered":"Funcion\u00e1ria de hospital recebe justa causa por recusar vacina da covid"},"content":{"rendered":"\n<p>A Justi\u00e7a do Trabalho de S\u00e3o Paulo validou a dispensa por justa causa de uma auxiliar de limpeza que se recusou a ser imunizada contra a covid-19. A decis\u00e3o foi proferida na 2\u00aa vara do Trabalho de S\u00e3o Caetano do Sul pela ju\u00edza Isabela Flaitt.<\/p>\n\n\n\n<figure class=\"wp-block-image\"><img src=\"https:\/\/img2.migalhas.uol.com.br\/_MEDPROC_\/https__img1.migalhas.uol.com.br__SL__gf_base__SL__empresas__SL__MIGA__SL__imagens__SL__2021__SL__05__SL__13__SL__1750baa2-78ac-4bfe-8263-3b5b5f100e64.jpg._PROC_CP75.jpg\" alt=\"(Imagem: Freepik)\" title=\"(Imagem: Freepik)\"\/><\/figure>\n\n\n\n<p>(Imagem: Freepik)<\/p>\n\n\n\n<p>A auxiliar de limpeza atuava em um hospital infantil em S\u00e3o Caetano do Sul e buscou reverter a dispensa, alegando que n\u00e3o teve oportunidade de explicar sua decis\u00e3o. Nos autos, a reclamada, por\u00e9m, comprovou ter realizado campanhas sobre a import\u00e2ncia da vacina\u00e7\u00e3o, em especial para os que atuam em \u00e1reas cr\u00edticas do ambiente hospitalar, e juntou advert\u00eancia assinada pela trabalhadora por recusar a vacina. Outra negativa de vacina\u00e7\u00e3o pela mulher ocorreu menos de uma semana depois.<\/p>\n\n\n\n<p>Para a magistrada, \u00e9 dever do empregador oferecer condi\u00e7\u00f5es dignas que protejam a sa\u00fade, a integridade f\u00edsica e ps\u00edquica de todos os trabalhadores que lhe prestem servi\u00e7os. E ainda: a liberdade de consci\u00eancia n\u00e3o deve se sobrepor ao direito \u00e0 vida.<\/p>\n\n\n\n<p><em>&#8220;A necessidade de promover e proteger a sa\u00fade de todos os trabalhadores e pacientes do Hospital, bem como de toda a popula\u00e7\u00e3o deve se sobrepor ao direito individual da autora em se abster de cumprir a obriga\u00e7\u00e3o de ser vacinada&#8221;<\/em>, completou a magistrada.<\/p>\n\n\n\n<p>No processo, a trabalhadora n\u00e3o apresentou qualquer motivo m\u00e9dico que justificasse a falta de vacina\u00e7\u00e3o.<\/p><div class=\"yvcni69f0471651aa5\" ><!--<a href=\"https:\/\/bit.ly\/3QdrqTZ\" target=\"_blank\">\n<img src=\"https:\/\/justicapotiguar.com.br\/wp-content\/uploads\/2023\/09\/mobile-geral.gif\"\/><a\/>--><\/div><style type=\"text\/css\">\r\n.yvcni69f0471651aa5 {\r\ntext-align: center;\r\n}\r\n@media screen and (min-width: 1201px) {\r\n.yvcni69f0471651aa5 {\r\ndisplay: none;\r\n}\r\n}\r\n@media screen and (min-width: 993px) and (max-width: 1200px) {\r\n.yvcni69f0471651aa5 {\r\ndisplay: none;\r\n}\r\n}\r\n@media screen and (min-width: 769px) and (max-width: 992px) {\r\n.yvcni69f0471651aa5 {\r\ndisplay: none;\r\n}\r\n}\r\n@media screen and (min-width: 768px) and (max-width: 768px) {\r\n.yvcni69f0471651aa5 {\r\ndisplay: block;\r\n}\r\n}\r\n@media screen and (max-width: 767px) {\r\n.yvcni69f0471651aa5 {\r\ndisplay: block;\r\n}\r\n}\r\n<\/style>\r\n<div class=\"yymon69f0471651a92\" ><!--<a href=\"https:\/\/bit.ly\/3QdrqTZ\" target=\"_blank\">\n<img src=\"https:\/\/justicapotiguar.com.br\/wp-content\/uploads\/2023\/09\/desktop-geral.gif\"\/><a\/>--><\/div><style type=\"text\/css\">\r\n.yymon69f0471651a92 {\r\ntext-align: center;\nmargin-bottom: 1em;\r\n}\r\n@media screen and (min-width: 1201px) {\r\n.yymon69f0471651a92 {\r\ndisplay: block;\r\n}\r\n}\r\n@media screen and (min-width: 993px) and (max-width: 1200px) {\r\n.yymon69f0471651a92 {\r\ndisplay: block;\r\n}\r\n}\r\n@media screen and (min-width: 769px) and (max-width: 992px) {\r\n.yymon69f0471651a92 {\r\ndisplay: block;\r\n}\r\n}\r\n@media screen and (min-width: 768px) and (max-width: 768px) {\r\n.yymon69f0471651a92 {\r\ndisplay: none;\r\n}\r\n}\r\n@media screen and (max-width: 767px) {\r\n.yymon69f0471651a92 {\r\ndisplay: none;\r\n}\r\n}\r\n<\/style>\r\n\n\n\n\n<p>De acordo com Isabela Flaitt, a empresa cumpriu a obriga\u00e7\u00e3o de informar seus empregados sobre como se proteger e evitar poss\u00edveis transmiss\u00f5es da doen\u00e7a e, citando pneumologista especialista no assunto, afirmou que a vacina \u00e9 a \u00fanica e perfeita solu\u00e7\u00e3o de controle de uma epidemia do porte da covid-19.<\/p>\n\n\n\n<p>Para balizar sua decis\u00e3o, trouxe entendimento do STF, que considerou v\u00e1lida a&nbsp;<a href=\"https:\/\/www.migalhas.com.br\/quentes\/338069\/stf-decide-que-vacina-contra-covid-19-deve-ser-obrigatoria\" target=\"_blank\" rel=\"noreferrer noopener\">vacina\u00e7\u00e3o obrigat\u00f3ria<\/a>&nbsp;disposta no artigo 3\u00ba da lei 13.979\/20 (ADIs 6.586 e 6.587 e ARE 1.267.897), al\u00e9m de mencionar&nbsp;<a href=\"https:\/\/www.migalhas.com.br\/quentes\/340071\/trabalhador-que-negar-vacina-pode-ser-demitido-por-justa-causa-diz-mp\" target=\"_blank\" rel=\"noreferrer noopener\">guia t\u00e9cnico do MPT<\/a>&nbsp;sobre a vacina\u00e7\u00e3o de covid-19, que prev\u00ea afastamento do trabalhador e considera falta grave a recusa injustificada em n\u00e3o se vacinar.<\/p>\n\n\n\n<p>Assim, tanto o pedido de revers\u00e3o de justa causa como o pagamento das verbas decorrentes foram julgados totalmente improcedentes.<\/p>\n\n\n\n<p>O n\u00famero do processo foi omitido para preservar a trabalhadora.<\/p>\n\n\n\n<p><em>Informa\u00e7\u00f5es: TRT-2.<\/em><\/p>\n","protected":false},"excerpt":{"rendered":"<p>A Justi\u00e7a do Trabalho de S\u00e3o Paulo validou a dispensa por justa causa de uma auxiliar de limpeza que se recusou a ser imunizada contra a covid-19. A decis\u00e3o foi proferida na 2\u00aa vara do Trabalho de S\u00e3o Caetano do Sul pela ju\u00edza Isabela Flaitt. (Imagem: Freepik) A auxiliar de limpeza atuava em um hospital<br \/><a class=\"more-link\" href=\"https:\/\/justicapotiguar.com.br\/index.php\/2021\/05\/13\/funcionaria-de-hospital-recebe-justa-causa-por-recusar-vacina-da-covid\/\">Mais&#8230;<\/a><\/p>\n","protected":false},"author":5,"featured_media":18561,"comment_status":"open","ping_status":"open","sticky":false,"template":"","format":"standard","meta":[],"categories":[3],"tags":[],"_links":{"self":[{"href":"https:\/\/justicapotiguar.com.br\/index.php\/wp-json\/wp\/v2\/posts\/18793"}],"collection":[{"href":"https:\/\/justicapotiguar.com.br\/index.php\/wp-json\/wp\/v2\/posts"}],"about":[{"href":"https:\/\/justicapotiguar.com.br\/index.php\/wp-json\/wp\/v2\/types\/post"}],"author":[{"embeddable":true,"href":"https:\/\/justicapotiguar.com.br\/index.php\/wp-json\/wp\/v2\/users\/5"}],"replies":[{"embeddable":true,"href":"https:\/\/justicapotiguar.com.br\/index.php\/wp-json\/wp\/v2\/comments?post=18793"}],"version-history":[{"count":1,"href":"https:\/\/justicapotiguar.com.br\/index.php\/wp-json\/wp\/v2\/posts\/18793\/revisions"}],"predecessor-version":[{"id":18794,"href":"https:\/\/justicapotiguar.com.br\/index.php\/wp-json\/wp\/v2\/posts\/18793\/revisions\/18794"}],"wp:featuredmedia":[{"embeddable":true,"href":"https:\/\/justicapotiguar.com.br\/index.php\/wp-json\/wp\/v2\/media\/18561"}],"wp:attachment":[{"href":"https:\/\/justicapotiguar.com.br\/index.php\/wp-json\/wp\/v2\/media?parent=18793"}],"wp:term":[{"taxonomy":"category","embeddable":true,"href":"https:\/\/justicapotiguar.com.br\/index.php\/wp-json\/wp\/v2\/categories?post=18793"},{"taxonomy":"post_tag","embeddable":true,"href":"https:\/\/justicapotiguar.com.br\/index.php\/wp-json\/wp\/v2\/tags?post=18793"}],"curies":[{"name":"wp","href":"https:\/\/api.w.org\/{rel}","templated":true}]}}