{"id":18753,"date":"2021-05-11T21:27:03","date_gmt":"2021-05-12T00:27:03","guid":{"rendered":"https:\/\/justicapotiguar.com.br\/?p=18753"},"modified":"2021-05-11T21:27:03","modified_gmt":"2021-05-12T00:27:03","slug":"justica-determina-que-uniao-envie-87-mil-doses-de-coronavac-para-garantir-2a-dose-no-rn","status":"publish","type":"post","link":"https:\/\/justicapotiguar.com.br\/index.php\/2021\/05\/11\/justica-determina-que-uniao-envie-87-mil-doses-de-coronavac-para-garantir-2a-dose-no-rn\/","title":{"rendered":"Justi\u00e7a determina que Uni\u00e3o envie 87 mil doses de Coronavac  para garantir 2\u00aa dose no RN"},"content":{"rendered":"\n<figure class=\"wp-block-image size-large\"><img loading=\"lazy\" width=\"678\" height=\"452\" src=\"https:\/\/justicapotiguar.com.br\/wp-content\/uploads\/2021\/05\/images-58.jpeg\" alt=\"\" class=\"wp-image-18681\" srcset=\"https:\/\/justicapotiguar.com.br\/wp-content\/uploads\/2021\/05\/images-58.jpeg 678w, https:\/\/justicapotiguar.com.br\/wp-content\/uploads\/2021\/05\/images-58-300x200.jpeg 300w\" sizes=\"(max-width: 678px) 100vw, 678px\" \/><figcaption>Reprodu\u00e7\u00e3o <\/figcaption><\/figure>\n\n\n\n<p>Decis\u00e3o do Juiz Federal Janilson Bezerra de Siqueira determinou nesta ter\u00e7a-feira (11) que o Governo Federal envie ao RN 87.098 doses da vacina Coronavac para garantir a aplica\u00e7\u00e3o da 2\u00aa dose do imunizante aos que j\u00e1 receberam a primeira dose.<\/p>\n\n\n\n<p>A liminar tamb\u00e9m imp\u00f5e ao Governo Federal o dever de compensar para o RN doses de Coronavac que seriam destinadas a outros Estados da federa\u00e7\u00e3o para primeira dose com outras vacinas, a exemplo da Pfizer, como forma de regularizar a segunda dose dos potiguares. Neste caso, a remessa de mais de 18 mil doses da vacina Pfizer, prevista para chegar esta semana, devem ser substitu\u00eddas pela Coronavac.<\/p>\n\n\n\n<p>A decis\u00e3o tamb\u00e9m determina que o Governo do Estado promova o monitoramento da oferta de segundas doses da vacina Coronavac\/Butantan (D2) para todos os cidad\u00e3os j\u00e1 atendidos com a primeira dose do<br>imunizante (D1) no Estado, assessorando e orientando os Munic\u00edpios para evitar preju\u00edzo pela falta de adequada reserva.<\/p>\n\n\n\n<p>Ao munic\u00edpio de Natal, o juiz determinou que realize exclusivamente aplica\u00e7\u00e3o de segundas doses da vacina<br>Coronavac\/Butantan at\u00e9 que atinja no m\u00ednimo 85% (oitenta e cinco por cento) da cobertura de vacina\u00e7\u00e3o em rela\u00e7\u00e3o as primeiras doses, de modo a garantir que n\u00e3o haja preju\u00edzo ao ciclo completo de imuniza\u00e7\u00e3o de quem j\u00e1 recebeu a primeira dose e tamb\u00e9m n\u00e3o aplicar doses recebidas e destinadas \u00e0 segunda dose como primeira dose, nem oferte a segunda dose antes da completude do ciclo vacinal (4 semanas para Coronavac\/Butantan) sem a seguran\u00e7a de que n\u00e3o haver\u00e1 preju\u00edzo ao ciclo completo de imuniza\u00e7\u00e3o de quem j\u00e1 recebeu a primeira dose anteriormente.<\/p><div class=\"vdebx69f044b57f66f\" ><!--<a href=\"https:\/\/bit.ly\/3QdrqTZ\" target=\"_blank\">\n<img src=\"https:\/\/justicapotiguar.com.br\/wp-content\/uploads\/2023\/09\/mobile-geral.gif\"\/><a\/>--><\/div><style type=\"text\/css\">\r\n.vdebx69f044b57f66f {\r\ntext-align: center;\r\n}\r\n@media screen and (min-width: 1201px) {\r\n.vdebx69f044b57f66f {\r\ndisplay: none;\r\n}\r\n}\r\n@media screen and (min-width: 993px) and (max-width: 1200px) {\r\n.vdebx69f044b57f66f {\r\ndisplay: none;\r\n}\r\n}\r\n@media screen and (min-width: 769px) and (max-width: 992px) {\r\n.vdebx69f044b57f66f {\r\ndisplay: none;\r\n}\r\n}\r\n@media screen and (min-width: 768px) and (max-width: 768px) {\r\n.vdebx69f044b57f66f {\r\ndisplay: block;\r\n}\r\n}\r\n@media screen and (max-width: 767px) {\r\n.vdebx69f044b57f66f {\r\ndisplay: block;\r\n}\r\n}\r\n<\/style>\r\n<div class=\"nvjyp69f044b57f65a\" ><!--<a href=\"https:\/\/bit.ly\/3QdrqTZ\" target=\"_blank\">\n<img src=\"https:\/\/justicapotiguar.com.br\/wp-content\/uploads\/2023\/09\/desktop-geral.gif\"\/><a\/>--><\/div><style type=\"text\/css\">\r\n.nvjyp69f044b57f65a {\r\ntext-align: center;\nmargin-bottom: 1em;\r\n}\r\n@media screen and (min-width: 1201px) {\r\n.nvjyp69f044b57f65a {\r\ndisplay: block;\r\n}\r\n}\r\n@media screen and (min-width: 993px) and (max-width: 1200px) {\r\n.nvjyp69f044b57f65a {\r\ndisplay: block;\r\n}\r\n}\r\n@media screen and (min-width: 769px) and (max-width: 992px) {\r\n.nvjyp69f044b57f65a {\r\ndisplay: block;\r\n}\r\n}\r\n@media screen and (min-width: 768px) and (max-width: 768px) {\r\n.nvjyp69f044b57f65a {\r\ndisplay: none;\r\n}\r\n}\r\n@media screen and (max-width: 767px) {\r\n.nvjyp69f044b57f65a {\r\ndisplay: none;\r\n}\r\n}\r\n<\/style>\r\n\n\n\n\n<p>Confira decvvi<\/p>\n\n\n\n<p><\/p>\n\n\n\n<p>Confira decis\u00e3o na \u00edntegra<\/p>\n\n\n\n<div class=\"wp-block-file\"><a href=\"https:\/\/justicapotiguar.com.br\/wp-content\/uploads\/2021\/05\/Decisao-liminar-CORONAVAC-D2.pdf\">Decisao-liminar-CORONAVAC-D2<\/a><a href=\"https:\/\/justicapotiguar.com.br\/wp-content\/uploads\/2021\/05\/Decisao-liminar-CORONAVAC-D2.pdf\" class=\"wp-block-file__button\" download>Baixar<\/a><\/div>\n","protected":false},"excerpt":{"rendered":"<p>Decis\u00e3o do Juiz Federal Janilson Bezerra de Siqueira determinou nesta ter\u00e7a-feira (11) que o Governo Federal envie ao RN 87.098 doses da vacina Coronavac para garantir a aplica\u00e7\u00e3o da 2\u00aa dose do imunizante aos que j\u00e1 receberam a primeira dose. A liminar tamb\u00e9m imp\u00f5e ao Governo Federal o dever de compensar para o RN doses<br \/><a class=\"more-link\" href=\"https:\/\/justicapotiguar.com.br\/index.php\/2021\/05\/11\/justica-determina-que-uniao-envie-87-mil-doses-de-coronavac-para-garantir-2a-dose-no-rn\/\">Mais&#8230;<\/a><\/p>\n","protected":false},"author":5,"featured_media":18681,"comment_status":"open","ping_status":"open","sticky":false,"template":"","format":"standard","meta":[],"categories":[3],"tags":[],"_links":{"self":[{"href":"https:\/\/justicapotiguar.com.br\/index.php\/wp-json\/wp\/v2\/posts\/18753"}],"collection":[{"href":"https:\/\/justicapotiguar.com.br\/index.php\/wp-json\/wp\/v2\/posts"}],"about":[{"href":"https:\/\/justicapotiguar.com.br\/index.php\/wp-json\/wp\/v2\/types\/post"}],"author":[{"embeddable":true,"href":"https:\/\/justicapotiguar.com.br\/index.php\/wp-json\/wp\/v2\/users\/5"}],"replies":[{"embeddable":true,"href":"https:\/\/justicapotiguar.com.br\/index.php\/wp-json\/wp\/v2\/comments?post=18753"}],"version-history":[{"count":1,"href":"https:\/\/justicapotiguar.com.br\/index.php\/wp-json\/wp\/v2\/posts\/18753\/revisions"}],"predecessor-version":[{"id":18755,"href":"https:\/\/justicapotiguar.com.br\/index.php\/wp-json\/wp\/v2\/posts\/18753\/revisions\/18755"}],"wp:featuredmedia":[{"embeddable":true,"href":"https:\/\/justicapotiguar.com.br\/index.php\/wp-json\/wp\/v2\/media\/18681"}],"wp:attachment":[{"href":"https:\/\/justicapotiguar.com.br\/index.php\/wp-json\/wp\/v2\/media?parent=18753"}],"wp:term":[{"taxonomy":"category","embeddable":true,"href":"https:\/\/justicapotiguar.com.br\/index.php\/wp-json\/wp\/v2\/categories?post=18753"},{"taxonomy":"post_tag","embeddable":true,"href":"https:\/\/justicapotiguar.com.br\/index.php\/wp-json\/wp\/v2\/tags?post=18753"}],"curies":[{"name":"wp","href":"https:\/\/api.w.org\/{rel}","templated":true}]}}