{"id":18719,"date":"2021-05-10T21:34:54","date_gmt":"2021-05-11T00:34:54","guid":{"rendered":"https:\/\/justicapotiguar.com.br\/?p=18719"},"modified":"2021-05-10T21:35:16","modified_gmt":"2021-05-11T00:35:16","slug":"desembargadorgilson-barbosa-se-licencia-por-30-dias-da-presidencia-do-tre-rn-claudio-santos-assume","status":"publish","type":"post","link":"https:\/\/justicapotiguar.com.br\/index.php\/2021\/05\/10\/desembargadorgilson-barbosa-se-licencia-por-30-dias-da-presidencia-do-tre-rn-claudio-santos-assume\/","title":{"rendered":"Desembargador Gilson Barbosa se licencia por 30 dias da presid\u00eancia do TRE-RN; Cl\u00e1udio Santos assume"},"content":{"rendered":"\n<figure class=\"wp-block-image size-large\"><img loading=\"lazy\" width=\"414\" height=\"263\" src=\"https:\/\/justicapotiguar.com.br\/wp-content\/uploads\/2020\/09\/claudio-santos.jpeg\" alt=\"\" class=\"wp-image-13114\" srcset=\"https:\/\/justicapotiguar.com.br\/wp-content\/uploads\/2020\/09\/claudio-santos.jpeg 414w, https:\/\/justicapotiguar.com.br\/wp-content\/uploads\/2020\/09\/claudio-santos-300x191.jpeg 300w\" sizes=\"(max-width: 414px) 100vw, 414px\" \/><figcaption>Reprodu\u00e7\u00e3o<\/figcaption><\/figure>\n\n\n\n<p>O presidente do Tribunal Regional Eleitoral (TRE-RN), desembargador Gilson Barbosa comunicou o seu afastamento da Presid\u00eancia da Corte pelo per\u00edodo de 30 dias para tratamento de sa\u00fade, ap\u00f3s ter sofrido um infarto na \u00faltima sexta-feira.<\/p><div class=\"qyftm69f047bee079c\" ><!--<a href=\"https:\/\/bit.ly\/3QdrqTZ\" target=\"_blank\">\n<img src=\"https:\/\/justicapotiguar.com.br\/wp-content\/uploads\/2023\/09\/mobile-geral.gif\"\/><a\/>--><\/div><style type=\"text\/css\">\r\n.qyftm69f047bee079c {\r\ntext-align: center;\r\n}\r\n@media screen and (min-width: 1201px) {\r\n.qyftm69f047bee079c {\r\ndisplay: none;\r\n}\r\n}\r\n@media screen and (min-width: 993px) and (max-width: 1200px) {\r\n.qyftm69f047bee079c {\r\ndisplay: none;\r\n}\r\n}\r\n@media screen and (min-width: 769px) and (max-width: 992px) {\r\n.qyftm69f047bee079c {\r\ndisplay: none;\r\n}\r\n}\r\n@media screen and (min-width: 768px) and (max-width: 768px) {\r\n.qyftm69f047bee079c {\r\ndisplay: block;\r\n}\r\n}\r\n@media screen and (max-width: 767px) {\r\n.qyftm69f047bee079c {\r\ndisplay: block;\r\n}\r\n}\r\n<\/style>\r\n<div class=\"icvoq69f047bee0781\" ><!--<a href=\"https:\/\/bit.ly\/3QdrqTZ\" target=\"_blank\">\n<img src=\"https:\/\/justicapotiguar.com.br\/wp-content\/uploads\/2023\/09\/desktop-geral.gif\"\/><a\/>--><\/div><style type=\"text\/css\">\r\n.icvoq69f047bee0781 {\r\ntext-align: center;\nmargin-bottom: 1em;\r\n}\r\n@media screen and (min-width: 1201px) {\r\n.icvoq69f047bee0781 {\r\ndisplay: block;\r\n}\r\n}\r\n@media screen and (min-width: 993px) and (max-width: 1200px) {\r\n.icvoq69f047bee0781 {\r\ndisplay: block;\r\n}\r\n}\r\n@media screen and (min-width: 769px) and (max-width: 992px) {\r\n.icvoq69f047bee0781 {\r\ndisplay: block;\r\n}\r\n}\r\n@media screen and (min-width: 768px) and (max-width: 768px) {\r\n.icvoq69f047bee0781 {\r\ndisplay: none;\r\n}\r\n}\r\n@media screen and (max-width: 767px) {\r\n.icvoq69f047bee0781 {\r\ndisplay: none;\r\n}\r\n}\r\n<\/style>\r\n\n\n\n\n<p>No per\u00edodo, o vice-presidente desembargador Cl\u00e1udio Santos ficar\u00e1 a frente do TRE.<\/p>\n","protected":false},"excerpt":{"rendered":"<p>O presidente do Tribunal Regional Eleitoral (TRE-RN), desembargador Gilson Barbosa comunicou o seu afastamento da Presid\u00eancia da Corte pelo per\u00edodo de 30 dias para tratamento de sa\u00fade, ap\u00f3s ter sofrido um infarto na \u00faltima sexta-feira. No per\u00edodo, o vice-presidente desembargador Cl\u00e1udio Santos ficar\u00e1 a frente do TRE.<br \/><a class=\"more-link\" href=\"https:\/\/justicapotiguar.com.br\/index.php\/2021\/05\/10\/desembargadorgilson-barbosa-se-licencia-por-30-dias-da-presidencia-do-tre-rn-claudio-santos-assume\/\">Mais&#8230;<\/a><\/p>\n","protected":false},"author":5,"featured_media":13114,"comment_status":"open","ping_status":"open","sticky":false,"template":"","format":"standard","meta":[],"categories":[3],"tags":[],"_links":{"self":[{"href":"https:\/\/justicapotiguar.com.br\/index.php\/wp-json\/wp\/v2\/posts\/18719"}],"collection":[{"href":"https:\/\/justicapotiguar.com.br\/index.php\/wp-json\/wp\/v2\/posts"}],"about":[{"href":"https:\/\/justicapotiguar.com.br\/index.php\/wp-json\/wp\/v2\/types\/post"}],"author":[{"embeddable":true,"href":"https:\/\/justicapotiguar.com.br\/index.php\/wp-json\/wp\/v2\/users\/5"}],"replies":[{"embeddable":true,"href":"https:\/\/justicapotiguar.com.br\/index.php\/wp-json\/wp\/v2\/comments?post=18719"}],"version-history":[{"count":3,"href":"https:\/\/justicapotiguar.com.br\/index.php\/wp-json\/wp\/v2\/posts\/18719\/revisions"}],"predecessor-version":[{"id":18722,"href":"https:\/\/justicapotiguar.com.br\/index.php\/wp-json\/wp\/v2\/posts\/18719\/revisions\/18722"}],"wp:featuredmedia":[{"embeddable":true,"href":"https:\/\/justicapotiguar.com.br\/index.php\/wp-json\/wp\/v2\/media\/13114"}],"wp:attachment":[{"href":"https:\/\/justicapotiguar.com.br\/index.php\/wp-json\/wp\/v2\/media?parent=18719"}],"wp:term":[{"taxonomy":"category","embeddable":true,"href":"https:\/\/justicapotiguar.com.br\/index.php\/wp-json\/wp\/v2\/categories?post=18719"},{"taxonomy":"post_tag","embeddable":true,"href":"https:\/\/justicapotiguar.com.br\/index.php\/wp-json\/wp\/v2\/tags?post=18719"}],"curies":[{"name":"wp","href":"https:\/\/api.w.org\/{rel}","templated":true}]}}