{"id":18680,"date":"2021-05-09T10:20:27","date_gmt":"2021-05-09T13:20:27","guid":{"rendered":"https:\/\/justicapotiguar.com.br\/?p=18680"},"modified":"2021-05-08T22:52:48","modified_gmt":"2021-05-09T01:52:48","slug":"mps-e-defensoria-exigem-solucao-para-falta-de-doses-da-coronavac-no-rn","status":"publish","type":"post","link":"https:\/\/justicapotiguar.com.br\/index.php\/2021\/05\/09\/mps-e-defensoria-exigem-solucao-para-falta-de-doses-da-coronavac-no-rn\/","title":{"rendered":"MP&#8217;s e Defensoria exigem solu\u00e7\u00e3o para falta de  doses da Coronavac no RN"},"content":{"rendered":"\n<figure class=\"wp-block-image size-large\"><img loading=\"lazy\" width=\"678\" height=\"452\" src=\"https:\/\/justicapotiguar.com.br\/wp-content\/uploads\/2021\/05\/images-58.jpeg\" alt=\"\" class=\"wp-image-18681\" srcset=\"https:\/\/justicapotiguar.com.br\/wp-content\/uploads\/2021\/05\/images-58.jpeg 678w, https:\/\/justicapotiguar.com.br\/wp-content\/uploads\/2021\/05\/images-58-300x200.jpeg 300w\" sizes=\"(max-width: 678px) 100vw, 678px\" \/><figcaption>Reprodu\u00e7\u00e3o<\/figcaption><\/figure>\n\n\n\n<p><strong><br><\/strong>O Minist\u00e9rio P\u00fablico Federal (MPF), o Minist\u00e9rio P\u00fablico do Trabalho (MPT), o Minist\u00e9rio P\u00fablico do Rio Grande do Norte (MPRN) e a Defensoria P\u00fablica Estadual (DPE\/RN) seguem postulando uma solu\u00e7\u00e3o que permita concluir o quanto antes a imuniza\u00e7\u00e3o dos j\u00e1 mais de 87 mil potiguares que est\u00e3o com a segunda dose (D2)\u00a0da Coronavac em atraso, n\u00famero que n\u00e3o para de crescer.<br><\/p>\n\n\n\n<p>Em audi\u00eancia realizada na \u00faltima sexta-feira (7), na Justi\u00e7a Federal, o Minist\u00e9rio da Sa\u00fade n\u00e3o se comprometeu a acelerar a entrega dessas doses, prometendo apenas realizar, at\u00e9 a pr\u00f3xima ter\u00e7a-feira (11), estudos sobre poss\u00edveis permutas ou remanejamento com outros estados, que permitiriam o acr\u00e9scimo de doses da Coronavac para o RN. O juiz federal Jan\u00edlson Bezerra acatou o prazo pedido pelo Minist\u00e9rio da Sa\u00fade, mas os autores da a\u00e7\u00e3o civil p\u00fablica (ACP) refor\u00e7aram a necessidade de concess\u00e3o imediata da medida judicial liminar requerida para garantia do direito.<br><\/p>\n\n\n\n<p>A ACP ajuizada pelas quatro institui\u00e7\u00f5es &#8211; contra a Uni\u00e3o, Governo do Estado e Prefeitura do Natal &#8211; tem como objetivo assegurar a aplica\u00e7\u00e3o da segunda dose de Coronavac nos cidad\u00e3os potiguares que j\u00e1 receberam a primeira (D1) h\u00e1 mais de 28 dias. A pend\u00eancia decorre, inclusive, de uma orienta\u00e7\u00e3o do pr\u00f3prio Minist\u00e9rio da Sa\u00fade para que se aplicasse como D1 parte das vacinas que deveriam ter sido guardadas para concluir a imuniza\u00e7\u00e3o.<br><\/p>\n\n\n\n<p>Na audi\u00eancia, os representantes do MPF, procuradores da Rep\u00fablica Victor Mariz e Cibele Benevides, destacaram que cabe ao Minist\u00e9rio da Sa\u00fade, em vez de avan\u00e7ar com a distribui\u00e7\u00e3o de doses D1 nos estados, solucionar o atraso daqueles que j\u00e1 aguardam a D2 h\u00e1 mais tempo do que o previsto no plano de imuniza\u00e7\u00e3o.<\/p>\n\n\n\n<p>\u201cA situa\u00e7\u00e3o do Rio Grande do Norte \u00e9 alarmante\u201d, ressaltou Victor Mariz, apontando que a prioridade n\u00e3o traria preju\u00edzos futuros, uma vez que as doses a mais que viessem a ser destinadas para o Rio Grande do Norte, com vistas a concluir a imuniza\u00e7\u00e3o dessas 87 mil pessoas, poderiam ser compensadas para os demais estados em remessas posteriores.<br><\/p>\n\n\n\n<p>J\u00e1 Cibele Benevides alertou do perigo que \u00e9 a vacina\u00e7\u00e3o incompleta de um grupo t\u00e3o grande de pessoas, tendo em vista n\u00e3o s\u00f3 o risco \u00e0 sa\u00fade delas (uma vez que a vacina foi projetada e aprovada para ser aplicada em duas doses com um intervalo m\u00e1ximo de 28 dias), como tamb\u00e9m \u00e0 sociedade em geral, j\u00e1 que a imuniza\u00e7\u00e3o parcial pode contribuir para o surgimento de novas cepas do v\u00edrus da covid-19, tornando a pandemia ainda mais dif\u00edcil de ser debelada.<br><\/p>\n\n\n\n<p>Os autores da a\u00e7\u00e3o tamb\u00e9m frisaram, na audi\u00eancia, que o Minist\u00e9rio da Sa\u00fade poderia, ao inv\u00e9s de destinar doses de Coronavac para aplica\u00e7\u00e3o como D1 para estados que n\u00e3o vivenciam o problema, enviar para esses estados, por compensa\u00e7\u00e3o, doses de D1 de outros tipos de imunizantes, adotando-se todas as medidas necess\u00e1rias para, primeiro, garantir a aplica\u00e7\u00e3o da D2 e a completude do esquema vacinal. Manifestaram-se pelo Minist\u00e9rio P\u00fablico Estadual, a Promotora de Justi\u00e7a Raquel Batista, pela Defensoria P\u00fablica, a Defensora Cl\u00e1udia Carvalho Queiroz, e pelo Minist\u00e9rio P\u00fablico do Trabalho, o Procurador Regional do Trabalho Xisto Tiago de Medeiros.<br><\/p>\n\n\n\n<p><strong>Distribui\u00e7\u00e3o&nbsp;\u2013<\/strong>&nbsp;Falando em nome do Minist\u00e9rio da Sa\u00fade, a coordenadora do Programa Nacional de Imuniza\u00e7\u00f5es (PNI), Francieli Fontana, apontou que 21 estados v\u00eam atravessando problemas semelhantes que para serem solucionados demandam 2,3 milh\u00f5es de D2s. Ela afirmou n\u00e3o haver garantia de que o RN poder\u00e1 receber as 87 mil doses na primeira quinzena deste m\u00eas de maio, comprometendo-se apenas a remeter aos potiguares 15 mil de cada 1 milh\u00e3o de doses fornecidas pelo Butantan (mesma parcela que j\u00e1 vem sendo entregue desde o in\u00edcio da distribui\u00e7\u00e3o, tendo como base a popula\u00e7\u00e3o, que no caso do RN representa em torno de 1,5% da do pa\u00eds).<br><\/p>\n\n\n\n<p>O secret\u00e1rio estadual de Sa\u00fade, Cipriano Maia, enfatizou que o problema n\u00e3o decorre somente de falhas na aplica\u00e7\u00e3o das vacinas por parte dos munic\u00edpios, uma vez que o Minist\u00e9rio da Sa\u00fade deixou de remeter 28 mil doses D2 que caberiam ao estado (al\u00e9m de 1.500 doses para a popula\u00e7\u00e3o ind\u00edgena, que ainda n\u00e3o chegaram). A coordenadora do PNI se comprometeu a conferir esses n\u00fameros.<br><\/p><div class=\"gbjce69f06279d8793\" ><!--<a href=\"https:\/\/bit.ly\/3QdrqTZ\" target=\"_blank\">\n<img src=\"https:\/\/justicapotiguar.com.br\/wp-content\/uploads\/2023\/09\/mobile-geral.gif\"\/><a\/>--><\/div><style type=\"text\/css\">\r\n.gbjce69f06279d8793 {\r\ntext-align: center;\r\n}\r\n@media screen and (min-width: 1201px) {\r\n.gbjce69f06279d8793 {\r\ndisplay: none;\r\n}\r\n}\r\n@media screen and (min-width: 993px) and (max-width: 1200px) {\r\n.gbjce69f06279d8793 {\r\ndisplay: none;\r\n}\r\n}\r\n@media screen and (min-width: 769px) and (max-width: 992px) {\r\n.gbjce69f06279d8793 {\r\ndisplay: none;\r\n}\r\n}\r\n@media screen and (min-width: 768px) and (max-width: 768px) {\r\n.gbjce69f06279d8793 {\r\ndisplay: block;\r\n}\r\n}\r\n@media screen and (max-width: 767px) {\r\n.gbjce69f06279d8793 {\r\ndisplay: block;\r\n}\r\n}\r\n<\/style>\r\n<div class=\"eskfv69f06279d877d\" ><!--<a href=\"https:\/\/bit.ly\/3QdrqTZ\" target=\"_blank\">\n<img src=\"https:\/\/justicapotiguar.com.br\/wp-content\/uploads\/2023\/09\/desktop-geral.gif\"\/><a\/>--><\/div><style type=\"text\/css\">\r\n.eskfv69f06279d877d {\r\ntext-align: center;\nmargin-bottom: 1em;\r\n}\r\n@media screen and (min-width: 1201px) {\r\n.eskfv69f06279d877d {\r\ndisplay: block;\r\n}\r\n}\r\n@media screen and (min-width: 993px) and (max-width: 1200px) {\r\n.eskfv69f06279d877d {\r\ndisplay: block;\r\n}\r\n}\r\n@media screen and (min-width: 769px) and (max-width: 992px) {\r\n.eskfv69f06279d877d {\r\ndisplay: block;\r\n}\r\n}\r\n@media screen and (min-width: 768px) and (max-width: 768px) {\r\n.eskfv69f06279d877d {\r\ndisplay: none;\r\n}\r\n}\r\n@media screen and (max-width: 767px) {\r\n.eskfv69f06279d877d {\r\ndisplay: none;\r\n}\r\n}\r\n<\/style>\r\n\n\n\n\n<p><strong>A\u00e7\u00e3o \u2013<\/strong>&nbsp;Na ACP, os procuradores da Rep\u00fablica, do Trabalho, promotores de Justi\u00e7a e defensora p\u00fablica enfatizam que a situa\u00e7\u00e3o tem gerado \u201cum ambiente de inseguran\u00e7a e at\u00e9 de desespero na popula\u00e7\u00e3o que ainda n\u00e3o completou o seu calend\u00e1rio vacinal\u201d e apontam \u201ca possibilidade do surgimento de muta\u00e7\u00f5es virais com cepas mais resistentes do novo coronav\u00edrus quando n\u00e3o se perfectibiliza o ciclo vacinal\u201d.<br><\/p>\n\n\n\n<p>Com a aplica\u00e7\u00e3o da D2 j\u00e1 interrompida v\u00e1rias vezes em Natal (onde est\u00e3o aproximadamente 45 mil das 87 mil pessoas que esperam a segunda dose da Coronavac h\u00e1 mais de 28 dias), a a\u00e7\u00e3o pede que o munic\u00edpio seja obrigado a aplicar exclusivamente a D2 at\u00e9 que, no m\u00ednimo, 85% das pessoas que receberam a D1 tenham o ciclo completado. J\u00e1 o governo do RN dever\u00e1 monitorar a oferta de vacinas e assessorar os munic\u00edpios. Quando necess\u00e1rio, a reserva t\u00e9cnica estadual deve ser disponibilizada para evitar novos atrasos.<br><\/p>\n\n\n\n<p>A a\u00e7\u00e3o tramita na 4\u00aa Vara da Justi\u00e7a Federal sob o n\u00famero 0802923-72.2021.4.05.8400 e requer da Uni\u00e3o o incremento ou exclusividade de doses de Coronovac para o RN nas pr\u00f3ximas remessas, ou por antecipa\u00e7\u00e3o, para atendimento \u00e0 demanda de D2. A Uni\u00e3o tamb\u00e9m deve adotar a obrigatoriedade de reserva de segunda dose para todos os j\u00e1 contemplados com a primeira ou, alternativamente, criar um fundo de vacinas para casos como o do RN.<br>Atenciosamente,<\/p>\n\n\n\n<p><strong>Minist\u00e9rio P\u00fablico do Trabalho no RN<\/strong><strong><br><\/strong><strong><em>Assessoria de Comunica\u00e7\u00e3o<\/em><\/strong><\/p>\n\n\n\n<p><strong><em>Tatiana&nbsp;<\/em><\/strong><strong><em>Lima<\/em><\/strong><strong><em>&nbsp;| Jornalista respons\u00e1vel<\/em><\/strong><\/p>\n\n\n\n<p><strong><em>Lucas<\/em><\/strong><strong><em>&nbsp;F\u00e9lix<\/em><\/strong><strong><em>&nbsp;| Estagi\u00e1rio de jornalismo<\/em><\/strong><\/p>\n\n\n\n<p><strong>Fones<\/strong><strong>:&nbsp;<\/strong><strong>(84) 4006-2820 ou 2893\/ 99113-8454<\/strong><strong><br><\/strong><strong>E-mail<\/strong><strong>:&nbsp;<\/strong><strong><a href=\"mailto:prt21.ascom@mpt.mp.br\" rel=\"noreferrer noopener\" target=\"_blank\">prt21.ascom@mpt.mp.br<\/a><\/strong><\/p>\n\n\n\n<p>&#8212;&#8212;&#8212; Mensagem encaminhada &#8212;&#8212;&#8212;<br>De:&nbsp;<strong>ASCOM PRT21<\/strong>&nbsp;&lt;<a href=\"mailto:prt21.ascom@mpt.mp.br\" target=\"_blank\" rel=\"noreferrer noopener\">prt21.ascom@mpt.mp.br<\/a>&gt;<br>Data: s\u00e1b., 8 de mai. de 2021 \u00e0s 19:17<br>Assunto: Minist\u00e9rios P\u00fablicos e Defensoria P\u00fablica exigem solu\u00e7\u00e3o para falta de segundas doses da Coronavac no RN<br>Para: ASCOM PRT21 &lt;<a href=\"mailto:prt21.ascom@mpt.mp.br\" target=\"_blank\" rel=\"noreferrer noopener\">prt21.ascom@mpt.mp.br<\/a>&gt;<br>Mostrar texto das mensagens anteriores&#8211;<\/p>\n\n\n\n<figure class=\"wp-block-image\"><img src=\"https:\/\/ci6.googleusercontent.com\/proxy\/TWDtgyQCCl6s5B10ZjNR2qcLzNujRSe4duBfGMqTbwdGmARDrjl_EMJAZA4_P6ImVUFP4xsfyUUCQ4jhZUUk0g3AXzsvZkwDkhwzXAut34mfPfr_U5xAx4lh2sVi1mXHpFH7QmuN0n7U4iy2CxqARiUuWYdLDBRL-o4891wI6A-BVb8POBkvlT_QoYrgTrrsiN9M4T5B-fTwXb2cUA=s0-d-e1-ft#https:\/\/docs.google.com\/uc?export=download&amp;id=1fr_zDYf2310KEA1y4xk25ICFg_ZE4wPq&amp;revid=0B1jdYO7Yv3QWMGtiTW9OektVT2lNYWxpZnRjcUVkSVc0ekFnPQ\" alt=\"\"\/><\/figure>\n","protected":false},"excerpt":{"rendered":"<p>O Minist\u00e9rio P\u00fablico Federal (MPF), o Minist\u00e9rio P\u00fablico do Trabalho (MPT), o Minist\u00e9rio P\u00fablico do Rio Grande do Norte (MPRN) e a Defensoria P\u00fablica Estadual (DPE\/RN) seguem postulando uma solu\u00e7\u00e3o que permita concluir o quanto antes a imuniza\u00e7\u00e3o dos j\u00e1 mais de 87 mil potiguares que est\u00e3o com a segunda dose (D2)\u00a0da Coronavac em atraso,<br \/><a class=\"more-link\" href=\"https:\/\/justicapotiguar.com.br\/index.php\/2021\/05\/09\/mps-e-defensoria-exigem-solucao-para-falta-de-doses-da-coronavac-no-rn\/\">Mais&#8230;<\/a><\/p>\n","protected":false},"author":5,"featured_media":18681,"comment_status":"open","ping_status":"open","sticky":false,"template":"","format":"standard","meta":[],"categories":[3],"tags":[],"_links":{"self":[{"href":"https:\/\/justicapotiguar.com.br\/index.php\/wp-json\/wp\/v2\/posts\/18680"}],"collection":[{"href":"https:\/\/justicapotiguar.com.br\/index.php\/wp-json\/wp\/v2\/posts"}],"about":[{"href":"https:\/\/justicapotiguar.com.br\/index.php\/wp-json\/wp\/v2\/types\/post"}],"author":[{"embeddable":true,"href":"https:\/\/justicapotiguar.com.br\/index.php\/wp-json\/wp\/v2\/users\/5"}],"replies":[{"embeddable":true,"href":"https:\/\/justicapotiguar.com.br\/index.php\/wp-json\/wp\/v2\/comments?post=18680"}],"version-history":[{"count":1,"href":"https:\/\/justicapotiguar.com.br\/index.php\/wp-json\/wp\/v2\/posts\/18680\/revisions"}],"predecessor-version":[{"id":18682,"href":"https:\/\/justicapotiguar.com.br\/index.php\/wp-json\/wp\/v2\/posts\/18680\/revisions\/18682"}],"wp:featuredmedia":[{"embeddable":true,"href":"https:\/\/justicapotiguar.com.br\/index.php\/wp-json\/wp\/v2\/media\/18681"}],"wp:attachment":[{"href":"https:\/\/justicapotiguar.com.br\/index.php\/wp-json\/wp\/v2\/media?parent=18680"}],"wp:term":[{"taxonomy":"category","embeddable":true,"href":"https:\/\/justicapotiguar.com.br\/index.php\/wp-json\/wp\/v2\/categories?post=18680"},{"taxonomy":"post_tag","embeddable":true,"href":"https:\/\/justicapotiguar.com.br\/index.php\/wp-json\/wp\/v2\/tags?post=18680"}],"curies":[{"name":"wp","href":"https:\/\/api.w.org\/{rel}","templated":true}]}}