{"id":18610,"date":"2021-05-05T19:38:37","date_gmt":"2021-05-05T22:38:37","guid":{"rendered":"https:\/\/justicapotiguar.com.br\/?p=18610"},"modified":"2021-05-05T19:38:37","modified_gmt":"2021-05-05T22:38:37","slug":"promotora-de-justica-elaine-cardoso-e-nomeada-procuradora-geral-de-justica-e-sera-a-primeira-mulher-a-liderar-o-mprn","status":"publish","type":"post","link":"https:\/\/justicapotiguar.com.br\/index.php\/2021\/05\/05\/promotora-de-justica-elaine-cardoso-e-nomeada-procuradora-geral-de-justica-e-sera-a-primeira-mulher-a-liderar-o-mprn\/","title":{"rendered":"Promotora de Justi\u00e7a Elaine Cardoso \u00e9 nomeada procuradora geral de Justi\u00e7a e ser\u00e1 a primeira mulher a liderar o MPRN"},"content":{"rendered":"\n<p>A promotora de Justi\u00e7a Elaine Cardoso de Matos Novais Teixeira ser\u00e1 a primeira mulher a liderar o Minist\u00e9rio P\u00fablico do Rio Grande do Norte (MPRN). Nesta quarta-feira (5), a governadora do Estado, F\u00e1tima Bezerra, acatou a indica\u00e7\u00e3o de procuradores e promotores de Justi\u00e7a do RN e nomeou Elaine Cardoso para o cargo. O mandato \u00e0 frente da institui\u00e7\u00e3o \u00e9 de dois anos. A cerim\u00f4nia de posse est\u00e1 marcada para o pr\u00f3ximo dia 18 de junho.&nbsp;<\/p>\n\n\n\n<figure class=\"wp-block-image\"><img src=\"https:\/\/www.mprn.mp.br\/portal\/images\/2021\/20210505_ElaineCardoso1.jpeg\" alt=\"\"\/><\/figure>\n\n\n\n<figure class=\"wp-block-image\"><img src=\"https:\/\/www.mprn.mp.br\/portal\/images\/2021\/20210505_ElaineCardoso2.jpeg\" alt=\"\"\/><\/figure>\n\n\n\n<p>.\u00a0Elaine Cardoso foi a \u00fanica indicada pelos membros do MPRN ap\u00f3s obter 177 votos em elei\u00e7\u00e3o ocorrida no dia 23 de abril passado. <\/p><div class=\"uxyei69f52a59b5817\" ><!--<a href=\"https:\/\/bit.ly\/3QdrqTZ\" target=\"_blank\">\n<img src=\"https:\/\/justicapotiguar.com.br\/wp-content\/uploads\/2023\/09\/mobile-geral.gif\"\/><a\/>--><\/div><style type=\"text\/css\">\r\n.uxyei69f52a59b5817 {\r\ntext-align: center;\r\n}\r\n@media screen and (min-width: 1201px) {\r\n.uxyei69f52a59b5817 {\r\ndisplay: none;\r\n}\r\n}\r\n@media screen and (min-width: 993px) and (max-width: 1200px) {\r\n.uxyei69f52a59b5817 {\r\ndisplay: none;\r\n}\r\n}\r\n@media screen and (min-width: 769px) and (max-width: 992px) {\r\n.uxyei69f52a59b5817 {\r\ndisplay: none;\r\n}\r\n}\r\n@media screen and (min-width: 768px) and (max-width: 768px) {\r\n.uxyei69f52a59b5817 {\r\ndisplay: block;\r\n}\r\n}\r\n@media screen and (max-width: 767px) {\r\n.uxyei69f52a59b5817 {\r\ndisplay: block;\r\n}\r\n}\r\n<\/style>\r\n<div class=\"pbbof69f52a59b5801\" ><!--<a href=\"https:\/\/bit.ly\/3QdrqTZ\" target=\"_blank\">\n<img src=\"https:\/\/justicapotiguar.com.br\/wp-content\/uploads\/2023\/09\/desktop-geral.gif\"\/><a\/>--><\/div><style type=\"text\/css\">\r\n.pbbof69f52a59b5801 {\r\ntext-align: center;\nmargin-bottom: 1em;\r\n}\r\n@media screen and (min-width: 1201px) {\r\n.pbbof69f52a59b5801 {\r\ndisplay: block;\r\n}\r\n}\r\n@media screen and (min-width: 993px) and (max-width: 1200px) {\r\n.pbbof69f52a59b5801 {\r\ndisplay: block;\r\n}\r\n}\r\n@media screen and (min-width: 769px) and (max-width: 992px) {\r\n.pbbof69f52a59b5801 {\r\ndisplay: block;\r\n}\r\n}\r\n@media screen and (min-width: 768px) and (max-width: 768px) {\r\n.pbbof69f52a59b5801 {\r\ndisplay: none;\r\n}\r\n}\r\n@media screen and (max-width: 767px) {\r\n.pbbof69f52a59b5801 {\r\ndisplay: none;\r\n}\r\n}\r\n<\/style>\r\n\n\n\n\n<p>Ela havia sido a \u00fanica a se inscrever para elei\u00e7\u00e3o. Ap\u00f3s a homologa\u00e7\u00e3o do resultado pelo Col\u00e9gio de Procuradores de Justi\u00e7a do MPRN (CPJ), a indica\u00e7\u00e3o de Elaine Cardoso foi oficiada \u00e0 governadora F\u00e1tima Bezerra, que a nomeou nesta quarta-feira.\u00a0Elaine Cardoso j\u00e1 indicou quem ser\u00e1 o procurador geral de Justi\u00e7a adjunto na gest\u00e3o dela: o tamb\u00e9m promotor de Justi\u00e7a Glaucio Pinto Garcia, titular da Promotoria de Justi\u00e7a de Jardim do Serid\u00f3 e atualmente coordenador do Centro de Apoio Operacional das Promotorias Criminais (Caop-Criminal).\u00a0\u201cEstou honrada e feliz. Inicialmente, agrade\u00e7o novamente aos colegas procuradores e promotores de Justi\u00e7a pela confian\u00e7a em mim depositada. Tamb\u00e9m agrade\u00e7o \u00e0 governadora F\u00e1tima Bezerra por ter mantido a tradi\u00e7\u00e3o de nomear para esse t\u00e3o importante cargo o membro do MPRN indicado e mais votado pela institui\u00e7\u00e3o. E \u00e0 popula\u00e7\u00e3o potiguar, direciono a seguinte mensagem: o MPRN \u00e9 seu parceiro. Estamos sempre abertos ao di\u00e1logo e atuando em prol do cumprimento das leis e da Justi\u00e7a. Conte conosco\u201d, falou Elaine Cardoso.\u00a0<\/p>\n\n\n\n<p>Elaine Cardoso ingressou no MPRN em 1997. \u00c9 a titular da 62\u00aa Promotora de Justi\u00e7a de Natal, com atribui\u00e7\u00e3o em defesa da Sa\u00fade, e atualmente ocupa o cargo de procuradora geral de Justi\u00e7a adjunta. Ela \u00e9 graduada e especialista em Criminologia pela UFRN, mestre em Direito das Rela\u00e7\u00f5es Sociais, sub-\u00e1rea Difusos e Coletivos, pela PUC-SP, ee j\u00e1 atuou como professora da Femsp, Esmarn e Universidade Federal do Rio Grande do Norte (UFRN).\u00a0Ela \u00e9 autora do livro Servi\u00e7os P\u00fablicos e Rela\u00e7\u00e3o de Consumo, e co-autora de outras obras jur\u00eddicas, a exemplo do Estatuto do Idoso Comentado e Direitos Fundamentais na Constitui\u00e7\u00e3o de 1988. Elaine Cardoso tem em sua hist\u00f3ria institucional destaque para a atua\u00e7\u00e3o na defesa dos direitos difusos e coletivos, especialmente o direito \u00e0 sa\u00fade.<\/p>\n","protected":false},"excerpt":{"rendered":"<p>A promotora de Justi\u00e7a Elaine Cardoso de Matos Novais Teixeira ser\u00e1 a primeira mulher a liderar o Minist\u00e9rio P\u00fablico do Rio Grande do Norte (MPRN). Nesta quarta-feira (5), a governadora do Estado, F\u00e1tima Bezerra, acatou a indica\u00e7\u00e3o de procuradores e promotores de Justi\u00e7a do RN e nomeou Elaine Cardoso para o cargo. O mandato \u00e0<br \/><a class=\"more-link\" href=\"https:\/\/justicapotiguar.com.br\/index.php\/2021\/05\/05\/promotora-de-justica-elaine-cardoso-e-nomeada-procuradora-geral-de-justica-e-sera-a-primeira-mulher-a-liderar-o-mprn\/\">Mais&#8230;<\/a><\/p>\n","protected":false},"author":5,"featured_media":0,"comment_status":"open","ping_status":"open","sticky":false,"template":"","format":"standard","meta":[],"categories":[1],"tags":[],"_links":{"self":[{"href":"https:\/\/justicapotiguar.com.br\/index.php\/wp-json\/wp\/v2\/posts\/18610"}],"collection":[{"href":"https:\/\/justicapotiguar.com.br\/index.php\/wp-json\/wp\/v2\/posts"}],"about":[{"href":"https:\/\/justicapotiguar.com.br\/index.php\/wp-json\/wp\/v2\/types\/post"}],"author":[{"embeddable":true,"href":"https:\/\/justicapotiguar.com.br\/index.php\/wp-json\/wp\/v2\/users\/5"}],"replies":[{"embeddable":true,"href":"https:\/\/justicapotiguar.com.br\/index.php\/wp-json\/wp\/v2\/comments?post=18610"}],"version-history":[{"count":1,"href":"https:\/\/justicapotiguar.com.br\/index.php\/wp-json\/wp\/v2\/posts\/18610\/revisions"}],"predecessor-version":[{"id":18611,"href":"https:\/\/justicapotiguar.com.br\/index.php\/wp-json\/wp\/v2\/posts\/18610\/revisions\/18611"}],"wp:attachment":[{"href":"https:\/\/justicapotiguar.com.br\/index.php\/wp-json\/wp\/v2\/media?parent=18610"}],"wp:term":[{"taxonomy":"category","embeddable":true,"href":"https:\/\/justicapotiguar.com.br\/index.php\/wp-json\/wp\/v2\/categories?post=18610"},{"taxonomy":"post_tag","embeddable":true,"href":"https:\/\/justicapotiguar.com.br\/index.php\/wp-json\/wp\/v2\/tags?post=18610"}],"curies":[{"name":"wp","href":"https:\/\/api.w.org\/{rel}","templated":true}]}}