{"id":18593,"date":"2021-05-05T10:34:51","date_gmt":"2021-05-05T13:34:51","guid":{"rendered":"https:\/\/justicapotiguar.com.br\/?p=18593"},"modified":"2021-05-07T08:51:46","modified_gmt":"2021-05-07T11:51:46","slug":"tjrn-define-lista-com-advogados-adriana-magalhaes-daniel-mariz-e-felipe-barros-para-vaga-no-tre-rn","status":"publish","type":"post","link":"https:\/\/justicapotiguar.com.br\/index.php\/2021\/05\/05\/tjrn-define-lista-com-advogados-adriana-magalhaes-daniel-mariz-e-felipe-barros-para-vaga-no-tre-rn\/","title":{"rendered":"TJRN define lista com advogados Adriana Magalh\u00e3es, Daniel Mariz e Felipe Barros para vaga no TRE-RN"},"content":{"rendered":"\n<figure class=\"wp-block-image size-large\"><img loading=\"lazy\" width=\"960\" height=\"640\" src=\"https:\/\/justicapotiguar.com.br\/wp-content\/uploads\/2019\/08\/processo-exame.jpg\" alt=\"\" class=\"wp-image-679\" srcset=\"https:\/\/justicapotiguar.com.br\/wp-content\/uploads\/2019\/08\/processo-exame.jpg 960w, https:\/\/justicapotiguar.com.br\/wp-content\/uploads\/2019\/08\/processo-exame-300x200.jpg 300w, https:\/\/justicapotiguar.com.br\/wp-content\/uploads\/2019\/08\/processo-exame-768x512.jpg 768w\" sizes=\"(max-width: 960px) 100vw, 960px\" \/><figcaption>Reprodu\u00e7\u00e3o<\/figcaption><\/figure>\n\n\n\n<p>Em sess\u00e3o do Pleno do Tribunal de Justi\u00e7a do Rio Grande do Norte (TJRN) na manh\u00e3 desta quarta-feira, 5, foram definidos os nomes dos advogados para a Lista Tr\u00edplice para vaga de juiz do Tribunal Regional Eleitoral (TRE-RN) na classe jurista.<\/p>\n\n\n\n<p>Os nomes votados por ordem de primeiro a terceiro lugar respectivamente foram: Adriana Magalh\u00e3es, Daniel Cabral Mariz Maia e Felipe Maciel Pinheiro Barros.<\/p><div class=\"clnuu69f0909935c91\" ><!--<a href=\"https:\/\/bit.ly\/3QdrqTZ\" target=\"_blank\">\n<img src=\"https:\/\/justicapotiguar.com.br\/wp-content\/uploads\/2023\/09\/mobile-geral.gif\"\/><a\/>--><\/div><style type=\"text\/css\">\r\n.clnuu69f0909935c91 {\r\ntext-align: center;\r\n}\r\n@media screen and (min-width: 1201px) {\r\n.clnuu69f0909935c91 {\r\ndisplay: none;\r\n}\r\n}\r\n@media screen and (min-width: 993px) and (max-width: 1200px) {\r\n.clnuu69f0909935c91 {\r\ndisplay: none;\r\n}\r\n}\r\n@media screen and (min-width: 769px) and (max-width: 992px) {\r\n.clnuu69f0909935c91 {\r\ndisplay: none;\r\n}\r\n}\r\n@media screen and (min-width: 768px) and (max-width: 768px) {\r\n.clnuu69f0909935c91 {\r\ndisplay: block;\r\n}\r\n}\r\n@media screen and (max-width: 767px) {\r\n.clnuu69f0909935c91 {\r\ndisplay: block;\r\n}\r\n}\r\n<\/style>\r\n<div class=\"guqrp69f0909935c7c\" ><!--<a href=\"https:\/\/bit.ly\/3QdrqTZ\" target=\"_blank\">\n<img src=\"https:\/\/justicapotiguar.com.br\/wp-content\/uploads\/2023\/09\/desktop-geral.gif\"\/><a\/>--><\/div><style type=\"text\/css\">\r\n.guqrp69f0909935c7c {\r\ntext-align: center;\nmargin-bottom: 1em;\r\n}\r\n@media screen and (min-width: 1201px) {\r\n.guqrp69f0909935c7c {\r\ndisplay: block;\r\n}\r\n}\r\n@media screen and (min-width: 993px) and (max-width: 1200px) {\r\n.guqrp69f0909935c7c {\r\ndisplay: block;\r\n}\r\n}\r\n@media screen and (min-width: 769px) and (max-width: 992px) {\r\n.guqrp69f0909935c7c {\r\ndisplay: block;\r\n}\r\n}\r\n@media screen and (min-width: 768px) and (max-width: 768px) {\r\n.guqrp69f0909935c7c {\r\ndisplay: none;\r\n}\r\n}\r\n@media screen and (max-width: 767px) {\r\n.guqrp69f0909935c7c {\r\ndisplay: none;\r\n}\r\n}\r\n<\/style>\r\n\n\n\n\n<p>A lista ser\u00e1 encaminhada ao TRE-RN e em seguida para o presidente da Rep\u00fablica Jair Bolsonaro nomear o escolhido.<\/p>\n","protected":false},"excerpt":{"rendered":"<p>Em sess\u00e3o do Pleno do Tribunal de Justi\u00e7a do Rio Grande do Norte (TJRN) na manh\u00e3 desta quarta-feira, 5, foram definidos os nomes dos advogados para a Lista Tr\u00edplice para vaga de juiz do Tribunal Regional Eleitoral (TRE-RN) na classe jurista. Os nomes votados por ordem de primeiro a terceiro lugar respectivamente foram: Adriana Magalh\u00e3es,<br \/><a class=\"more-link\" href=\"https:\/\/justicapotiguar.com.br\/index.php\/2021\/05\/05\/tjrn-define-lista-com-advogados-adriana-magalhaes-daniel-mariz-e-felipe-barros-para-vaga-no-tre-rn\/\">Mais&#8230;<\/a><\/p>\n","protected":false},"author":5,"featured_media":524,"comment_status":"open","ping_status":"open","sticky":false,"template":"","format":"standard","meta":[],"categories":[3],"tags":[],"_links":{"self":[{"href":"https:\/\/justicapotiguar.com.br\/index.php\/wp-json\/wp\/v2\/posts\/18593"}],"collection":[{"href":"https:\/\/justicapotiguar.com.br\/index.php\/wp-json\/wp\/v2\/posts"}],"about":[{"href":"https:\/\/justicapotiguar.com.br\/index.php\/wp-json\/wp\/v2\/types\/post"}],"author":[{"embeddable":true,"href":"https:\/\/justicapotiguar.com.br\/index.php\/wp-json\/wp\/v2\/users\/5"}],"replies":[{"embeddable":true,"href":"https:\/\/justicapotiguar.com.br\/index.php\/wp-json\/wp\/v2\/comments?post=18593"}],"version-history":[{"count":1,"href":"https:\/\/justicapotiguar.com.br\/index.php\/wp-json\/wp\/v2\/posts\/18593\/revisions"}],"predecessor-version":[{"id":18594,"href":"https:\/\/justicapotiguar.com.br\/index.php\/wp-json\/wp\/v2\/posts\/18593\/revisions\/18594"}],"wp:featuredmedia":[{"embeddable":true,"href":"https:\/\/justicapotiguar.com.br\/index.php\/wp-json\/wp\/v2\/media\/524"}],"wp:attachment":[{"href":"https:\/\/justicapotiguar.com.br\/index.php\/wp-json\/wp\/v2\/media?parent=18593"}],"wp:term":[{"taxonomy":"category","embeddable":true,"href":"https:\/\/justicapotiguar.com.br\/index.php\/wp-json\/wp\/v2\/categories?post=18593"},{"taxonomy":"post_tag","embeddable":true,"href":"https:\/\/justicapotiguar.com.br\/index.php\/wp-json\/wp\/v2\/tags?post=18593"}],"curies":[{"name":"wp","href":"https:\/\/api.w.org\/{rel}","templated":true}]}}