{"id":18588,"date":"2021-05-05T09:19:52","date_gmt":"2021-05-05T12:19:52","guid":{"rendered":"https:\/\/justicapotiguar.com.br\/?p=18588"},"modified":"2021-05-04T21:34:15","modified_gmt":"2021-05-05T00:34:15","slug":"felipe-santa-cruz-reage-a-criticas-da-cupula-da-oab-por-partidarismo-e-diz-agir-pela-democracia","status":"publish","type":"post","link":"https:\/\/justicapotiguar.com.br\/index.php\/2021\/05\/05\/felipe-santa-cruz-reage-a-criticas-da-cupula-da-oab-por-partidarismo-e-diz-agir-pela-democracia\/","title":{"rendered":"Felipe Santa Cruz reage a cr\u00edticas da c\u00fapula da OAB por partidarismo e diz &#8220;agir pela democracia&#8221;"},"content":{"rendered":"\n<figure class=\"wp-block-image size-large\"><img loading=\"lazy\" width=\"300\" height=\"210\" src=\"https:\/\/justicapotiguar.com.br\/wp-content\/uploads\/2020\/03\/felipe-santa-cruz16-1.jpeg\" alt=\"\" class=\"wp-image-7580\"\/><figcaption>Reprodu\u00e7\u00e3o<\/figcaption><\/figure>\n\n\n\n<p>O presidente da Ordem dos Advogados do Brasil (OAB), Felipe Santa Cruz, reagiu aos ataques desferidos por membros da diretoria da entidade. Na semana passada, o vice-presidente da Ordem, Luiz Viana, candidato \u00e0 presid\u00eancia da entidade em 2022, encabe\u00e7ou um movimento que divulgou um manifesto contra o presidente da OAB. O texto teve o aval de outros dois integrantes da diretoria e foi endossado por integrantes de seccionais. Segundo o manifesto, \u00e9 preciso &#8220;corrigir rumos&#8221;, a fim de que a OAB se \u201cafaste das disputas pol\u00edtico-partid\u00e1rias\u201d.<\/p>\n\n\n\n<p><br>Santa Cruz nega que tenha agido com interesses pol\u00edticos. \u201cUma tranquilidade que eu tenho \u00e9 a de que eu n\u00e3o tenho um posicionamento pol\u00edtico-partid\u00e1rio. Desafio qualquer pessoa a dizer a que partido eu servi. Tenho uma rela\u00e7\u00e3o de respeito com os partidos, at\u00e9 porque a Ordem tem uma agenda enorme no Legislativo, \u00e9 o foco central deste trabalho.\u201d<br><\/p>\n\n\n\n<p>Sobre as diverg\u00eancias com o presidente Bolsonaro, Santa Cruz acredita que agiu com corre\u00e7\u00e3o. \u201cSou uma pessoa extremamente moderada no trato. Sofri do presidente da Rep\u00fablica talvez a maior agress\u00e3o que uma pessoa pode sofrer. Ele mentiu descaradamente, como costuma fazer. Mentiu sobre a mem\u00f3ria do meu pai (Fernando Santa Cruz) e, a partir da\u00ed, abriu uma campanha de valoriza\u00e7\u00e3o da lembran\u00e7a da mem\u00f3ria da ditadura militar. Qual foi a minha linha de defesa? A defesa da democracia. Quem se recusou a dialogar com a OAB foi o governo, nunca a OAB\u201d, justificou.<\/p>\n\n\n\n<p><br>Felipe Santa Cruz se diz surpreso com a iniciativa do membros de diretoria da OAB. \u201cEstranho que agora, na hora da elei\u00e7\u00e3o (da OAB), eles busquem alian\u00e7a com setores na advocacia que apoiam a Lava-Jato e o governo Bolsonaro, afirmou.<\/p><div class=\"hvwrm69f34cbe9646b\" ><!--<a href=\"https:\/\/bit.ly\/3QdrqTZ\" target=\"_blank\">\n<img src=\"https:\/\/justicapotiguar.com.br\/wp-content\/uploads\/2023\/09\/mobile-geral.gif\"\/><a\/>--><\/div><style type=\"text\/css\">\r\n.hvwrm69f34cbe9646b {\r\ntext-align: center;\r\n}\r\n@media screen and (min-width: 1201px) {\r\n.hvwrm69f34cbe9646b {\r\ndisplay: none;\r\n}\r\n}\r\n@media screen and (min-width: 993px) and (max-width: 1200px) {\r\n.hvwrm69f34cbe9646b {\r\ndisplay: none;\r\n}\r\n}\r\n@media screen and (min-width: 769px) and (max-width: 992px) {\r\n.hvwrm69f34cbe9646b {\r\ndisplay: none;\r\n}\r\n}\r\n@media screen and (min-width: 768px) and (max-width: 768px) {\r\n.hvwrm69f34cbe9646b {\r\ndisplay: block;\r\n}\r\n}\r\n@media screen and (max-width: 767px) {\r\n.hvwrm69f34cbe9646b {\r\ndisplay: block;\r\n}\r\n}\r\n<\/style>\r\n<div class=\"dkilt69f34cbe9644d\" ><!--<a href=\"https:\/\/bit.ly\/3QdrqTZ\" target=\"_blank\">\n<img src=\"https:\/\/justicapotiguar.com.br\/wp-content\/uploads\/2023\/09\/desktop-geral.gif\"\/><a\/>--><\/div><style type=\"text\/css\">\r\n.dkilt69f34cbe9644d {\r\ntext-align: center;\nmargin-bottom: 1em;\r\n}\r\n@media screen and (min-width: 1201px) {\r\n.dkilt69f34cbe9644d {\r\ndisplay: block;\r\n}\r\n}\r\n@media screen and (min-width: 993px) and (max-width: 1200px) {\r\n.dkilt69f34cbe9644d {\r\ndisplay: block;\r\n}\r\n}\r\n@media screen and (min-width: 769px) and (max-width: 992px) {\r\n.dkilt69f34cbe9644d {\r\ndisplay: block;\r\n}\r\n}\r\n@media screen and (min-width: 768px) and (max-width: 768px) {\r\n.dkilt69f34cbe9644d {\r\ndisplay: none;\r\n}\r\n}\r\n@media screen and (max-width: 767px) {\r\n.dkilt69f34cbe9644d {\r\ndisplay: none;\r\n}\r\n}\r\n<\/style>\r\n\n\n\n\n<p><br>Apesar disso, Santa Cruz respeita o movimento. \u201cSou um democrata radical. A gente est\u00e1 a poucos meses de um processo eleitoral, e \u00e9 natural que as pessoas que t\u00eam pretens\u00f5es futuras se apresentem. Acho apenas que esse grupo, em especial, que ficou dois anos na minha diretoria, n\u00e3o se ouviu deles qualquer diverg\u00eancia em reuni\u00f5es, sejam privadas, seja diretamente a mim, em rela\u00e7\u00e3o \u00e0 linha que n\u00f3s v\u00ednhamos adotando\u201d, frisou.<\/p>\n\n\n\n<p><br>Santa Cruz tem como candidato para a sucess\u00e3o o secret\u00e1rio-geral, Beto Simonetti.<\/p>\n\n\n\n<p>Correio Braziliense<\/p>\n","protected":false},"excerpt":{"rendered":"<p>O presidente da Ordem dos Advogados do Brasil (OAB), Felipe Santa Cruz, reagiu aos ataques desferidos por membros da diretoria da entidade. Na semana passada, o vice-presidente da Ordem, Luiz Viana, candidato \u00e0 presid\u00eancia da entidade em 2022, encabe\u00e7ou um movimento que divulgou um manifesto contra o presidente da OAB. O texto teve o aval<br \/><a class=\"more-link\" href=\"https:\/\/justicapotiguar.com.br\/index.php\/2021\/05\/05\/felipe-santa-cruz-reage-a-criticas-da-cupula-da-oab-por-partidarismo-e-diz-agir-pela-democracia\/\">Mais&#8230;<\/a><\/p>\n","protected":false},"author":5,"featured_media":7580,"comment_status":"open","ping_status":"open","sticky":false,"template":"","format":"standard","meta":[],"categories":[3],"tags":[],"_links":{"self":[{"href":"https:\/\/justicapotiguar.com.br\/index.php\/wp-json\/wp\/v2\/posts\/18588"}],"collection":[{"href":"https:\/\/justicapotiguar.com.br\/index.php\/wp-json\/wp\/v2\/posts"}],"about":[{"href":"https:\/\/justicapotiguar.com.br\/index.php\/wp-json\/wp\/v2\/types\/post"}],"author":[{"embeddable":true,"href":"https:\/\/justicapotiguar.com.br\/index.php\/wp-json\/wp\/v2\/users\/5"}],"replies":[{"embeddable":true,"href":"https:\/\/justicapotiguar.com.br\/index.php\/wp-json\/wp\/v2\/comments?post=18588"}],"version-history":[{"count":1,"href":"https:\/\/justicapotiguar.com.br\/index.php\/wp-json\/wp\/v2\/posts\/18588\/revisions"}],"predecessor-version":[{"id":18589,"href":"https:\/\/justicapotiguar.com.br\/index.php\/wp-json\/wp\/v2\/posts\/18588\/revisions\/18589"}],"wp:featuredmedia":[{"embeddable":true,"href":"https:\/\/justicapotiguar.com.br\/index.php\/wp-json\/wp\/v2\/media\/7580"}],"wp:attachment":[{"href":"https:\/\/justicapotiguar.com.br\/index.php\/wp-json\/wp\/v2\/media?parent=18588"}],"wp:term":[{"taxonomy":"category","embeddable":true,"href":"https:\/\/justicapotiguar.com.br\/index.php\/wp-json\/wp\/v2\/categories?post=18588"},{"taxonomy":"post_tag","embeddable":true,"href":"https:\/\/justicapotiguar.com.br\/index.php\/wp-json\/wp\/v2\/tags?post=18588"}],"curies":[{"name":"wp","href":"https:\/\/api.w.org\/{rel}","templated":true}]}}