{"id":18583,"date":"2021-05-04T20:33:54","date_gmt":"2021-05-04T23:33:54","guid":{"rendered":"https:\/\/justicapotiguar.com.br\/?p=18583"},"modified":"2021-05-04T21:15:52","modified_gmt":"2021-05-05T00:15:52","slug":"conselho-de-medicina-pede-na-justica-que-leitos-criados-no-rn-para-combate-a-covid-19-sejam-mantidos-apos-pandemia","status":"publish","type":"post","link":"https:\/\/justicapotiguar.com.br\/index.php\/2021\/05\/04\/conselho-de-medicina-pede-na-justica-que-leitos-criados-no-rn-para-combate-a-covid-19-sejam-mantidos-apos-pandemia\/","title":{"rendered":"Conselho de Medicina pede na Justi\u00e7a que leitos criados no RN para combate a Covid-19 sejam mantidos ap\u00f3s pandemia"},"content":{"rendered":"\n<figure class=\"wp-block-image size-large\"><img loading=\"lazy\" width=\"1024\" height=\"701\" src=\"https:\/\/justicapotiguar.com.br\/wp-content\/uploads\/2021\/05\/IMG-20210504-WA0051-1024x701.jpg\" alt=\"\" class=\"wp-image-18584\" srcset=\"https:\/\/justicapotiguar.com.br\/wp-content\/uploads\/2021\/05\/IMG-20210504-WA0051-1024x701.jpg 1024w, https:\/\/justicapotiguar.com.br\/wp-content\/uploads\/2021\/05\/IMG-20210504-WA0051-300x205.jpg 300w, https:\/\/justicapotiguar.com.br\/wp-content\/uploads\/2021\/05\/IMG-20210504-WA0051-768x525.jpg 768w, https:\/\/justicapotiguar.com.br\/wp-content\/uploads\/2021\/05\/IMG-20210504-WA0051.jpg 1051w\" sizes=\"(max-width: 1024px) 100vw, 1024px\" \/><figcaption>Reprodu\u00e7\u00e3o<\/figcaption><\/figure>\n\n\n\n<p>Tamb\u00e9m foi determinado que o munic\u00edpio de Natal informe sobre qual o n\u00famero de leitos de UTI Covid-19 existe e quais ser\u00e3o revertidos para UTI geral.<\/p>\n\n\n\n<p>Diante da possibilidade do fechamento de leitos de UTI no Rio Grande do Norte, com a diminui\u00e7\u00e3o do n\u00famero de casos de COVID-19, como ocorreu no final da primeira onda, por parte do Estado do Rio Grande do Norte, o Conselho Regional de Medicina do Rio Grande do Norte &#8211; Cremern solicitou nos autos da A\u00e7\u00e3o Civil P\u00fablica, que tramita na 4\u00aa Vara Federal e ajuizada pelo Conselho, que os leitos abertos durante a pandemia fiquem tutelados na referida a\u00e7\u00e3o, o que garantir\u00e1 que o fechamento dos leitos de UTI s\u00f3 ser\u00e1 poss\u00edvel com autoriza\u00e7\u00e3o judicial.<\/p><div class=\"fdfct69f0909935af9\" ><!--<a href=\"https:\/\/bit.ly\/3QdrqTZ\" target=\"_blank\">\n<img src=\"https:\/\/justicapotiguar.com.br\/wp-content\/uploads\/2023\/09\/mobile-geral.gif\"\/><a\/>--><\/div><style type=\"text\/css\">\r\n.fdfct69f0909935af9 {\r\ntext-align: center;\r\n}\r\n@media screen and (min-width: 1201px) {\r\n.fdfct69f0909935af9 {\r\ndisplay: none;\r\n}\r\n}\r\n@media screen and (min-width: 993px) and (max-width: 1200px) {\r\n.fdfct69f0909935af9 {\r\ndisplay: none;\r\n}\r\n}\r\n@media screen and (min-width: 769px) and (max-width: 992px) {\r\n.fdfct69f0909935af9 {\r\ndisplay: none;\r\n}\r\n}\r\n@media screen and (min-width: 768px) and (max-width: 768px) {\r\n.fdfct69f0909935af9 {\r\ndisplay: block;\r\n}\r\n}\r\n@media screen and (max-width: 767px) {\r\n.fdfct69f0909935af9 {\r\ndisplay: block;\r\n}\r\n}\r\n<\/style>\r\n<div class=\"dlrqv69f0909935ae2\" ><!--<a href=\"https:\/\/bit.ly\/3QdrqTZ\" target=\"_blank\">\n<img src=\"https:\/\/justicapotiguar.com.br\/wp-content\/uploads\/2023\/09\/desktop-geral.gif\"\/><a\/>--><\/div><style type=\"text\/css\">\r\n.dlrqv69f0909935ae2 {\r\ntext-align: center;\nmargin-bottom: 1em;\r\n}\r\n@media screen and (min-width: 1201px) {\r\n.dlrqv69f0909935ae2 {\r\ndisplay: block;\r\n}\r\n}\r\n@media screen and (min-width: 993px) and (max-width: 1200px) {\r\n.dlrqv69f0909935ae2 {\r\ndisplay: block;\r\n}\r\n}\r\n@media screen and (min-width: 769px) and (max-width: 992px) {\r\n.dlrqv69f0909935ae2 {\r\ndisplay: block;\r\n}\r\n}\r\n@media screen and (min-width: 768px) and (max-width: 768px) {\r\n.dlrqv69f0909935ae2 {\r\ndisplay: none;\r\n}\r\n}\r\n@media screen and (max-width: 767px) {\r\n.dlrqv69f0909935ae2 {\r\ndisplay: none;\r\n}\r\n}\r\n<\/style>\r\n\n\n\n\n<p><br>Vale lembrar que atrav\u00e9s da a\u00e7\u00e3o do Cremern, 135 novos leitos de UTI foram abertos nos \u00faltimos anos. A A\u00e7\u00e3o Civil P\u00fablica (Processo: 0004715-12.2021.4.05.8400) existe desde 2012 e neste per\u00edodo muitas negocia\u00e7\u00f5es aconteceram com v\u00e1rios governos.<\/p>\n\n\n\n<p><br>Nesta ter\u00e7a-feira (04), durante audi\u00eancia, a Ju\u00edza Gisele Leite determinou que o Governo do Estado apresente informa\u00e7\u00f5es sobre o que pretende reverter de UTI Covid-19 para UTI geral. A magistrada tamb\u00e9m marcou uma nova audi\u00eancia para a manh\u00e3 do pr\u00f3ximo dia 17 de junho, com a finalidade de deliberar sobre o pleito. <\/p>\n","protected":false},"excerpt":{"rendered":"<p>Tamb\u00e9m foi determinado que o munic\u00edpio de Natal informe sobre qual o n\u00famero de leitos de UTI Covid-19 existe e quais ser\u00e3o revertidos para UTI geral. Diante da possibilidade do fechamento de leitos de UTI no Rio Grande do Norte, com a diminui\u00e7\u00e3o do n\u00famero de casos de COVID-19, como ocorreu no final da primeira<br \/><a class=\"more-link\" href=\"https:\/\/justicapotiguar.com.br\/index.php\/2021\/05\/04\/conselho-de-medicina-pede-na-justica-que-leitos-criados-no-rn-para-combate-a-covid-19-sejam-mantidos-apos-pandemia\/\">Mais&#8230;<\/a><\/p>\n","protected":false},"author":5,"featured_media":18584,"comment_status":"open","ping_status":"open","sticky":false,"template":"","format":"standard","meta":[],"categories":[3],"tags":[],"_links":{"self":[{"href":"https:\/\/justicapotiguar.com.br\/index.php\/wp-json\/wp\/v2\/posts\/18583"}],"collection":[{"href":"https:\/\/justicapotiguar.com.br\/index.php\/wp-json\/wp\/v2\/posts"}],"about":[{"href":"https:\/\/justicapotiguar.com.br\/index.php\/wp-json\/wp\/v2\/types\/post"}],"author":[{"embeddable":true,"href":"https:\/\/justicapotiguar.com.br\/index.php\/wp-json\/wp\/v2\/users\/5"}],"replies":[{"embeddable":true,"href":"https:\/\/justicapotiguar.com.br\/index.php\/wp-json\/wp\/v2\/comments?post=18583"}],"version-history":[{"count":1,"href":"https:\/\/justicapotiguar.com.br\/index.php\/wp-json\/wp\/v2\/posts\/18583\/revisions"}],"predecessor-version":[{"id":18585,"href":"https:\/\/justicapotiguar.com.br\/index.php\/wp-json\/wp\/v2\/posts\/18583\/revisions\/18585"}],"wp:featuredmedia":[{"embeddable":true,"href":"https:\/\/justicapotiguar.com.br\/index.php\/wp-json\/wp\/v2\/media\/18584"}],"wp:attachment":[{"href":"https:\/\/justicapotiguar.com.br\/index.php\/wp-json\/wp\/v2\/media?parent=18583"}],"wp:term":[{"taxonomy":"category","embeddable":true,"href":"https:\/\/justicapotiguar.com.br\/index.php\/wp-json\/wp\/v2\/categories?post=18583"},{"taxonomy":"post_tag","embeddable":true,"href":"https:\/\/justicapotiguar.com.br\/index.php\/wp-json\/wp\/v2\/tags?post=18583"}],"curies":[{"name":"wp","href":"https:\/\/api.w.org\/{rel}","templated":true}]}}