{"id":18578,"date":"2021-05-04T15:56:52","date_gmt":"2021-05-04T18:56:52","guid":{"rendered":"https:\/\/justicapotiguar.com.br\/?p=18578"},"modified":"2021-05-04T14:58:26","modified_gmt":"2021-05-04T17:58:26","slug":"informativo-694-do-stj-de-3-de-maio-de-2021","status":"publish","type":"post","link":"https:\/\/justicapotiguar.com.br\/index.php\/2021\/05\/04\/informativo-694-do-stj-de-3-de-maio-de-2021\/","title":{"rendered":"Informativo 694 do STJ, de 3 de maio de 2021"},"content":{"rendered":"\n<p><strong>Rodrigo Leite | Canal P\u00edlulas Jur\u00eddicas | STF e STJ\u00a0<\/strong>https:\/\/t.me\/pilulasjuridicasSTFSTJ<\/p>\n\n\n\n<figure class=\"wp-block-image size-large\"><img loading=\"lazy\" width=\"680\" height=\"427\" src=\"https:\/\/justicapotiguar.com.br\/wp-content\/uploads\/2020\/03\/7E9BF3BF035A18A1D518A9F6259A03FA1D7E_stj.jpg\" alt=\"\" class=\"wp-image-7439\" srcset=\"https:\/\/justicapotiguar.com.br\/wp-content\/uploads\/2020\/03\/7E9BF3BF035A18A1D518A9F6259A03FA1D7E_stj.jpg 680w, https:\/\/justicapotiguar.com.br\/wp-content\/uploads\/2020\/03\/7E9BF3BF035A18A1D518A9F6259A03FA1D7E_stj-300x188.jpg 300w\" sizes=\"(max-width: 680px) 100vw, 680px\" \/><figcaption>Reprodu\u00e7\u00e3o<\/figcaption><\/figure>\n\n\n\n<figure class=\"wp-block-embed\"><div class=\"wp-block-embed__wrapper\">\nhttps:\/\/t.me\/pilulasjuridicasSTFSTJ\n<\/div><\/figure>\n\n\n\n<p><strong>PRIMEIRA SE\u00c7\u00c3O<\/strong><\/p>\n\n\n\n<p><strong>&#8211; S\u00famula 649 <\/strong>| N\u00e3o incide ICMS sobre o servi\u00e7o de transporte interestadual de mercadorias destinadas ao exterior (aprovada em 28\/04\/2021, DJe 03\/05\/2021).<\/p>\n\n\n\n<p>&#8211; <strong>Repetitivo 1010<\/strong> | Na vig\u00eancia do novo C\u00f3digo Florestal (\u200eLei\u200e \u200en.\u200e \u200e12.651\/2012), a \u200eextens\u00e3o\u200e \u200en\u00e3o\u200e \u200eedific\u00e1vel\u200e \u200enas \u00c1reas de Preserva\u00e7\u00e3o Permanente \u200ede\u200e \u200equalquer\u200e \u200ecurso\u200e \u200ed&#8217;\u00e1gua,\u200e \u200eperene\u200e \u200eou\u200e \u200eintermitente,\u200e \u200eem\u200e \u200etrechos\u200e \u200ecaracterizados\u200e \u200ecomo\u200e \u200e\u00e1rea\u200e \u200eurbana\u200e \u200econsolidada,\u200e \u200edeve\u200e \u200erespeitar\u200e \u200eo\u200e \u200eque\u200e \u200edisciplinado\u200e \u200epelo\u200e seu \u200eart.\u200e \u200e4\u00ba,\u200e \u200e<em>caput<\/em>,\u200e \u200einciso\u200e \u200eI,\u200e \u200eal\u00edneas\u200e \u200e&#8221;a,\u200e \u200eb,\u200e \u200ec,\u200e \u200ed\u200e \u200ee\u200e \u200ee,\u200e \u200ea\u200e \u200efim\u200e \u200ede\u200e \u200eassegurar a \u200emais\u200e \u200eampla\u200e garantia \u200eambiental\u200e \u200ea\u200e \u200eesses\u200e \u200eespa\u00e7os\u200e \u200eterritoriais \u200eespecialmente\u200e \u200eprotegidos e, por conseguinte, \u00e0 coletividade (<strong>REsp 1.770.760\/SC<\/strong>, Tema 1010).<\/p>\n\n\n\n<p>&#8211; <strong>Repetitivo 1050<\/strong> | O eventual pagamento de benef\u00edcio previdenci\u00e1rio na via administrativa, seja ele total ou parcial, ap\u00f3s a cita\u00e7\u00e3o v\u00e1lida, n\u00e3o tem o cond\u00e3o de alterar a base de c\u00e1lculo para os honor\u00e1rios advocat\u00edcios fixados na a\u00e7\u00e3o de conhecimento, que ser\u00e1 composta pela totalidade dos valores devidos (<strong>REsp 1.847.731\/RS<\/strong>, Tema 1050).<\/p>\n\n\n\n<p>&#8211; <strong>Repetitivo 1048<\/strong> | O Imposto de Transmiss\u00e3o Causa Mortis e Doa\u00e7\u00e3o &#8211; ITCDM, referente a doa\u00e7\u00e3o n\u00e3o oportunamente declarada pelo contribuinte ao fisco estadual, a contagem do prazo decadencial tem in\u00edcio no primeiro dia do exerc\u00edcio seguinte \u00e0quele em que o lan\u00e7amento poderia ter sido efetuado, observado o fato gerador, em conformidade com os arts. 144 e 173, I, ambos do CTN (<strong>REsp 1.841.798\/MG<\/strong>, Tema 1048).<\/p>\n\n\n\n<p><strong>SEGUNDA SE\u00c7\u00c3O<\/strong><\/p>\n\n\n\n<p>&#8211; <strong>Repetitivo 948<\/strong> | Em a\u00e7\u00e3o civil p\u00fablica proposta por associa\u00e7\u00e3o, na condi\u00e7\u00e3o de substituta processual, possuem legitimidade para a liquida\u00e7\u00e3o e execu\u00e7\u00e3o da senten\u00e7a todos os beneficiados pela proced\u00eancia do pedido, independentemente de serem filiados \u00e0 associa\u00e7\u00e3o promovente (<strong>REsp 1.438.263\/SP<\/strong>, Tema 948)<\/p>\n\n\n\n<p>&#8211;<strong> <\/strong>Compete \u00e0 Justi\u00e7a Comum julgar a participa\u00e7\u00e3o de trabalhadores ativos e aposentados no conselho de administra\u00e7\u00e3o de sociedades an\u00f4nimas (<strong>CC 164.709\/MG<\/strong>)<\/p>\n\n\n\n<p><strong>TERCEIRA TURMA<\/strong><\/p><div class=\"rqnpw69f08e5d541ac\" ><!--<a href=\"https:\/\/bit.ly\/3QdrqTZ\" target=\"_blank\">\n<img src=\"https:\/\/justicapotiguar.com.br\/wp-content\/uploads\/2023\/09\/mobile-geral.gif\"\/><a\/>--><\/div><style type=\"text\/css\">\r\n.rqnpw69f08e5d541ac {\r\ntext-align: center;\r\n}\r\n@media screen and (min-width: 1201px) {\r\n.rqnpw69f08e5d541ac {\r\ndisplay: none;\r\n}\r\n}\r\n@media screen and (min-width: 993px) and (max-width: 1200px) {\r\n.rqnpw69f08e5d541ac {\r\ndisplay: none;\r\n}\r\n}\r\n@media screen and (min-width: 769px) and (max-width: 992px) {\r\n.rqnpw69f08e5d541ac {\r\ndisplay: none;\r\n}\r\n}\r\n@media screen and (min-width: 768px) and (max-width: 768px) {\r\n.rqnpw69f08e5d541ac {\r\ndisplay: block;\r\n}\r\n}\r\n@media screen and (max-width: 767px) {\r\n.rqnpw69f08e5d541ac {\r\ndisplay: block;\r\n}\r\n}\r\n<\/style>\r\n<div class=\"mphvk69f08e5d5418b\" ><!--<a href=\"https:\/\/bit.ly\/3QdrqTZ\" target=\"_blank\">\n<img src=\"https:\/\/justicapotiguar.com.br\/wp-content\/uploads\/2023\/09\/desktop-geral.gif\"\/><a\/>--><\/div><style type=\"text\/css\">\r\n.mphvk69f08e5d5418b {\r\ntext-align: center;\nmargin-bottom: 1em;\r\n}\r\n@media screen and (min-width: 1201px) {\r\n.mphvk69f08e5d5418b {\r\ndisplay: block;\r\n}\r\n}\r\n@media screen and (min-width: 993px) and (max-width: 1200px) {\r\n.mphvk69f08e5d5418b {\r\ndisplay: block;\r\n}\r\n}\r\n@media screen and (min-width: 769px) and (max-width: 992px) {\r\n.mphvk69f08e5d5418b {\r\ndisplay: block;\r\n}\r\n}\r\n@media screen and (min-width: 768px) and (max-width: 768px) {\r\n.mphvk69f08e5d5418b {\r\ndisplay: none;\r\n}\r\n}\r\n@media screen and (max-width: 767px) {\r\n.mphvk69f08e5d5418b {\r\ndisplay: none;\r\n}\r\n}\r\n<\/style>\r\n\n\n\n\n<p>&#8211;<strong> <\/strong>\u00c9 inadmiss\u00edvel a declara\u00e7\u00e3o de incapacidade absoluta \u00e0s pessoas com enfermidade ou defici\u00eancia mental (<strong>REsp 1.927.423\/SP<\/strong>)<\/p>\n\n\n\n<p>&#8211; \u00c9 l\u00edcita a exclus\u00e3o, na Sa\u00fade Suplementar, do fornecimento de medicamentos para tratamento domiciliar, salvo os antineopl\u00e1sicos orais (e correlacionados), a medica\u00e7\u00e3o assistida (<em>home care<\/em>) e os inclu\u00eddos no rol da Ag\u00eancia Nacional de Sa\u00fade para esse fim \u2013 <strong>REsp 1.692.938\/SP<\/strong>.&nbsp;<\/p>\n\n\n\n<p>&#8211; A nulidade de neg\u00f3cio jur\u00eddico simulado pode ser reconhecida no julgamento de embargos de terceiros (<strong>REsp 1.927.496\/SP<\/strong>)<\/p>\n\n\n\n<p>&#8211; \u00c9 inadmiss\u00edvel a penhora de ativos financeiros da conta banc\u00e1ria pessoal de terceiro, n\u00e3o integrante da rela\u00e7\u00e3o processual em que se formou o t\u00edtulo executivo, pelo simples fato de ser c\u00f4njuge da parte executada com quem \u00e9 casado sob o regime da comunh\u00e3o parcial de bens (<strong>REsp 1.869.720\/DF<\/strong>)<\/p>\n\n\n\n<p><strong>QUARTA TURMA<\/strong><\/p>\n\n\n\n<p>&#8211; A omiss\u00e3o de socorro \u00e0 v\u00edtima de acidente de tr\u00e2nsito, por si, n\u00e3o configura hip\u00f3tese de dano moral<em> in re ipsa<\/em> (<strong>REsp 1.512.001\/SP<\/strong>)<\/p>\n\n\n\n<p>&#8211; A c\u00e1rtula, contendo todos os requisitos essenciais previstos no art. 2\u00ba, \u00a7 1\u00ba, da Lei das Duplicatas, tem validade e efic\u00e1cia de duplicata, mesmo que n\u00e3o siga rigorosamente as medidas do modelo estabelecido na Resolu\u00e7\u00e3o do Bacen n. 102\/1968 e tenha, tamb\u00e9m, a descri\u00e7\u00e3o da mercadoria objeto da compra e venda e uma fatura da mercadoria objeto da negocia\u00e7\u00e3o (<strong>REsp 1.518.203\/SP<\/strong>)<\/p>\n\n\n\n<p>&#8211; O endosso de duplicata mercantil com aceite a terceiro de boa-f\u00e9, dispensa a necessidade de demonstra\u00e7\u00e3o, pela endossat\u00e1ria, da consuma\u00e7\u00e3o de neg\u00f3cio de compra e venda de mercadorias subjacente (<strong>REsp 1.518.203\/SP<\/strong>)<\/p>\n\n\n\n<p><strong>SEXTA TURMA<\/strong><\/p>\n\n\n\n<p>&#8211; O per\u00edodo de suspens\u00e3o do dever de apresenta\u00e7\u00e3o mensal em ju\u00edzo, em raz\u00e3o da pandemia de Covid-19, pode ser reconhecido como pena efetivamente cumprida (<strong>HC 657.382\/SC<\/strong>)<\/p>\n","protected":false},"excerpt":{"rendered":"<p>Rodrigo Leite | Canal P\u00edlulas Jur\u00eddicas | STF e STJ\u00a0https:\/\/t.me\/pilulasjuridicasSTFSTJ PRIMEIRA SE\u00c7\u00c3O &#8211; S\u00famula 649 | N\u00e3o incide ICMS sobre o servi\u00e7o de transporte interestadual de mercadorias destinadas ao exterior (aprovada em 28\/04\/2021, DJe 03\/05\/2021). &#8211; Repetitivo 1010 | Na vig\u00eancia do novo C\u00f3digo Florestal (\u200eLei\u200e \u200en.\u200e \u200e12.651\/2012), a \u200eextens\u00e3o\u200e \u200en\u00e3o\u200e \u200eedific\u00e1vel\u200e \u200enas \u00c1reas de<br \/><a class=\"more-link\" href=\"https:\/\/justicapotiguar.com.br\/index.php\/2021\/05\/04\/informativo-694-do-stj-de-3-de-maio-de-2021\/\">Mais&#8230;<\/a><\/p>\n","protected":false},"author":5,"featured_media":7439,"comment_status":"open","ping_status":"open","sticky":false,"template":"","format":"standard","meta":[],"categories":[3],"tags":[],"_links":{"self":[{"href":"https:\/\/justicapotiguar.com.br\/index.php\/wp-json\/wp\/v2\/posts\/18578"}],"collection":[{"href":"https:\/\/justicapotiguar.com.br\/index.php\/wp-json\/wp\/v2\/posts"}],"about":[{"href":"https:\/\/justicapotiguar.com.br\/index.php\/wp-json\/wp\/v2\/types\/post"}],"author":[{"embeddable":true,"href":"https:\/\/justicapotiguar.com.br\/index.php\/wp-json\/wp\/v2\/users\/5"}],"replies":[{"embeddable":true,"href":"https:\/\/justicapotiguar.com.br\/index.php\/wp-json\/wp\/v2\/comments?post=18578"}],"version-history":[{"count":1,"href":"https:\/\/justicapotiguar.com.br\/index.php\/wp-json\/wp\/v2\/posts\/18578\/revisions"}],"predecessor-version":[{"id":18579,"href":"https:\/\/justicapotiguar.com.br\/index.php\/wp-json\/wp\/v2\/posts\/18578\/revisions\/18579"}],"wp:featuredmedia":[{"embeddable":true,"href":"https:\/\/justicapotiguar.com.br\/index.php\/wp-json\/wp\/v2\/media\/7439"}],"wp:attachment":[{"href":"https:\/\/justicapotiguar.com.br\/index.php\/wp-json\/wp\/v2\/media?parent=18578"}],"wp:term":[{"taxonomy":"category","embeddable":true,"href":"https:\/\/justicapotiguar.com.br\/index.php\/wp-json\/wp\/v2\/categories?post=18578"},{"taxonomy":"post_tag","embeddable":true,"href":"https:\/\/justicapotiguar.com.br\/index.php\/wp-json\/wp\/v2\/tags?post=18578"}],"curies":[{"name":"wp","href":"https:\/\/api.w.org\/{rel}","templated":true}]}}