{"id":18576,"date":"2021-05-04T15:15:55","date_gmt":"2021-05-04T18:15:55","guid":{"rendered":"https:\/\/justicapotiguar.com.br\/?p=18576"},"modified":"2021-05-04T14:46:52","modified_gmt":"2021-05-04T17:46:52","slug":"trt-rn-prorroga-atendimento-telepresencial-2","status":"publish","type":"post","link":"https:\/\/justicapotiguar.com.br\/index.php\/2021\/05\/04\/trt-rn-prorroga-atendimento-telepresencial-2\/","title":{"rendered":"TRT-RN prorroga atendimento telepresencial"},"content":{"rendered":"\n<figure class=\"wp-block-image size-large\"><img loading=\"lazy\" width=\"350\" height=\"230\" src=\"https:\/\/justicapotiguar.com.br\/wp-content\/uploads\/2020\/03\/Fachada-TRT21.jpg\" alt=\"\" class=\"wp-image-7337\" srcset=\"https:\/\/justicapotiguar.com.br\/wp-content\/uploads\/2020\/03\/Fachada-TRT21.jpg 350w, https:\/\/justicapotiguar.com.br\/wp-content\/uploads\/2020\/03\/Fachada-TRT21-300x197.jpg 300w\" sizes=\"(max-width: 350px) 100vw, 350px\" \/><figcaption>Reprodu\u00e7\u00e3o<\/figcaption><\/figure>\n\n\n\n<p>Em reuni\u00e3o realizada na tarde desta segunda-feira (03), com o Comit\u00ea Permanente de Avalia\u00e7\u00e3o de Medidas Preventivas para monitorar e integrar a\u00e7\u00f5es de enfrentamento ao novo coronav\u00edrus (Covid-19), a presid\u00eancia do TRT-RN decidiu manter o atendimento telepresencial ao p\u00fablico, nas unidades judici\u00e1rias e administrativas da capital e do interior do estado, por meio eletr\u00f4nico ou telef\u00f4nico, disponibilizados no site do Tribunal.<\/p>\n\n\n\n<p>A medida foi tomada com base nos dados fornecidos pela equipe do Setor de Assist\u00eancia M\u00e9dico-Odontol\u00f3gica do TRT-RN, que aponta n\u00fameros ainda elevados de atendimento ambulatorial e interna\u00e7\u00f5es pela Covid-19, em todas as regi\u00f5es do estado.<\/p>\n\n\n\n<p>Ficou estabelecida a manuten\u00e7\u00e3o da fase 1 do plano de retomada, com restri\u00e7\u00f5es ao trabalho presencial. Tamb\u00e9m foi determinada a veicula\u00e7\u00e3o de campanha de conscientiza\u00e7\u00e3o do p\u00fablico interno em rela\u00e7\u00e3o ao cont\u00e1gio pelo novo coronav\u00edrus dentro do ambiente familiar.<\/p>\n\n\n\n<p>Ser\u00e3o mantidas as audi\u00eancias de instru\u00e7\u00e3o e concilia\u00e7\u00e3o telepresenciais nas Varas do Trabalho e as sess\u00f5es de julgamento em 2\u00ba grau.<\/p>\n\n\n\n<p>O TRT-RN j\u00e1 realiza todos os seus atos processuais por meio digital, utilizando o sistema de Processo Judicial Eletr\u00f4nico (100% PJe).<\/p>\n\n\n\n<p>A presid\u00eancia do TRT-RN refor\u00e7a a necessidade dos cuidados com a sa\u00fade dos magistrados, servidores, terceirizados, estagi\u00e1rios, advogados e jurisdicionados.<\/p><div class=\"vvnja69f08e5d549f7\" ><!--<a href=\"https:\/\/bit.ly\/3QdrqTZ\" target=\"_blank\">\n<img src=\"https:\/\/justicapotiguar.com.br\/wp-content\/uploads\/2023\/09\/mobile-geral.gif\"\/><a\/>--><\/div><style type=\"text\/css\">\r\n.vvnja69f08e5d549f7 {\r\ntext-align: center;\r\n}\r\n@media screen and (min-width: 1201px) {\r\n.vvnja69f08e5d549f7 {\r\ndisplay: none;\r\n}\r\n}\r\n@media screen and (min-width: 993px) and (max-width: 1200px) {\r\n.vvnja69f08e5d549f7 {\r\ndisplay: none;\r\n}\r\n}\r\n@media screen and (min-width: 769px) and (max-width: 992px) {\r\n.vvnja69f08e5d549f7 {\r\ndisplay: none;\r\n}\r\n}\r\n@media screen and (min-width: 768px) and (max-width: 768px) {\r\n.vvnja69f08e5d549f7 {\r\ndisplay: block;\r\n}\r\n}\r\n@media screen and (max-width: 767px) {\r\n.vvnja69f08e5d549f7 {\r\ndisplay: block;\r\n}\r\n}\r\n<\/style>\r\n<div class=\"kirwp69f08e5d549db\" ><!--<a href=\"https:\/\/bit.ly\/3QdrqTZ\" target=\"_blank\">\n<img src=\"https:\/\/justicapotiguar.com.br\/wp-content\/uploads\/2023\/09\/desktop-geral.gif\"\/><a\/>--><\/div><style type=\"text\/css\">\r\n.kirwp69f08e5d549db {\r\ntext-align: center;\nmargin-bottom: 1em;\r\n}\r\n@media screen and (min-width: 1201px) {\r\n.kirwp69f08e5d549db {\r\ndisplay: block;\r\n}\r\n}\r\n@media screen and (min-width: 993px) and (max-width: 1200px) {\r\n.kirwp69f08e5d549db {\r\ndisplay: block;\r\n}\r\n}\r\n@media screen and (min-width: 769px) and (max-width: 992px) {\r\n.kirwp69f08e5d549db {\r\ndisplay: block;\r\n}\r\n}\r\n@media screen and (min-width: 768px) and (max-width: 768px) {\r\n.kirwp69f08e5d549db {\r\ndisplay: none;\r\n}\r\n}\r\n@media screen and (max-width: 767px) {\r\n.kirwp69f08e5d549db {\r\ndisplay: none;\r\n}\r\n}\r\n<\/style>\r\n\n\n\n\n<p><strong>Atendimento ao p\u00fablico<\/strong><\/p>\n\n\n\n<p>O Tribunal Regional do Trabalho da 21\u00aa Regi\u00e3o (TRT-RN) disp\u00f5e do Balc\u00e3o Virtual, servi\u00e7o de atendimento online que garante agilidade e seguran\u00e7a em tempos de pandemia.&nbsp;O Balc\u00e3o Virtual possibilita a comunica\u00e7\u00e3o direta de advogados e jurisdicionado com as unidades judici\u00e1rias da 21\u00aa Regi\u00e3o em tempo real, via plataforma Google Meet.<\/p>\n\n\n\n<p>Para entrar em contato, acesse a&nbsp;<a href=\"https:\/\/www.trt21.jus.br\/balcao-virtual\">p\u00e1gina do Balc\u00e3o Virtual<\/a>&nbsp;no portal do TRT-RN, identifique a unidade judici\u00e1ria de interesse e clique no item correspondente.&nbsp; N\u00e3o \u00e9 necess\u00e1ria nenhuma instala\u00e7\u00e3o.<\/p>\n\n\n\n<p>Se voc\u00ea estiver navegando pelo celular, \u00e9 preciso baixar o aplicativo Google Meet, dispon\u00edvel nas lojas virtuais de qualquer sistema operacional.<\/p>\n\n\n\n<p><strong>Hor\u00e1rio de atendimento do Balc\u00e3o Virtual:<\/strong>&nbsp;segunda a sexta (exceto feriados), das 7h30 \u00e0s 14h30.<\/p>\n","protected":false},"excerpt":{"rendered":"<p>Em reuni\u00e3o realizada na tarde desta segunda-feira (03), com o Comit\u00ea Permanente de Avalia\u00e7\u00e3o de Medidas Preventivas para monitorar e integrar a\u00e7\u00f5es de enfrentamento ao novo coronav\u00edrus (Covid-19), a presid\u00eancia do TRT-RN decidiu manter o atendimento telepresencial ao p\u00fablico, nas unidades judici\u00e1rias e administrativas da capital e do interior do estado, por meio eletr\u00f4nico ou<br \/><a class=\"more-link\" href=\"https:\/\/justicapotiguar.com.br\/index.php\/2021\/05\/04\/trt-rn-prorroga-atendimento-telepresencial-2\/\">Mais&#8230;<\/a><\/p>\n","protected":false},"author":5,"featured_media":10563,"comment_status":"open","ping_status":"open","sticky":false,"template":"","format":"standard","meta":[],"categories":[3],"tags":[],"_links":{"self":[{"href":"https:\/\/justicapotiguar.com.br\/index.php\/wp-json\/wp\/v2\/posts\/18576"}],"collection":[{"href":"https:\/\/justicapotiguar.com.br\/index.php\/wp-json\/wp\/v2\/posts"}],"about":[{"href":"https:\/\/justicapotiguar.com.br\/index.php\/wp-json\/wp\/v2\/types\/post"}],"author":[{"embeddable":true,"href":"https:\/\/justicapotiguar.com.br\/index.php\/wp-json\/wp\/v2\/users\/5"}],"replies":[{"embeddable":true,"href":"https:\/\/justicapotiguar.com.br\/index.php\/wp-json\/wp\/v2\/comments?post=18576"}],"version-history":[{"count":1,"href":"https:\/\/justicapotiguar.com.br\/index.php\/wp-json\/wp\/v2\/posts\/18576\/revisions"}],"predecessor-version":[{"id":18577,"href":"https:\/\/justicapotiguar.com.br\/index.php\/wp-json\/wp\/v2\/posts\/18576\/revisions\/18577"}],"wp:featuredmedia":[{"embeddable":true,"href":"https:\/\/justicapotiguar.com.br\/index.php\/wp-json\/wp\/v2\/media\/10563"}],"wp:attachment":[{"href":"https:\/\/justicapotiguar.com.br\/index.php\/wp-json\/wp\/v2\/media?parent=18576"}],"wp:term":[{"taxonomy":"category","embeddable":true,"href":"https:\/\/justicapotiguar.com.br\/index.php\/wp-json\/wp\/v2\/categories?post=18576"},{"taxonomy":"post_tag","embeddable":true,"href":"https:\/\/justicapotiguar.com.br\/index.php\/wp-json\/wp\/v2\/tags?post=18576"}],"curies":[{"name":"wp","href":"https:\/\/api.w.org\/{rel}","templated":true}]}}