{"id":18571,"date":"2021-05-04T13:08:46","date_gmt":"2021-05-04T16:08:46","guid":{"rendered":"https:\/\/justicapotiguar.com.br\/?p=18571"},"modified":"2021-05-04T13:08:46","modified_gmt":"2021-05-04T16:08:46","slug":"ex-deputado-gilson-moura-e-absolvido-de-acusacao-de-improbidade-administrativa","status":"publish","type":"post","link":"https:\/\/justicapotiguar.com.br\/index.php\/2021\/05\/04\/ex-deputado-gilson-moura-e-absolvido-de-acusacao-de-improbidade-administrativa\/","title":{"rendered":"Ex-deputado Gilson Moura \u00e9 absolvido de acusa\u00e7\u00e3o de improbidade administrativa"},"content":{"rendered":"\n<figure class=\"wp-block-image size-large\"><img loading=\"lazy\" width=\"640\" height=\"457\" src=\"https:\/\/justicapotiguar.com.br\/wp-content\/uploads\/2021\/04\/images-48.jpeg\" alt=\"\" class=\"wp-image-18374\" srcset=\"https:\/\/justicapotiguar.com.br\/wp-content\/uploads\/2021\/04\/images-48.jpeg 640w, https:\/\/justicapotiguar.com.br\/wp-content\/uploads\/2021\/04\/images-48-300x214.jpeg 300w\" sizes=\"(max-width: 640px) 100vw, 640px\" \/><figcaption>Reprodu\u00e7\u00e3o<\/figcaption><\/figure>\n\n\n\n<p>O ex-deputado estadual Gilson Moura foi absolvido de processo por improbidade administrativa na Justi\u00e7a Estadual.<\/p>\n\n\n\n<p>O ex-deputado havia sido acusado de suposta negocia\u00e7\u00e3o de cargo pol\u00edtico com o seu ent\u00e3o suplente, Edson Siqueira <\/p>\n\n\n\n<p>Na decis\u00e3o, o juiz Geraldo Mota ressaltou que: &#8220;n\u00e3o demonstrado o elemento material torna-se desnecess\u00e1rio perquirir acerca do elemento subjetivo exigido para a consuma\u00e7\u00e3o do il\u00edcito, de maneira que a pretens\u00e3o sancionat\u00e1ria em an\u00e1lise n\u00e3o deve prosperar&#8221;.<\/p><div class=\"mhgia69f0a29a73bf3\" ><!--<a href=\"https:\/\/bit.ly\/3QdrqTZ\" target=\"_blank\">\n<img src=\"https:\/\/justicapotiguar.com.br\/wp-content\/uploads\/2023\/09\/mobile-geral.gif\"\/><a\/>--><\/div><style type=\"text\/css\">\r\n.mhgia69f0a29a73bf3 {\r\ntext-align: center;\r\n}\r\n@media screen and (min-width: 1201px) {\r\n.mhgia69f0a29a73bf3 {\r\ndisplay: none;\r\n}\r\n}\r\n@media screen and (min-width: 993px) and (max-width: 1200px) {\r\n.mhgia69f0a29a73bf3 {\r\ndisplay: none;\r\n}\r\n}\r\n@media screen and (min-width: 769px) and (max-width: 992px) {\r\n.mhgia69f0a29a73bf3 {\r\ndisplay: none;\r\n}\r\n}\r\n@media screen and (min-width: 768px) and (max-width: 768px) {\r\n.mhgia69f0a29a73bf3 {\r\ndisplay: block;\r\n}\r\n}\r\n@media screen and (max-width: 767px) {\r\n.mhgia69f0a29a73bf3 {\r\ndisplay: block;\r\n}\r\n}\r\n<\/style>\r\n<div class=\"jmlvh69f0a29a73bd7\" ><!--<a href=\"https:\/\/bit.ly\/3QdrqTZ\" target=\"_blank\">\n<img src=\"https:\/\/justicapotiguar.com.br\/wp-content\/uploads\/2023\/09\/desktop-geral.gif\"\/><a\/>--><\/div><style type=\"text\/css\">\r\n.jmlvh69f0a29a73bd7 {\r\ntext-align: center;\nmargin-bottom: 1em;\r\n}\r\n@media screen and (min-width: 1201px) {\r\n.jmlvh69f0a29a73bd7 {\r\ndisplay: block;\r\n}\r\n}\r\n@media screen and (min-width: 993px) and (max-width: 1200px) {\r\n.jmlvh69f0a29a73bd7 {\r\ndisplay: block;\r\n}\r\n}\r\n@media screen and (min-width: 769px) and (max-width: 992px) {\r\n.jmlvh69f0a29a73bd7 {\r\ndisplay: block;\r\n}\r\n}\r\n@media screen and (min-width: 768px) and (max-width: 768px) {\r\n.jmlvh69f0a29a73bd7 {\r\ndisplay: none;\r\n}\r\n}\r\n@media screen and (max-width: 767px) {\r\n.jmlvh69f0a29a73bd7 {\r\ndisplay: none;\r\n}\r\n}\r\n<\/style>\r\n\n\n\n\n<p>Confira decis\u00e3o na \u00edntegra<\/p>\n\n\n\n<div class=\"wp-block-file\"><a href=\"https:\/\/justicapotiguar.com.br\/wp-content\/uploads\/2021\/05\/SENTENCA_3-VARA.pdf\">SENTENCA_3-VARA<\/a><a href=\"https:\/\/justicapotiguar.com.br\/wp-content\/uploads\/2021\/05\/SENTENCA_3-VARA.pdf\" class=\"wp-block-file__button\" download>Baixar<\/a><\/div>\n","protected":false},"excerpt":{"rendered":"<p>O ex-deputado estadual Gilson Moura foi absolvido de processo por improbidade administrativa na Justi\u00e7a Estadual. O ex-deputado havia sido acusado de suposta negocia\u00e7\u00e3o de cargo pol\u00edtico com o seu ent\u00e3o suplente, Edson Siqueira Na decis\u00e3o, o juiz Geraldo Mota ressaltou que: &#8220;n\u00e3o demonstrado o elemento material torna-se desnecess\u00e1rio perquirir acerca do elemento subjetivo exigido para<br \/><a class=\"more-link\" href=\"https:\/\/justicapotiguar.com.br\/index.php\/2021\/05\/04\/ex-deputado-gilson-moura-e-absolvido-de-acusacao-de-improbidade-administrativa\/\">Mais&#8230;<\/a><\/p>\n","protected":false},"author":5,"featured_media":18374,"comment_status":"open","ping_status":"open","sticky":false,"template":"","format":"standard","meta":[],"categories":[3],"tags":[],"_links":{"self":[{"href":"https:\/\/justicapotiguar.com.br\/index.php\/wp-json\/wp\/v2\/posts\/18571"}],"collection":[{"href":"https:\/\/justicapotiguar.com.br\/index.php\/wp-json\/wp\/v2\/posts"}],"about":[{"href":"https:\/\/justicapotiguar.com.br\/index.php\/wp-json\/wp\/v2\/types\/post"}],"author":[{"embeddable":true,"href":"https:\/\/justicapotiguar.com.br\/index.php\/wp-json\/wp\/v2\/users\/5"}],"replies":[{"embeddable":true,"href":"https:\/\/justicapotiguar.com.br\/index.php\/wp-json\/wp\/v2\/comments?post=18571"}],"version-history":[{"count":1,"href":"https:\/\/justicapotiguar.com.br\/index.php\/wp-json\/wp\/v2\/posts\/18571\/revisions"}],"predecessor-version":[{"id":18573,"href":"https:\/\/justicapotiguar.com.br\/index.php\/wp-json\/wp\/v2\/posts\/18571\/revisions\/18573"}],"wp:featuredmedia":[{"embeddable":true,"href":"https:\/\/justicapotiguar.com.br\/index.php\/wp-json\/wp\/v2\/media\/18374"}],"wp:attachment":[{"href":"https:\/\/justicapotiguar.com.br\/index.php\/wp-json\/wp\/v2\/media?parent=18571"}],"wp:term":[{"taxonomy":"category","embeddable":true,"href":"https:\/\/justicapotiguar.com.br\/index.php\/wp-json\/wp\/v2\/categories?post=18571"},{"taxonomy":"post_tag","embeddable":true,"href":"https:\/\/justicapotiguar.com.br\/index.php\/wp-json\/wp\/v2\/tags?post=18571"}],"curies":[{"name":"wp","href":"https:\/\/api.w.org\/{rel}","templated":true}]}}