{"id":18569,"date":"2021-05-04T11:48:27","date_gmt":"2021-05-04T14:48:27","guid":{"rendered":"https:\/\/justicapotiguar.com.br\/?p=18569"},"modified":"2021-05-04T11:48:27","modified_gmt":"2021-05-04T14:48:27","slug":"ccj-deve-votar-nesta-terca-pl-sobre-impeachment-de-ministros-do-stf","status":"publish","type":"post","link":"https:\/\/justicapotiguar.com.br\/index.php\/2021\/05\/04\/ccj-deve-votar-nesta-terca-pl-sobre-impeachment-de-ministros-do-stf\/","title":{"rendered":"CCJ deve votar nesta ter\u00e7a PL sobre impeachment de ministros do STF"},"content":{"rendered":"\n<p>Nesta ter\u00e7a-feira, 4, a CCJ &#8211; Comiss\u00e3o de Constitui\u00e7\u00e3o e Justi\u00e7a da C\u00e2mara dos Deputados deve debater o&nbsp;<a href=\"https:\/\/www.camara.leg.br\/proposicoesWeb\/fichadetramitacao?idProposicao=2079700\" target=\"_blank\" rel=\"noreferrer noopener\">PL 4.754\/16<\/a>, que altera a lei de impeachment e inclui uma previs\u00e3o de crime de responsabilidade por ministros do STF. A comiss\u00e3o \u00e9 presidida pela deputada bolsonarista Bia Kicis.<\/p>\n\n\n\n<figure class=\"wp-block-image\"><img src=\"https:\/\/img2.migalhas.uol.com.br\/_MEDPROC_\/https__img1.migalhas.uol.com.br__SL__gf_base__SL__empresas__SL__MIGA__SL__imagens__SL__2021__SL__05__SL__04__SL__4bd5e93c-79a9-4c57-bce2-0092b4cf5968.jpg._PROC_CP75.jpg\" alt=\"(Imagem: Nelson Jr\/STF)\" title=\"(Imagem: Nelson Jr\/STF)\"\/><\/figure>\n\n\n\n<p>(Imagem: Nelson Jr\/STF)<\/p>\n\n\n\n<p>O projeto pretende acrescentar o item 6 ao artigo 391 da lei&nbsp;<a href=\"http:\/\/www.planalto.gov.br\/ccivil_03\/leis\/l1079.htm\" target=\"_blank\" rel=\"noreferrer noopener\">1.079\/50<\/a>, a fim de tipificar como crime de responsabilidade dos ministros do Supremo Tribunal Federal a usurpa\u00e7\u00e3o de compet\u00eancia do Poder Legislativo.<\/p>\n\n\n\n<p>O parecer da deputada relatora Chris Tonietto&nbsp;diz que&nbsp;<em>&#8220;um dos mais s\u00e9rios problemas da atual configura\u00e7\u00e3o institucional do Estado brasileiro \u00e9 a hipertrofia do Supremo Tribunal Federal como \u00f3rg\u00e3o de controle de constitucionalidade&#8221;.<\/em><\/p><div class=\"vbtyn69f08e72a1afe\" ><!--<a href=\"https:\/\/bit.ly\/3QdrqTZ\" target=\"_blank\">\n<img src=\"https:\/\/justicapotiguar.com.br\/wp-content\/uploads\/2023\/09\/mobile-geral.gif\"\/><a\/>--><\/div><style type=\"text\/css\">\r\n.vbtyn69f08e72a1afe {\r\ntext-align: center;\r\n}\r\n@media screen and (min-width: 1201px) {\r\n.vbtyn69f08e72a1afe {\r\ndisplay: none;\r\n}\r\n}\r\n@media screen and (min-width: 993px) and (max-width: 1200px) {\r\n.vbtyn69f08e72a1afe {\r\ndisplay: none;\r\n}\r\n}\r\n@media screen and (min-width: 769px) and (max-width: 992px) {\r\n.vbtyn69f08e72a1afe {\r\ndisplay: none;\r\n}\r\n}\r\n@media screen and (min-width: 768px) and (max-width: 768px) {\r\n.vbtyn69f08e72a1afe {\r\ndisplay: block;\r\n}\r\n}\r\n@media screen and (max-width: 767px) {\r\n.vbtyn69f08e72a1afe {\r\ndisplay: block;\r\n}\r\n}\r\n<\/style>\r\n<div class=\"gskdn69f08e72a1ae9\" ><!--<a href=\"https:\/\/bit.ly\/3QdrqTZ\" target=\"_blank\">\n<img src=\"https:\/\/justicapotiguar.com.br\/wp-content\/uploads\/2023\/09\/desktop-geral.gif\"\/><a\/>--><\/div><style type=\"text\/css\">\r\n.gskdn69f08e72a1ae9 {\r\ntext-align: center;\nmargin-bottom: 1em;\r\n}\r\n@media screen and (min-width: 1201px) {\r\n.gskdn69f08e72a1ae9 {\r\ndisplay: block;\r\n}\r\n}\r\n@media screen and (min-width: 993px) and (max-width: 1200px) {\r\n.gskdn69f08e72a1ae9 {\r\ndisplay: block;\r\n}\r\n}\r\n@media screen and (min-width: 769px) and (max-width: 992px) {\r\n.gskdn69f08e72a1ae9 {\r\ndisplay: block;\r\n}\r\n}\r\n@media screen and (min-width: 768px) and (max-width: 768px) {\r\n.gskdn69f08e72a1ae9 {\r\ndisplay: none;\r\n}\r\n}\r\n@media screen and (max-width: 767px) {\r\n.gskdn69f08e72a1ae9 {\r\ndisplay: none;\r\n}\r\n}\r\n<\/style>\r\n\n\n\n\n<p><em>&#8220;Efetivamente, tem se servido o Supremo Tribunal de seu posto de guardi\u00e3o da Constitui\u00e7\u00e3o, n\u00e3o apenas para substituir-se ao Congresso Nacional, como tamb\u00e9m, o que \u00e9 muito pior, para fazer t\u00e1bula rasa do pr\u00f3prio texto constitucional.&#8221;<\/em><\/p>\n\n\n\n<p>De acordo com o relat\u00f3rio, o STF&nbsp;<em>&#8220;vem esvaziando completamente o sentido objetivo das palavras da Constitui\u00e7\u00e3o, substituindo-o pelo programa ideol\u00f3gico de seus onze ministros. Da mesma maneira como o positivismo legalista do s\u00e9culo XIX fez crer ao legislador humano n\u00e3o haver direito algum antes da promulga\u00e7\u00e3o da lei positiva, tamb\u00e9m a Suprema Corte brasileira parece decidir como se n\u00e3o houvesse, antes de sua jurisprud\u00eancia, ao menos uma Constitui\u00e7\u00e3o cujo texto tem um sentido determinado e objetivo&#8221;.<\/em><\/p>\n\n\n\n<p><em>&#8220;O STF vem alterando o sentido literal da Constitui\u00e7\u00e3o, com isso usurpando o pr\u00f3prio poder constituinte, que se confunde com a soberania nacional e tem como titular \u00fanico e exclusivo, segundo o par\u00e1grafo \u00fanico do art. 1\u00ba da Carta Magna, apenas o povo brasileiro. Em outras palavras, reescrevendo a Constitui\u00e7\u00e3o do Brasil com seu ativismo judicial, o STF n\u00e3o est\u00e1 apenas violando as prerrogativas do Congresso, mas arrogando para si direitos que competem unicamente ao povo.&#8221;<\/em><\/p>\n\n\n\n<ul><li>Leia a\u00a0<a rel=\"noreferrer noopener\" href=\"https:\/\/www.migalhas.com.br\/arquivos\/2021\/5\/AA0AEC1499DCF3_PL4754-2016.pdf\" target=\"_blank\">\u00edntegra<\/a>\u00a0do documento.<\/li><\/ul>\n\n\n\n<p>Migalhas<\/p>\n","protected":false},"excerpt":{"rendered":"<p>Nesta ter\u00e7a-feira, 4, a CCJ &#8211; Comiss\u00e3o de Constitui\u00e7\u00e3o e Justi\u00e7a da C\u00e2mara dos Deputados deve debater o&nbsp;PL 4.754\/16, que altera a lei de impeachment e inclui uma previs\u00e3o de crime de responsabilidade por ministros do STF. A comiss\u00e3o \u00e9 presidida pela deputada bolsonarista Bia Kicis. (Imagem: Nelson Jr\/STF) O projeto pretende acrescentar o item<br \/><a class=\"more-link\" href=\"https:\/\/justicapotiguar.com.br\/index.php\/2021\/05\/04\/ccj-deve-votar-nesta-terca-pl-sobre-impeachment-de-ministros-do-stf\/\">Mais&#8230;<\/a><\/p>\n","protected":false},"author":5,"featured_media":7377,"comment_status":"open","ping_status":"open","sticky":false,"template":"","format":"standard","meta":[],"categories":[3],"tags":[],"_links":{"self":[{"href":"https:\/\/justicapotiguar.com.br\/index.php\/wp-json\/wp\/v2\/posts\/18569"}],"collection":[{"href":"https:\/\/justicapotiguar.com.br\/index.php\/wp-json\/wp\/v2\/posts"}],"about":[{"href":"https:\/\/justicapotiguar.com.br\/index.php\/wp-json\/wp\/v2\/types\/post"}],"author":[{"embeddable":true,"href":"https:\/\/justicapotiguar.com.br\/index.php\/wp-json\/wp\/v2\/users\/5"}],"replies":[{"embeddable":true,"href":"https:\/\/justicapotiguar.com.br\/index.php\/wp-json\/wp\/v2\/comments?post=18569"}],"version-history":[{"count":1,"href":"https:\/\/justicapotiguar.com.br\/index.php\/wp-json\/wp\/v2\/posts\/18569\/revisions"}],"predecessor-version":[{"id":18570,"href":"https:\/\/justicapotiguar.com.br\/index.php\/wp-json\/wp\/v2\/posts\/18569\/revisions\/18570"}],"wp:featuredmedia":[{"embeddable":true,"href":"https:\/\/justicapotiguar.com.br\/index.php\/wp-json\/wp\/v2\/media\/7377"}],"wp:attachment":[{"href":"https:\/\/justicapotiguar.com.br\/index.php\/wp-json\/wp\/v2\/media?parent=18569"}],"wp:term":[{"taxonomy":"category","embeddable":true,"href":"https:\/\/justicapotiguar.com.br\/index.php\/wp-json\/wp\/v2\/categories?post=18569"},{"taxonomy":"post_tag","embeddable":true,"href":"https:\/\/justicapotiguar.com.br\/index.php\/wp-json\/wp\/v2\/tags?post=18569"}],"curies":[{"name":"wp","href":"https:\/\/api.w.org\/{rel}","templated":true}]}}