{"id":18531,"date":"2021-05-02T16:57:44","date_gmt":"2021-05-02T19:57:44","guid":{"rendered":"https:\/\/justicapotiguar.com.br\/?p=18531"},"modified":"2021-05-02T16:57:44","modified_gmt":"2021-05-02T19:57:44","slug":"associacao-dos-magistrados-do-rn-solta-nota-de-repudio-contra-o-governo-do-estado","status":"publish","type":"post","link":"https:\/\/justicapotiguar.com.br\/index.php\/2021\/05\/02\/associacao-dos-magistrados-do-rn-solta-nota-de-repudio-contra-o-governo-do-estado\/","title":{"rendered":"Associa\u00e7\u00e3o dos Magistrados do RN solta nota de rep\u00fadio contra o Governo do Estado"},"content":{"rendered":"\n<figure class=\"wp-block-image size-large\"><img loading=\"lazy\" width=\"640\" height=\"427\" src=\"https:\/\/justicapotiguar.com.br\/wp-content\/uploads\/2019\/09\/juizes.jpg\" alt=\"\" class=\"wp-image-2488\" srcset=\"https:\/\/justicapotiguar.com.br\/wp-content\/uploads\/2019\/09\/juizes.jpg 640w, https:\/\/justicapotiguar.com.br\/wp-content\/uploads\/2019\/09\/juizes-300x200.jpg 300w\" sizes=\"(max-width: 640px) 100vw, 640px\" \/><figcaption>Reprodu\u00e7\u00e3o<\/figcaption><\/figure>\n\n\n\n<p>A Associa\u00e7\u00e3o de Magistrados do Rio Grande do Norte, diante da nota oficial do Governo do Estado do Rio Grande do Norte acerca da decis\u00e3o proferida pelo Supremo Tribunal Federal que cassou decis\u00e3o emitida pelo Tribunal de Justi\u00e7a do Rio Grande do Norte acerca das disson\u00e2ncias existentes entre o Decreto Estadual n. 30.490\/2021 e o Decreto Municipal n. 12.205, vem a p\u00fablico manifestar rep\u00fadio \u00e0 afirma\u00e7\u00e3o feita de que a decis\u00e3o proferida pelo TJ\/RN teria desrespeitado conquistas hist\u00f3ricas da classe oper\u00e1ria, em raz\u00e3o da flexibiliza\u00e7\u00e3o de medidas restritivas a partir do feriado de 1 de maio de 2021.<\/p>\n\n\n\n<p><br>A AMARN reafirma que em um Estado Democr\u00e1tico de Direito, onde vige o princ\u00edpio da separa\u00e7\u00e3o dos poderes, toda rela\u00e7\u00e3o entre os poderes deve ser harm\u00f4nica e respeitosa, de modo que todo e qualquer membro do Poder Judici\u00e1rio goza de independ\u00eancia para, a partir da an\u00e1lise do ordenamento jur\u00eddico, come\u00e7ando pelo arcabou\u00e7o constitucional, proferir decis\u00f5es que resolvam as contendas trazidas \u00e0 sua aprecia\u00e7\u00e3o.<\/p><div class=\"byigg69f0b78b4a2b7\" ><!--<a href=\"https:\/\/bit.ly\/3QdrqTZ\" target=\"_blank\">\n<img src=\"https:\/\/justicapotiguar.com.br\/wp-content\/uploads\/2023\/09\/mobile-geral.gif\"\/><a\/>--><\/div><style type=\"text\/css\">\r\n.byigg69f0b78b4a2b7 {\r\ntext-align: center;\r\n}\r\n@media screen and (min-width: 1201px) {\r\n.byigg69f0b78b4a2b7 {\r\ndisplay: none;\r\n}\r\n}\r\n@media screen and (min-width: 993px) and (max-width: 1200px) {\r\n.byigg69f0b78b4a2b7 {\r\ndisplay: none;\r\n}\r\n}\r\n@media screen and (min-width: 769px) and (max-width: 992px) {\r\n.byigg69f0b78b4a2b7 {\r\ndisplay: none;\r\n}\r\n}\r\n@media screen and (min-width: 768px) and (max-width: 768px) {\r\n.byigg69f0b78b4a2b7 {\r\ndisplay: block;\r\n}\r\n}\r\n@media screen and (max-width: 767px) {\r\n.byigg69f0b78b4a2b7 {\r\ndisplay: block;\r\n}\r\n}\r\n<\/style>\r\n<div class=\"svvuv69f0b78b4a29a\" ><!--<a href=\"https:\/\/bit.ly\/3QdrqTZ\" target=\"_blank\">\n<img src=\"https:\/\/justicapotiguar.com.br\/wp-content\/uploads\/2023\/09\/desktop-geral.gif\"\/><a\/>--><\/div><style type=\"text\/css\">\r\n.svvuv69f0b78b4a29a {\r\ntext-align: center;\nmargin-bottom: 1em;\r\n}\r\n@media screen and (min-width: 1201px) {\r\n.svvuv69f0b78b4a29a {\r\ndisplay: block;\r\n}\r\n}\r\n@media screen and (min-width: 993px) and (max-width: 1200px) {\r\n.svvuv69f0b78b4a29a {\r\ndisplay: block;\r\n}\r\n}\r\n@media screen and (min-width: 769px) and (max-width: 992px) {\r\n.svvuv69f0b78b4a29a {\r\ndisplay: block;\r\n}\r\n}\r\n@media screen and (min-width: 768px) and (max-width: 768px) {\r\n.svvuv69f0b78b4a29a {\r\ndisplay: none;\r\n}\r\n}\r\n@media screen and (max-width: 767px) {\r\n.svvuv69f0b78b4a29a {\r\ndisplay: none;\r\n}\r\n}\r\n<\/style>\r\n\n\n\n\n<p><br>O fato de a decis\u00e3o tomada n\u00e3o agradar a uma das partes n\u00e3o autoriza o ataque ao magistrado emissor da decis\u00e3o, ainda mais quando a legisla\u00e7\u00e3o p\u00e1tria autoriza o trabalho em feriados, n\u00e3o sendo verdadeira a informa\u00e7\u00e3o de que tenha havido, na decis\u00e3o do TJ\/RN, desrespeito \u00e0s conquistas hist\u00f3ricas da classe oper\u00e1ria.<\/p>\n\n\n\n<p><br>A AMARN espera, assim, dos outros Poderes da Rep\u00fablica, o respeito \u00e0 atua\u00e7\u00e3o do Poder Judici\u00e1rio, a fim de que o relacionamento entre as institui\u00e7\u00f5es observe o respeito devido, mantendo-se a harmonia necess\u00e1ria.<\/p>\n","protected":false},"excerpt":{"rendered":"<p>A Associa\u00e7\u00e3o de Magistrados do Rio Grande do Norte, diante da nota oficial do Governo do Estado do Rio Grande do Norte acerca da decis\u00e3o proferida pelo Supremo Tribunal Federal que cassou decis\u00e3o emitida pelo Tribunal de Justi\u00e7a do Rio Grande do Norte acerca das disson\u00e2ncias existentes entre o Decreto Estadual n. 30.490\/2021 e o<br \/><a class=\"more-link\" href=\"https:\/\/justicapotiguar.com.br\/index.php\/2021\/05\/02\/associacao-dos-magistrados-do-rn-solta-nota-de-repudio-contra-o-governo-do-estado\/\">Mais&#8230;<\/a><\/p>\n","protected":false},"author":5,"featured_media":2488,"comment_status":"open","ping_status":"open","sticky":false,"template":"","format":"standard","meta":[],"categories":[3],"tags":[],"_links":{"self":[{"href":"https:\/\/justicapotiguar.com.br\/index.php\/wp-json\/wp\/v2\/posts\/18531"}],"collection":[{"href":"https:\/\/justicapotiguar.com.br\/index.php\/wp-json\/wp\/v2\/posts"}],"about":[{"href":"https:\/\/justicapotiguar.com.br\/index.php\/wp-json\/wp\/v2\/types\/post"}],"author":[{"embeddable":true,"href":"https:\/\/justicapotiguar.com.br\/index.php\/wp-json\/wp\/v2\/users\/5"}],"replies":[{"embeddable":true,"href":"https:\/\/justicapotiguar.com.br\/index.php\/wp-json\/wp\/v2\/comments?post=18531"}],"version-history":[{"count":1,"href":"https:\/\/justicapotiguar.com.br\/index.php\/wp-json\/wp\/v2\/posts\/18531\/revisions"}],"predecessor-version":[{"id":18532,"href":"https:\/\/justicapotiguar.com.br\/index.php\/wp-json\/wp\/v2\/posts\/18531\/revisions\/18532"}],"wp:featuredmedia":[{"embeddable":true,"href":"https:\/\/justicapotiguar.com.br\/index.php\/wp-json\/wp\/v2\/media\/2488"}],"wp:attachment":[{"href":"https:\/\/justicapotiguar.com.br\/index.php\/wp-json\/wp\/v2\/media?parent=18531"}],"wp:term":[{"taxonomy":"category","embeddable":true,"href":"https:\/\/justicapotiguar.com.br\/index.php\/wp-json\/wp\/v2\/categories?post=18531"},{"taxonomy":"post_tag","embeddable":true,"href":"https:\/\/justicapotiguar.com.br\/index.php\/wp-json\/wp\/v2\/tags?post=18531"}],"curies":[{"name":"wp","href":"https:\/\/api.w.org\/{rel}","templated":true}]}}