{"id":18483,"date":"2021-04-30T10:18:33","date_gmt":"2021-04-30T13:18:33","guid":{"rendered":"https:\/\/justicapotiguar.com.br\/?p=18483"},"modified":"2021-04-30T10:18:33","modified_gmt":"2021-04-30T13:18:33","slug":"oab-rn-emite-nota-de-pesar-pela-morte-do-advogado-guilherme-soares-leite-junior","status":"publish","type":"post","link":"https:\/\/justicapotiguar.com.br\/index.php\/2021\/04\/30\/oab-rn-emite-nota-de-pesar-pela-morte-do-advogado-guilherme-soares-leite-junior\/","title":{"rendered":"OAB-RN emite nota de pesar pela morte do advogado Guilherme Soares Leite J\u00fanior"},"content":{"rendered":"\n<figure class=\"wp-block-image size-large\"><img loading=\"lazy\" width=\"1024\" height=\"594\" src=\"https:\/\/justicapotiguar.com.br\/wp-content\/uploads\/2021\/04\/22c4b2831f5a4a4090bc16160e69e067-1024x594.jpg\" alt=\"\" class=\"wp-image-18484\" srcset=\"https:\/\/justicapotiguar.com.br\/wp-content\/uploads\/2021\/04\/22c4b2831f5a4a4090bc16160e69e067-1024x594.jpg 1024w, https:\/\/justicapotiguar.com.br\/wp-content\/uploads\/2021\/04\/22c4b2831f5a4a4090bc16160e69e067-300x174.jpg 300w, https:\/\/justicapotiguar.com.br\/wp-content\/uploads\/2021\/04\/22c4b2831f5a4a4090bc16160e69e067-768x445.jpg 768w, https:\/\/justicapotiguar.com.br\/wp-content\/uploads\/2021\/04\/22c4b2831f5a4a4090bc16160e69e067.jpg 1280w\" sizes=\"(max-width: 1024px) 100vw, 1024px\" \/><\/figure>\n\n\n\n<p>A Ordem dos Advogados do Brasil no Rio Grande do Norte comunica, com profundo pesar, o falecimento do advogado Guilherme Soares Leite J\u00fanior, inscrito com a OAB\/RN 5823, ocorrido nesta quinta-feira (29), v\u00edtima de Covid-19<\/p>\n\n\n\n<p>A OAB\/RN lamenta profundamente a irrepar\u00e1vel perda e se une em ora\u00e7\u00e3o com todos os familiares e amigos, a fim de que encontrem consolo e amparo nesse momento de saudade.<\/p><div class=\"yvbdr69f0bf73da4f1\" ><!--<a href=\"https:\/\/bit.ly\/3QdrqTZ\" target=\"_blank\">\n<img src=\"https:\/\/justicapotiguar.com.br\/wp-content\/uploads\/2023\/09\/mobile-geral.gif\"\/><a\/>--><\/div><style type=\"text\/css\">\r\n.yvbdr69f0bf73da4f1 {\r\ntext-align: center;\r\n}\r\n@media screen and (min-width: 1201px) {\r\n.yvbdr69f0bf73da4f1 {\r\ndisplay: none;\r\n}\r\n}\r\n@media screen and (min-width: 993px) and (max-width: 1200px) {\r\n.yvbdr69f0bf73da4f1 {\r\ndisplay: none;\r\n}\r\n}\r\n@media screen and (min-width: 769px) and (max-width: 992px) {\r\n.yvbdr69f0bf73da4f1 {\r\ndisplay: none;\r\n}\r\n}\r\n@media screen and (min-width: 768px) and (max-width: 768px) {\r\n.yvbdr69f0bf73da4f1 {\r\ndisplay: block;\r\n}\r\n}\r\n@media screen and (max-width: 767px) {\r\n.yvbdr69f0bf73da4f1 {\r\ndisplay: block;\r\n}\r\n}\r\n<\/style>\r\n<div class=\"uzqoj69f0bf73da4d4\" ><!--<a href=\"https:\/\/bit.ly\/3QdrqTZ\" target=\"_blank\">\n<img src=\"https:\/\/justicapotiguar.com.br\/wp-content\/uploads\/2023\/09\/desktop-geral.gif\"\/><a\/>--><\/div><style type=\"text\/css\">\r\n.uzqoj69f0bf73da4d4 {\r\ntext-align: center;\nmargin-bottom: 1em;\r\n}\r\n@media screen and (min-width: 1201px) {\r\n.uzqoj69f0bf73da4d4 {\r\ndisplay: block;\r\n}\r\n}\r\n@media screen and (min-width: 993px) and (max-width: 1200px) {\r\n.uzqoj69f0bf73da4d4 {\r\ndisplay: block;\r\n}\r\n}\r\n@media screen and (min-width: 769px) and (max-width: 992px) {\r\n.uzqoj69f0bf73da4d4 {\r\ndisplay: block;\r\n}\r\n}\r\n@media screen and (min-width: 768px) and (max-width: 768px) {\r\n.uzqoj69f0bf73da4d4 {\r\ndisplay: none;\r\n}\r\n}\r\n@media screen and (max-width: 767px) {\r\n.uzqoj69f0bf73da4d4 {\r\ndisplay: none;\r\n}\r\n}\r\n<\/style>\r\n\n\n\n\n<p>Natal (RN), 30 de abril de 2021<\/p>\n","protected":false},"excerpt":{"rendered":"<p>A Ordem dos Advogados do Brasil no Rio Grande do Norte comunica, com profundo pesar, o falecimento do advogado Guilherme Soares Leite J\u00fanior, inscrito com a OAB\/RN 5823, ocorrido nesta quinta-feira (29), v\u00edtima de Covid-19 A OAB\/RN lamenta profundamente a irrepar\u00e1vel perda e se une em ora\u00e7\u00e3o com todos os familiares e amigos, a fim<br \/><a class=\"more-link\" href=\"https:\/\/justicapotiguar.com.br\/index.php\/2021\/04\/30\/oab-rn-emite-nota-de-pesar-pela-morte-do-advogado-guilherme-soares-leite-junior\/\">Mais&#8230;<\/a><\/p>\n","protected":false},"author":5,"featured_media":18484,"comment_status":"open","ping_status":"open","sticky":false,"template":"","format":"standard","meta":[],"categories":[3],"tags":[],"_links":{"self":[{"href":"https:\/\/justicapotiguar.com.br\/index.php\/wp-json\/wp\/v2\/posts\/18483"}],"collection":[{"href":"https:\/\/justicapotiguar.com.br\/index.php\/wp-json\/wp\/v2\/posts"}],"about":[{"href":"https:\/\/justicapotiguar.com.br\/index.php\/wp-json\/wp\/v2\/types\/post"}],"author":[{"embeddable":true,"href":"https:\/\/justicapotiguar.com.br\/index.php\/wp-json\/wp\/v2\/users\/5"}],"replies":[{"embeddable":true,"href":"https:\/\/justicapotiguar.com.br\/index.php\/wp-json\/wp\/v2\/comments?post=18483"}],"version-history":[{"count":1,"href":"https:\/\/justicapotiguar.com.br\/index.php\/wp-json\/wp\/v2\/posts\/18483\/revisions"}],"predecessor-version":[{"id":18485,"href":"https:\/\/justicapotiguar.com.br\/index.php\/wp-json\/wp\/v2\/posts\/18483\/revisions\/18485"}],"wp:featuredmedia":[{"embeddable":true,"href":"https:\/\/justicapotiguar.com.br\/index.php\/wp-json\/wp\/v2\/media\/18484"}],"wp:attachment":[{"href":"https:\/\/justicapotiguar.com.br\/index.php\/wp-json\/wp\/v2\/media?parent=18483"}],"wp:term":[{"taxonomy":"category","embeddable":true,"href":"https:\/\/justicapotiguar.com.br\/index.php\/wp-json\/wp\/v2\/categories?post=18483"},{"taxonomy":"post_tag","embeddable":true,"href":"https:\/\/justicapotiguar.com.br\/index.php\/wp-json\/wp\/v2\/tags?post=18483"}],"curies":[{"name":"wp","href":"https:\/\/api.w.org\/{rel}","templated":true}]}}