{"id":18479,"date":"2021-04-30T08:31:26","date_gmt":"2021-04-30T11:31:26","guid":{"rendered":"https:\/\/justicapotiguar.com.br\/?p=18479"},"modified":"2021-04-29T22:14:14","modified_gmt":"2021-04-30T01:14:14","slug":"pgr-aciona-stf-contra-regras-da-lista-sextupla-da-oab","status":"publish","type":"post","link":"https:\/\/justicapotiguar.com.br\/index.php\/2021\/04\/30\/pgr-aciona-stf-contra-regras-da-lista-sextupla-da-oab\/","title":{"rendered":"PGR aciona STF contra regras da lista s\u00eaxtupla da OAB"},"content":{"rendered":"\n<p>O procurador-Geral da Rep\u00fablica&nbsp;<strong>Augusto Aras<\/strong>&nbsp;acionou o STF contra dispositivos de provimento do CFOAB sobre a indica\u00e7\u00e3o, em lista s\u00eaxtupla, de advogados que devam integrar os tribunais judici\u00e1rios e administrativos. Aras alega que a norma inovou ao estabelecer disciplina mais restritiva ao processo seletivo. O relator \u00e9 o ministro Dias Toffoli.<\/p>\n\n\n\n<figure class=\"wp-block-image\"><img src=\"https:\/\/img2.migalhas.uol.com.br\/_MEDPROC_\/https__img1.migalhas.uol.com.br__SL__gf_base__SL__empresas__SL__MIGA__SL__imagens__SL__2021__SL__04__SL__29__SL__ce71032f-77cf-4861-a021-05d74f999402.jpg._PROC_CP75.jpg\" alt=\"(Imagem: Isac N\u00f3brega\/PR)\" title=\"(Imagem: Isac N\u00f3brega\/PR)\"\/><\/figure>\n\n\n\n<p>(Imagem: Isac N\u00f3brega\/PR)<\/p>\n\n\n\n<p>O PGR prop\u00f4s a a\u00e7\u00e3o contra as disposi\u00e7\u00f5es do art. 5\u00ba, caput, parte final, do provimento&nbsp;<a href=\"https:\/\/www.oab.org.br\/leisnormas\/legislacao\/provimentos\/102-2004\">102\/04<\/a>, do CFOAB, que &#8220;<em>disp\u00f5e sobre a indica\u00e7\u00e3o, em lista s\u00eaxtupla, de advogados que devam integrar os Tribunais Judici\u00e1rios e Administrativos<\/em>&#8220;, alterado pelo&nbsp;<a href=\"https:\/\/www.migalhas.com.br\/quentes\/107905\/oab-publica-provimento-com-mudancas-a-indicacao-de-advogados-pelo-quinto\">provimento 139\/10<\/a>.<\/p>\n\n\n\n<p>O chamado &#8220;quinto constitucional&#8221; estabelece requisitos para que advogados se candidatem a composi\u00e7\u00e3o de TRFs e TJs, quais sejam: (i) not\u00f3rio saber jur\u00eddico; (ii) reputa\u00e7\u00e3o ilibada; (iii) mais de dez anos de efetiva atividade profissional; e (iv) indica\u00e7\u00e3o em lista s\u00eaxtupla pelo \u00f3rg\u00e3o representativo da classe profissional.<\/p>\n\n\n\n<p>Para Aras, o provimento 139\/10 inovou ao estabelecer uma disciplina mais restritiva quanto ao direito de advogados participarem do processo seletivo das listas s\u00eaxtuplas voltadas \u00e0 composi\u00e7\u00e3o dos \u00f3rg\u00e3os judiciais.<\/p>\n\n\n\n<p>O procurador-Geral alega que as disposi\u00e7\u00f5es do novo provimento violam os arts. 5\u00ba, caput e II (princ\u00edpios da isonomia e da legalidade), 19, III (princ\u00edpio da isonomia federativa), e 94, caput (requisitos para a participa\u00e7\u00e3o de advogados em processos de forma\u00e7\u00e3o de listas s\u00eaxtuplas para composi\u00e7\u00e3o de tribunais), da Constitui\u00e7\u00e3o Federal.<\/p><div class=\"cixyd69f0c20e93f94\" ><!--<a href=\"https:\/\/bit.ly\/3QdrqTZ\" target=\"_blank\">\n<img src=\"https:\/\/justicapotiguar.com.br\/wp-content\/uploads\/2023\/09\/mobile-geral.gif\"\/><a\/>--><\/div><style type=\"text\/css\">\r\n.cixyd69f0c20e93f94 {\r\ntext-align: center;\r\n}\r\n@media screen and (min-width: 1201px) {\r\n.cixyd69f0c20e93f94 {\r\ndisplay: none;\r\n}\r\n}\r\n@media screen and (min-width: 993px) and (max-width: 1200px) {\r\n.cixyd69f0c20e93f94 {\r\ndisplay: none;\r\n}\r\n}\r\n@media screen and (min-width: 769px) and (max-width: 992px) {\r\n.cixyd69f0c20e93f94 {\r\ndisplay: none;\r\n}\r\n}\r\n@media screen and (min-width: 768px) and (max-width: 768px) {\r\n.cixyd69f0c20e93f94 {\r\ndisplay: block;\r\n}\r\n}\r\n@media screen and (max-width: 767px) {\r\n.cixyd69f0c20e93f94 {\r\ndisplay: block;\r\n}\r\n}\r\n<\/style>\r\n<div class=\"hbmnu69f0c20e93f77\" ><!--<a href=\"https:\/\/bit.ly\/3QdrqTZ\" target=\"_blank\">\n<img src=\"https:\/\/justicapotiguar.com.br\/wp-content\/uploads\/2023\/09\/desktop-geral.gif\"\/><a\/>--><\/div><style type=\"text\/css\">\r\n.hbmnu69f0c20e93f77 {\r\ntext-align: center;\nmargin-bottom: 1em;\r\n}\r\n@media screen and (min-width: 1201px) {\r\n.hbmnu69f0c20e93f77 {\r\ndisplay: block;\r\n}\r\n}\r\n@media screen and (min-width: 993px) and (max-width: 1200px) {\r\n.hbmnu69f0c20e93f77 {\r\ndisplay: block;\r\n}\r\n}\r\n@media screen and (min-width: 769px) and (max-width: 992px) {\r\n.hbmnu69f0c20e93f77 {\r\ndisplay: block;\r\n}\r\n}\r\n@media screen and (min-width: 768px) and (max-width: 768px) {\r\n.hbmnu69f0c20e93f77 {\r\ndisplay: none;\r\n}\r\n}\r\n@media screen and (max-width: 767px) {\r\n.hbmnu69f0c20e93f77 {\r\ndisplay: none;\r\n}\r\n}\r\n<\/style>\r\n\n\n\n\n<p><em>&#8220;Imp\u00f4s o dispositivo impugnado aos advogados, como condi\u00e7\u00e3o para se inscreverem no processo seletivo, al\u00e9m da prova de exerc\u00edcio profissional da advocacia por mais de 10 anos, a comprova\u00e7\u00e3o de &#8216;inscri\u00e7\u00e3o, h\u00e1 mais de cinco anos, no Conselho Seccional abrangido pela compet\u00eancia do Tribunal Judici\u00e1rio&#8217;.&#8221;<\/em><\/p>\n\n\n\n<p>Para Aras, &#8220;<em>afigura-se descabido obstar, por meio de provimento da CFOAB, a participa\u00e7\u00e3o em listas s\u00eaxtuplas de advogados pelo simples fato de estarem inscritos em conselho seccional n\u00e3o abrangido pela compet\u00eancia do tribunal<\/em>&#8220;.<\/p>\n\n\n\n<p><em>&#8220;Al\u00e9m de estabelecer exig\u00eancia n\u00e3o prevista no texto constitucional nem na legisla\u00e7\u00e3o ordin\u00e1ria em vigor, a norma sob testilha acaba por promover uma indevida diferencia\u00e7\u00e3o entre advogados que se encontram em mesma situa\u00e7\u00e3o &#8211; isto \u00e9, que cumprem com os requisitos de not\u00f3rio saber jur\u00eddico, reputa\u00e7\u00e3o ilibada e pr\u00e1tica supradecenal de efetiva atividade jur\u00eddica &#8211; com base no local de domic\u00edlio profissional.&#8221;<\/em><\/p>\n\n\n\n<p>Por fim, a PGR requer que se julgue procedente o pedido para declarar a inconstitucionalidade das express\u00f5es &#8220;<em>e, tratando-se de Tribunal de Justi\u00e7a Estadual ou de Tribunal Federal, concomitantemente, dever\u00e1 comprovar a exist\u00eancia de sua inscri\u00e7\u00e3o, h\u00e1 mais de cinco anos, no Conselho Seccional abrangido pela compet\u00eancia do Tribunal Judici\u00e1rio<\/em>&#8220;, constantes do art. 5\u00ba, caput, parte final, do provimento 102\/04, alterado pelo provimento 139\/10, do CFOAB.<\/p>\n\n\n\n<ul><li>Processo: ADIn\u00a0<a href=\"http:\/\/portal.stf.jus.br\/processos\/detalhe.asp?incidente=6165067\">6.810<\/a><\/li><\/ul>\n\n\n\n<p>Veja a\u00a0<a rel=\"noreferrer noopener\" href=\"https:\/\/www.migalhas.com.br\/arquivos\/2021\/4\/B2DE72F8E4F418_ADI6810.pdf\" target=\"_blank\">\u00edntegra<\/a>.<\/p>\n\n\n\n<p>Migalhas<\/p>\n","protected":false},"excerpt":{"rendered":"<p>O procurador-Geral da Rep\u00fablica&nbsp;Augusto Aras&nbsp;acionou o STF contra dispositivos de provimento do CFOAB sobre a indica\u00e7\u00e3o, em lista s\u00eaxtupla, de advogados que devam integrar os tribunais judici\u00e1rios e administrativos. Aras alega que a norma inovou ao estabelecer disciplina mais restritiva ao processo seletivo. O relator \u00e9 o ministro Dias Toffoli. (Imagem: Isac N\u00f3brega\/PR) O PGR<br \/><a class=\"more-link\" href=\"https:\/\/justicapotiguar.com.br\/index.php\/2021\/04\/30\/pgr-aciona-stf-contra-regras-da-lista-sextupla-da-oab\/\">Mais&#8230;<\/a><\/p>\n","protected":false},"author":5,"featured_media":6838,"comment_status":"open","ping_status":"open","sticky":false,"template":"","format":"standard","meta":[],"categories":[3],"tags":[],"_links":{"self":[{"href":"https:\/\/justicapotiguar.com.br\/index.php\/wp-json\/wp\/v2\/posts\/18479"}],"collection":[{"href":"https:\/\/justicapotiguar.com.br\/index.php\/wp-json\/wp\/v2\/posts"}],"about":[{"href":"https:\/\/justicapotiguar.com.br\/index.php\/wp-json\/wp\/v2\/types\/post"}],"author":[{"embeddable":true,"href":"https:\/\/justicapotiguar.com.br\/index.php\/wp-json\/wp\/v2\/users\/5"}],"replies":[{"embeddable":true,"href":"https:\/\/justicapotiguar.com.br\/index.php\/wp-json\/wp\/v2\/comments?post=18479"}],"version-history":[{"count":1,"href":"https:\/\/justicapotiguar.com.br\/index.php\/wp-json\/wp\/v2\/posts\/18479\/revisions"}],"predecessor-version":[{"id":18480,"href":"https:\/\/justicapotiguar.com.br\/index.php\/wp-json\/wp\/v2\/posts\/18479\/revisions\/18480"}],"wp:featuredmedia":[{"embeddable":true,"href":"https:\/\/justicapotiguar.com.br\/index.php\/wp-json\/wp\/v2\/media\/6838"}],"wp:attachment":[{"href":"https:\/\/justicapotiguar.com.br\/index.php\/wp-json\/wp\/v2\/media?parent=18479"}],"wp:term":[{"taxonomy":"category","embeddable":true,"href":"https:\/\/justicapotiguar.com.br\/index.php\/wp-json\/wp\/v2\/categories?post=18479"},{"taxonomy":"post_tag","embeddable":true,"href":"https:\/\/justicapotiguar.com.br\/index.php\/wp-json\/wp\/v2\/tags?post=18479"}],"curies":[{"name":"wp","href":"https:\/\/api.w.org\/{rel}","templated":true}]}}