{"id":18370,"date":"2021-04-26T16:37:50","date_gmt":"2021-04-26T19:37:50","guid":{"rendered":"https:\/\/justicapotiguar.com.br\/?p=18370"},"modified":"2021-04-26T16:37:50","modified_gmt":"2021-04-26T19:37:50","slug":"rosa-weber-mantem-demissao-de-juiz-que-trabalhou-alcoolizado-em-mt","status":"publish","type":"post","link":"https:\/\/justicapotiguar.com.br\/index.php\/2021\/04\/26\/rosa-weber-mantem-demissao-de-juiz-que-trabalhou-alcoolizado-em-mt\/","title":{"rendered":"Rosa Weber mant\u00e9m demiss\u00e3o de juiz que trabalhou alcoolizado em MT"},"content":{"rendered":"\n<figure class=\"wp-block-image size-large\"><img loading=\"lazy\" width=\"680\" height=\"453\" src=\"https:\/\/justicapotiguar.com.br\/wp-content\/uploads\/2020\/02\/ministra-rosa-weber-durante-sessacc83o-plenacc81ria-do-stf.jpg\" alt=\"\" class=\"wp-image-6131\" srcset=\"https:\/\/justicapotiguar.com.br\/wp-content\/uploads\/2020\/02\/ministra-rosa-weber-durante-sessacc83o-plenacc81ria-do-stf.jpg 680w, https:\/\/justicapotiguar.com.br\/wp-content\/uploads\/2020\/02\/ministra-rosa-weber-durante-sessacc83o-plenacc81ria-do-stf-300x200.jpg 300w\" sizes=\"(max-width: 680px) 100vw, 680px\" \/><figcaption>Reprodu\u00e7\u00e3o<\/figcaption><\/figure>\n\n\n\n<p>A ministra do Supremo Tribunal Federal (STF)\u00a0<a rel=\"noreferrer noopener\" href=\"https:\/\/www.metropoles.com\/tag\/rosa-weber?amp\" target=\"_blank\">Rosa Weber<\/a>\u00a0negou pedido do juiz Ariel Rocha Ramos para ser reintegrado ao Tribunal de Justi\u00e7a do Mato Grosso (TJMT). Ele foi demitido do cargo em dezembro de 2014 ap\u00f3s comparecer ao F\u00f3rum de Tabapor\u00e3, no interior do estado, a 679 quil\u00f4metros ao norte de Cuiab\u00e1 (MT), sob o efeito de \u00e1lcool ou drogas e se ausentar injustificadamente do local de trabalho.<\/p>\n\n\n\n<p>Al\u00e9m disso, o magistrado foi acusado de morosidade na presta\u00e7\u00e3o jurisdicional e de promover manobras bruscas com o carro em terreno nos fundos do f\u00f3rum. \u00c0 \u00e9poca dos fatos, Ariel era juiz substituto e ainda n\u00e3o tinha completado o per\u00edodo de exerc\u00edcio necess\u00e1rio ao vitaliciamento na fun\u00e7\u00e3o.<\/p>\n\n\n\n<p>Em 2017, o STF negou mandado de seguran\u00e7a impetrado pela defesa de Ariel Rocha Ramos contra\u00a0<a rel=\"noreferrer noopener\" href=\"https:\/\/www.cnj.jus.br\/mantida-demissao-de-juiz-do-tribunal-de-justica-de-mato-grosso\/\" target=\"_blank\">decis\u00e3o do plen\u00e1rio do Conselho Nacional de Justi\u00e7a (CNJ) que negou o pedido de anula\u00e7\u00e3o<\/a>\u00a0da pena de demiss\u00e3o aplicada pelo tribunal mato-grossense ao magistrado. Desta vez, o juiz entrou com uma A\u00e7\u00e3o Origin\u00e1ria (AO) no STF.<\/p>\n\n\n\n<p>O autor alega que a pena de demiss\u00e3o lhe foi aplicada contra a evid\u00eancia dos autos e \u00e0 lei, e com base em depoimentos viciados; aduz existir novas provas aptas a demonstrar a suspei\u00e7\u00e3o das testemunhas ouvidas durante o Processo Administrativo Disciplinar (PAD).<\/p><div class=\"bwceq69f00261377a8\" ><!--<a href=\"https:\/\/bit.ly\/3QdrqTZ\" target=\"_blank\">\n<img src=\"https:\/\/justicapotiguar.com.br\/wp-content\/uploads\/2023\/09\/mobile-geral.gif\"\/><a\/>--><\/div><style type=\"text\/css\">\r\n.bwceq69f00261377a8 {\r\ntext-align: center;\r\n}\r\n@media screen and (min-width: 1201px) {\r\n.bwceq69f00261377a8 {\r\ndisplay: none;\r\n}\r\n}\r\n@media screen and (min-width: 993px) and (max-width: 1200px) {\r\n.bwceq69f00261377a8 {\r\ndisplay: none;\r\n}\r\n}\r\n@media screen and (min-width: 769px) and (max-width: 992px) {\r\n.bwceq69f00261377a8 {\r\ndisplay: none;\r\n}\r\n}\r\n@media screen and (min-width: 768px) and (max-width: 768px) {\r\n.bwceq69f00261377a8 {\r\ndisplay: block;\r\n}\r\n}\r\n@media screen and (max-width: 767px) {\r\n.bwceq69f00261377a8 {\r\ndisplay: block;\r\n}\r\n}\r\n<\/style>\r\n<div class=\"cfpcu69f0026137788\" ><!--<a href=\"https:\/\/bit.ly\/3QdrqTZ\" target=\"_blank\">\n<img src=\"https:\/\/justicapotiguar.com.br\/wp-content\/uploads\/2023\/09\/desktop-geral.gif\"\/><a\/>--><\/div><style type=\"text\/css\">\r\n.cfpcu69f0026137788 {\r\ntext-align: center;\nmargin-bottom: 1em;\r\n}\r\n@media screen and (min-width: 1201px) {\r\n.cfpcu69f0026137788 {\r\ndisplay: block;\r\n}\r\n}\r\n@media screen and (min-width: 993px) and (max-width: 1200px) {\r\n.cfpcu69f0026137788 {\r\ndisplay: block;\r\n}\r\n}\r\n@media screen and (min-width: 769px) and (max-width: 992px) {\r\n.cfpcu69f0026137788 {\r\ndisplay: block;\r\n}\r\n}\r\n@media screen and (min-width: 768px) and (max-width: 768px) {\r\n.cfpcu69f0026137788 {\r\ndisplay: none;\r\n}\r\n}\r\n@media screen and (max-width: 767px) {\r\n.cfpcu69f0026137788 {\r\ndisplay: none;\r\n}\r\n}\r\n<\/style>\r\n\n\n\n\n<p>Tamb\u00e9m e argumenta que, acometido de depress\u00e3o e alcoolismo, n\u00e3o deveria ter sido demitido, mas licenciado das atividades laborais, para submiss\u00e3o a tratamento de sa\u00fade.https:\/\/842bc33aef924c76799ebd8b26791943.safeframe.googlesyndication.com\/safeframe\/1-0-38\/html\/container.html?n=0<\/p>\n\n\n\n<p>A depress\u00e3o de Ariel teria sido provocada, segundo ele, devido \u00e0 morte da m\u00e3e, o assassinato da namorada, tamb\u00e9m ju\u00edza, e por problemas decorrentes de sua mudan\u00e7a para o interior do estado.<\/p>\n\n\n\n<p>J\u00e1 a demora na presta\u00e7\u00e3o jurisdicional seria resultado do ac\u00famulo de fun\u00e7\u00f5es de juiz substituto nas comarcas de Tabapor\u00e3 e Porto dos Ga\u00fachos.<\/p>\n\n\n\n<p>Metropoles<\/p>\n","protected":false},"excerpt":{"rendered":"<p>A ministra do Supremo Tribunal Federal (STF)\u00a0Rosa Weber\u00a0negou pedido do juiz Ariel Rocha Ramos para ser reintegrado ao Tribunal de Justi\u00e7a do Mato Grosso (TJMT). Ele foi demitido do cargo em dezembro de 2014 ap\u00f3s comparecer ao F\u00f3rum de Tabapor\u00e3, no interior do estado, a 679 quil\u00f4metros ao norte de Cuiab\u00e1 (MT), sob o efeito<br \/><a class=\"more-link\" href=\"https:\/\/justicapotiguar.com.br\/index.php\/2021\/04\/26\/rosa-weber-mantem-demissao-de-juiz-que-trabalhou-alcoolizado-em-mt\/\">Mais&#8230;<\/a><\/p>\n","protected":false},"author":5,"featured_media":6131,"comment_status":"open","ping_status":"open","sticky":false,"template":"","format":"standard","meta":[],"categories":[3],"tags":[],"_links":{"self":[{"href":"https:\/\/justicapotiguar.com.br\/index.php\/wp-json\/wp\/v2\/posts\/18370"}],"collection":[{"href":"https:\/\/justicapotiguar.com.br\/index.php\/wp-json\/wp\/v2\/posts"}],"about":[{"href":"https:\/\/justicapotiguar.com.br\/index.php\/wp-json\/wp\/v2\/types\/post"}],"author":[{"embeddable":true,"href":"https:\/\/justicapotiguar.com.br\/index.php\/wp-json\/wp\/v2\/users\/5"}],"replies":[{"embeddable":true,"href":"https:\/\/justicapotiguar.com.br\/index.php\/wp-json\/wp\/v2\/comments?post=18370"}],"version-history":[{"count":1,"href":"https:\/\/justicapotiguar.com.br\/index.php\/wp-json\/wp\/v2\/posts\/18370\/revisions"}],"predecessor-version":[{"id":18371,"href":"https:\/\/justicapotiguar.com.br\/index.php\/wp-json\/wp\/v2\/posts\/18370\/revisions\/18371"}],"wp:featuredmedia":[{"embeddable":true,"href":"https:\/\/justicapotiguar.com.br\/index.php\/wp-json\/wp\/v2\/media\/6131"}],"wp:attachment":[{"href":"https:\/\/justicapotiguar.com.br\/index.php\/wp-json\/wp\/v2\/media?parent=18370"}],"wp:term":[{"taxonomy":"category","embeddable":true,"href":"https:\/\/justicapotiguar.com.br\/index.php\/wp-json\/wp\/v2\/categories?post=18370"},{"taxonomy":"post_tag","embeddable":true,"href":"https:\/\/justicapotiguar.com.br\/index.php\/wp-json\/wp\/v2\/tags?post=18370"}],"curies":[{"name":"wp","href":"https:\/\/api.w.org\/{rel}","templated":true}]}}